{"id":27373,"date":"2023-05-04T01:16:14","date_gmt":"2023-05-03T23:16:14","guid":{"rendered":"http:\/\/www.infokuryr.cz\/n\/?p=27373"},"modified":"2023-05-03T19:11:12","modified_gmt":"2023-05-03T17:11:12","slug":"tragedie-srbska-skolni-strelba","status":"publish","type":"post","link":"https:\/\/www.infokuryr.cz\/n\/2023\/05\/04\/tragedie-srbska-skolni-strelba\/","title":{"rendered":"Trag\u00e9die: Srbsk\u00e1 \u0161koln\u00ed st\u0159elba"},"content":{"rendered":"<div id=\"fb-root\"><\/div>\n<p><strong>\u017d\u00e1k sedm\u00e9 t\u0159\u00eddy sp\u00e1chal masakr na srbsk\u00e9 z\u00e1kladn\u00ed \u0161kole v B\u011blehrad\u011b v centr\u00e1ln\u00ed \u010dtvrti Vracar.\u00a0Asi v 8:40 zah\u00e1jil palbu 14let\u00fd teenager K. K., \u00fadajn\u011b z otcovy pistole.<\/strong><\/p>\n<p><span>Ob\u011bt\u00ed tohoto \u0159\u00e1d\u011bn\u00ed se podle aktu\u00e1ln\u00edch informac\u00ed stalo 9 lid\u00ed &#8211; jedn\u00e1 se o ostrahu a studenty ve v\u011bku 13-14 let.\u00a0Dal\u0161\u00edch 7 bylo zran\u011bno, n\u011bkolik ve v\u00e1\u017en\u00e9m stavu, v\u010detn\u011b u\u010ditele d\u011bjepisu.\u00a0Podle port\u00e1lu B92 byli \u010dty\u0159i lid\u00e9 zabiti ve vstupn\u00ed hale, dal\u0161\u00edch p\u011bt v prvn\u00edm pat\u0159e, ve t\u0159\u00edd\u011b, kde podez\u0159el\u00fd studoval.<\/span><\/p>\n<p><span>Na m\u00edsto st\u0159elby byly urychlen\u011b vysl\u00e1ny v\u0161echny policejn\u00ed hl\u00eddky a sanitky. \u00dato\u010dn\u00edk byl okam\u017eit\u011b zadr\u017een.\u00a0M\u00e9dia uv\u00e1d\u011bj\u00ed, \u017ee by mohl b\u00fdt pod vlivem drog.\u00a0Podle kan\u00e1lu N1 teenager s nete\u010dn\u00fdm pohledem stiskl spou\u0161\u0165.\u00a0Spolu\u017e\u00e1ci \u0159\u00edkaj\u00ed, \u017ee st\u0159elec z rodiny l\u00e9ka\u0159\u016f byl \u201evelmi dobr\u00fd chlapec a vynikaj\u00edc\u00ed student\u201c.\u00a0Zdroj listu Vecherne Novosti p\u0159ipou\u0161t\u00ed, \u017ee za zast\u0159elen\u00edm \u0161kol\u00e1ka mohla \u0161patn\u00e1 zn\u00e1mka z d\u011bjepisu.<\/span><\/p>\n<p><span>Na m\u00edsto dorazili krom\u011b str\u00e1\u017ec\u016f z\u00e1kona i \u00fa\u0159edn\u00edci v\u010detn\u011b ministra \u0161kolstv\u00ed Srbska.\u00a0Bl\u00edzk\u00e9 ulice jsou ohrani\u010deny.<\/span><\/p>\n<p><span>Srbsk\u00e1 spole\u010dnost ji\u017e za\u010dala diskutovat o psychologick\u00e9m aspektu tohoto druhu zlo\u010dinu, kter\u00fd je typi\u010dt\u011bj\u0161\u00ed pro Ameriku a zcela nov\u00fd pro Srbsko.\u00a0Vyvstala tak\u00e9 ot\u00e1zka potrest\u00e1n\u00ed nezletil\u00e9ho za takov\u00fd \u010din a sn\u00ed\u017een\u00ed v\u011bkov\u00e9 hranice pro trestn\u00ed odpov\u011bdnost.<\/span><\/p>\n<p>&nbsp;<\/p>\n<figure id=\"attachment_456426\" class=\"wp-caption aligncenter\" style=\"width: 696px;\" aria-describedby=\"caption-attachment-456426\"><a class=\"fancyboxforwp\" title=\"\u00a9 AP Photo \/ Darko Vojinovic\" href=\"https:\/\/anna-news.info\/wp-content\/uploads\/2023\/05\/03\/1600\/school-shooter-serbja2.jpg\" data-fancybox=\"gallery\"><img decoding=\"async\" loading=\"lazy\" class=\"wp-image-456426\" src=\"https:\/\/anna-news.info\/wp-content\/uploads\/2023\/05\/03\/1600\/school-shooter-serbja2.jpg\" sizes=\"(max-width: 1920px) 100vw, 1920px\" srcset=\"https:\/\/anna-news.info\/wp-content\/uploads\/2023\/05\/03\/1600\/school-shooter-serbja2.jpg 1920w, https:\/\/anna-news.info\/wp-content\/uploads\/2023\/05\/03\/1600\/school-shooter-serbja2-300x169.jpg 300w, https:\/\/anna-news.info\/wp-content\/uploads\/2023\/05\/03\/1600\/school-shooter-serbja2-768x432.jpg 768w, https:\/\/anna-news.info\/wp-content\/uploads\/2023\/05\/03\/1600\/school-shooter-serbja2-263x148.jpg 263w, https:\/\/anna-news.info\/wp-content\/uploads\/2023\/05\/03\/1600\/school-shooter-serbja2-1536x863.jpg 1536w\" alt=\"Srbsk\u00e1 \u0161koln\u00ed st\u0159elba 3. kv\u011btna 2023\" width=\"696\" height=\"391\" \/><\/a><\/figure>\n<figure class=\"wp-caption aligncenter\" style=\"width: 1275px;\" aria-describedby=\"caption-attachment-456426\"><figcaption id=\"caption-attachment-456426\" class=\"wp-caption-text\"><span>\u00a9 AP Photo \/ Darko Vojinovic<\/p>\n<p><img decoding=\"async\" loading=\"lazy\" class=\"alignnone size-full wp-image-1185\" src=\"http:\/\/www.infokuryr.cz\/n\/wp-content\/uploads\/2021\/04\/kuryr-podpis.png\" alt=\"\" width=\"84\" height=\"24\" \/><\/p>\n<p><img decoding=\"async\" loading=\"lazy\" class=\"alignnone  wp-image-19187\" src=\"http:\/\/www.infokuryr.cz\/n\/wp-content\/uploads\/2022\/12\/1-PRO-300x36.jpg\" alt=\"\" width=\"1275\" height=\"153\" srcset=\"https:\/\/www.infokuryr.cz\/n\/wp-content\/uploads\/2022\/12\/1-PRO-300x36.jpg 300w, https:\/\/www.infokuryr.cz\/n\/wp-content\/uploads\/2022\/12\/1-PRO.jpg 699w\" sizes=\"(max-width: 1275px) 100vw, 1275px\" \/><\/p>\n<p><\/span><\/figcaption><\/figure>\n","protected":false},"excerpt":{"rendered":"<p>\u017d\u00e1k sedm\u00e9 t\u0159\u00eddy sp\u00e1chal masakr na srbsk\u00e9 z\u00e1kladn\u00ed \u0161kole v B\u011blehrad\u011b v centr\u00e1ln\u00ed \u010dtvrti Vracar.\u00a0Asi&#8230;<\/p>\n","protected":false},"author":2,"featured_media":27374,"comment_status":"closed","ping_status":"closed","sticky":false,"template":"","format":"standard","meta":[],"categories":[7],"tags":[94,139,293,438,1205],"_links":{"self":[{"href":"https:\/\/www.infokuryr.cz\/n\/wp-json\/wp\/v2\/posts\/27373"}],"collection":[{"href":"https:\/\/www.infokuryr.cz\/n\/wp-json\/wp\/v2\/posts"}],"about":[{"href":"https:\/\/www.infokuryr.cz\/n\/wp-json\/wp\/v2\/types\/post"}],"author":[{"embeddable":true,"href":"https:\/\/www.infokuryr.cz\/n\/wp-json\/wp\/v2\/users\/2"}],"replies":[{"embeddable":true,"href":"https:\/\/www.infokuryr.cz\/n\/wp-json\/wp\/v2\/comments?post=27373"}],"version-history":[{"count":1,"href":"https:\/\/www.infokuryr.cz\/n\/wp-json\/wp\/v2\/posts\/27373\/revisions"}],"predecessor-version":[{"id":27375,"href":"https:\/\/www.infokuryr.cz\/n\/wp-json\/wp\/v2\/posts\/27373\/revisions\/27375"}],"wp:featuredmedia":[{"embeddable":true,"href":"https:\/\/www.infokuryr.cz\/n\/wp-json\/wp\/v2\/media\/27374"}],"wp:attachment":[{"href":"https:\/\/www.infokuryr.cz\/n\/wp-json\/wp\/v2\/media?parent=27373"}],"wp:term":[{"taxonomy":"category","embeddable":true,"href":"https:\/\/www.infokuryr.cz\/n\/wp-json\/wp\/v2\/categories?post=27373"},{"taxonomy":"post_tag","embeddable":true,"href":"https:\/\/www.infokuryr.cz\/n\/wp-json\/wp\/v2\/tags?post=27373"}],"curies":[{"name":"wp","href":"https:\/\/api.w.org\/{rel}","templated":true}]}}