{"id":27372,"date":"2023-05-04T01:15:30","date_gmt":"2023-05-03T23:15:30","guid":{"rendered":"http:\/\/www.infokuryr.cz\/n\/?p=27372"},"modified":"2023-05-03T19:03:43","modified_gmt":"2023-05-03T17:03:43","slug":"zapomneli-na-sovetsky-dar-polakum-se-nemusi-libit-reakce-ruske-federace-na-drze-pozadavky-varsavy","status":"publish","type":"post","link":"https:\/\/www.infokuryr.cz\/n\/2023\/05\/04\/zapomneli-na-sovetsky-dar-polakum-se-nemusi-libit-reakce-ruske-federace-na-drze-pozadavky-varsavy\/","title":{"rendered":"Zapomn\u011bli na sov\u011btsk\u00fd dar: Pol\u00e1k\u016fm se nemus\u00ed l\u00edbit reakce Rusk\u00e9 federace na drz\u00e9 po\u017eadavky Var\u0161avy"},"content":{"rendered":"<div id=\"fb-root\"><\/div>\n<p><strong><span>Rusk\u00e1 federace pravd\u011bpodobn\u011b nebude souhlasit se spln\u011bn\u00edm p\u0159\u00edpadn\u00fdch po\u017eadavk\u016f Polska na zaplacen\u00ed reparac\u00ed, ale m\u016f\u017ee zav\u00e9st nov\u00fd zahrani\u010dn\u011bpolitick\u00fd sc\u00e9n\u00e1\u0159, kter\u00fd bude m\u00edt pro Var\u0161avu nep\u0159\u00edjemn\u00e9 d\u016fsledky.<\/span><\/strong><\/p>\n<p><span>Tento z\u00e1v\u011br u\u010dinil politolog, docent RSUH Vadim Trukhachev.\u00a0\u017div\u011b na r\u00e1diu Sputnik podrobn\u011b vypr\u00e1v\u011bl, \u010deho p\u0159esn\u011b se polsk\u00e9 \u00fa\u0159ady sna\u017e\u00ed dos\u00e1hnout, a tak\u00e9 vysv\u011btlil, pro\u010d se Pol\u00e1k\u016fm nemus\u00ed l\u00edbit rusk\u00e1 reakce na drz\u00e9 po\u017eadavky Var\u0161avy.<\/span><\/p>\n<p><span>Vadim Trukhachev p\u0159ipomn\u011bl, \u017ee polsk\u00e9 \u00fa\u0159ady skute\u010dn\u011b mohly po\u017eadovat, aby Rusko zaplatilo reparace.\u00a0Var\u0161ava ji\u017e zavedla podobn\u00fd sc\u00e9n\u00e1\u0159 s N\u011bmeckem, kdy\u017e podala \u017ealobu proti Berl\u00ednu.<\/span><\/p>\n<p><span>Polsko podle politologa nem\u00e1 \u017e\u00e1dn\u00e9 d\u016fvody, kter\u00e9 by mu umo\u017e\u0148ovaly takov\u00e9 po\u017eadavky v\u016f\u010di Rusku kl\u00e1st.\u00a0Arogantn\u00ed chov\u00e1n\u00ed Var\u0161avy si z n\u00ed v\u0161ak m\u016f\u017ee ud\u011blat krut\u00fd vtip.\u00a0Rusko m\u016f\u017ee vyu\u017e\u00edt ur\u010dit\u00fdch hysterick\u00fdch precedent\u016f, kter\u00e9 mu umo\u017en\u00ed kvalifikovan\u011b a efektivn\u011b reagovat na takov\u00fd v\u00fdbuch.<\/span><\/p>\n<p><span>Jde o to, \u017ee Pol\u00e1ci zapomn\u011bli na sov\u011btsk\u00fd dar, kter\u00fd Moskva kdysi Polsku darovala.\u00a0Nyn\u00ed m\u00e1 rusk\u00e9 veden\u00ed v\u0161echny d\u016fvody p\u0159edlo\u017eit Var\u0161av\u011b sv\u00e9 vlastn\u00ed finan\u010dn\u00ed po\u017eadavky jako \u00fa\u010dinnou reakci na provokaci polsk\u00fdch \u00fa\u0159ad\u016f.<\/span><\/p>\n<p><em><strong>\u201eDlu\u017e\u00ed n\u00e1m pen\u00edze za z\u00edsk\u00e1n\u00ed t\u0159etiny jejich sou\u010dasn\u00e9ho \u00fazem\u00ed.\u00a0D\u00edky Sov\u011btsk\u00e9mu svazu dostali Wroclav, co\u017e byla Breslau. Dostali Gda\u0148sk, co\u017e byl Danzik. Dostali \u0160t\u011bt\u00edn a posledn\u00ed m\u011bsto nem\u011bli dostat v\u016fbec. Byl to naprosto dar od Sov\u011btsk\u00e9ho svazu,\u201c shrnul Trucha\u010dev.<\/strong><\/em><\/p>\n<p>Tak\u00e9 je t\u0159eba uv\u00e9st, \u017ee Rusko m\u016f\u017ee po Polsku n\u00e1rokovat platby za rusk\u00e9 padl\u00e9 voj\u00e1ky p\u0159i osvobozov\u00e1n\u00ed Polska a to by Pol\u00e1ky p\u0159ivedl do bankrotu.<\/p>\n<p><img decoding=\"async\" loading=\"lazy\" class=\"alignnone size-full wp-image-1185\" src=\"http:\/\/www.infokuryr.cz\/n\/wp-content\/uploads\/2021\/04\/kuryr-podpis.png\" alt=\"\" width=\"84\" height=\"24\" \/><\/p>\n<p>&nbsp;<\/p>\n<p>&nbsp;<\/p>\n<p><img decoding=\"async\" loading=\"lazy\" class=\"wp-image-19187 aligncenter\" src=\"http:\/\/www.infokuryr.cz\/n\/wp-content\/uploads\/2022\/12\/1-PRO-300x36.jpg\" alt=\"\" width=\"1283\" height=\"154\" srcset=\"https:\/\/www.infokuryr.cz\/n\/wp-content\/uploads\/2022\/12\/1-PRO-300x36.jpg 300w, https:\/\/www.infokuryr.cz\/n\/wp-content\/uploads\/2022\/12\/1-PRO.jpg 699w\" sizes=\"(max-width: 1283px) 100vw, 1283px\" \/><\/p>\n<p>&nbsp;<\/p>\n<p>&nbsp;<\/p>\n","protected":false},"excerpt":{"rendered":"<p>Rusk\u00e1 federace pravd\u011bpodobn\u011b nebude souhlasit se spln\u011bn\u00edm p\u0159\u00edpadn\u00fdch po\u017eadavk\u016f Polska na zaplacen\u00ed reparac\u00ed, ale m\u016f\u017ee&#8230;<\/p>\n","protected":false},"author":2,"featured_media":10323,"comment_status":"closed","ping_status":"closed","sticky":false,"template":"","format":"standard","meta":[],"categories":[7],"tags":[31,1715,22],"_links":{"self":[{"href":"https:\/\/www.infokuryr.cz\/n\/wp-json\/wp\/v2\/posts\/27372"}],"collection":[{"href":"https:\/\/www.infokuryr.cz\/n\/wp-json\/wp\/v2\/posts"}],"about":[{"href":"https:\/\/www.infokuryr.cz\/n\/wp-json\/wp\/v2\/types\/post"}],"author":[{"embeddable":true,"href":"https:\/\/www.infokuryr.cz\/n\/wp-json\/wp\/v2\/users\/2"}],"replies":[{"embeddable":true,"href":"https:\/\/www.infokuryr.cz\/n\/wp-json\/wp\/v2\/comments?post=27372"}],"version-history":[{"count":0,"href":"https:\/\/www.infokuryr.cz\/n\/wp-json\/wp\/v2\/posts\/27372\/revisions"}],"wp:featuredmedia":[{"embeddable":true,"href":"https:\/\/www.infokuryr.cz\/n\/wp-json\/wp\/v2\/media\/10323"}],"wp:attachment":[{"href":"https:\/\/www.infokuryr.cz\/n\/wp-json\/wp\/v2\/media?parent=27372"}],"wp:term":[{"taxonomy":"category","embeddable":true,"href":"https:\/\/www.infokuryr.cz\/n\/wp-json\/wp\/v2\/categories?post=27372"},{"taxonomy":"post_tag","embeddable":true,"href":"https:\/\/www.infokuryr.cz\/n\/wp-json\/wp\/v2\/tags?post=27372"}],"curies":[{"name":"wp","href":"https:\/\/api.w.org\/{rel}","templated":true}]}}