{"id":27369,"date":"2023-05-04T01:13:56","date_gmt":"2023-05-03T23:13:56","guid":{"rendered":"http:\/\/www.infokuryr.cz\/n\/?p=27369"},"modified":"2023-05-03T18:48:16","modified_gmt":"2023-05-03T16:48:16","slug":"utok-kyjevskeho-rezimu-proti-putinovi-je-utokem-na-rusko","status":"publish","type":"post","link":"https:\/\/www.infokuryr.cz\/n\/2023\/05\/04\/utok-kyjevskeho-rezimu-proti-putinovi-je-utokem-na-rusko\/","title":{"rendered":"\u00datok kyjevsk\u00e9ho re\u017eimu proti Putinovi je \u00fatokem na Rusko"},"content":{"rendered":"<div id=\"fb-root\"><\/div>\n<p class=\"lead\"><strong><a href=\"https:\/\/eadaily.com\/ru\/news\/2023\/05\/03\/kiev-predprinyal-udar-po-kremlyu-bespilotniki-byli-naceleny-na-rezidenciyu-putina\" target=\"_blank\" rel=\"noopener\">Teroristick\u00fd \u00fatok<\/a>\u00a0na rusk\u00e9ho prezidenta Vladimira Putina je \u00fatokem na Rusko.\u00a0Kyjevsk\u00fd nacistick\u00fd re\u017eim mus\u00ed b\u00fdt uzn\u00e1n jako teroristick\u00e1 organizace.\u00a0Ozn\u00e1mil to 3. kv\u011btna, p\u0159edseda St\u00e1tn\u00ed dumy Vja\u010deslav Volodin.<\/strong><\/p>\n<p><em>\u201eZelensky, vyd\u00e1vaj\u00edc\u00ed rozkazy k teroristick\u00fdm \u00fatok\u016fm, st\u00e1l na stejn\u00e9 \u00farovni jako ostatn\u00ed mezin\u00e1rodn\u00ed terorist\u00e9.\u00a0Kyjevsk\u00fd re\u017eim dnes nen\u00ed o nic m\u00e9n\u011b nebezpe\u010dn\u00fd ne\u017e Al-K\u00e1ida \u00a0(organizace\u00a0<a href=\"https:\/\/eadaily.com\/ru\/information\/banned\" target=\"_blank\" rel=\"noopener\">zak\u00e1zan\u00e1 v Rusk\u00e9 federaci<\/a>\u00a0), Jabhat al-Nusra \u00a0(organizace\u00a0<a href=\"https:\/\/eadaily.com\/ru\/information\/banned\" target=\"_blank\" rel=\"noopener\">zak\u00e1zan\u00e1 v Rusk\u00e9 federaci<\/a>\u00a0), ISIS \u00a0(organizace\u00a0<a href=\"https:\/\/eadaily.com\/ru\/information\/banned\" target=\"_blank\" rel=\"noopener\">zak\u00e1zan\u00e1 v Rusk\u00e9 federaci<\/a>\u00a0).\u00a0Jej\u00ed zlo\u010dinn\u00e9 metody jsou z\u0159ejm\u00e9 cel\u00e9mu sv\u011btov\u00e9mu spole\u010denstv\u00ed: jadern\u00e9 vyd\u00edr\u00e1n\u00ed, atent\u00e1ty na politick\u00e9 a ve\u0159ejn\u00e9 osobnosti, sabot\u00e1\u017ee a podkop\u00e1v\u00e1n\u00ed civiln\u00edch za\u0159\u00edzen\u00ed.\u00a0Nyn\u00ed do\u0161lo k pokusu o \u017eivot prezidenta na\u0161\u00ed zem\u011b,\u201c<span class=\"after-quote\">\u00a0Volodin napsal na sv\u00e9m kan\u00e1lu Telegram.<\/span><\/em><\/p>\n<p><span>Zd\u016fraznil, \u017ee \u201ekyjevsk\u00fd teroristick\u00fd re\u017eim, kter\u00fd se zmocnil cel\u00e9ho st\u00e1tu, ohro\u017euje bezpe\u010dnost Ruska, Evropy, cel\u00e9ho sv\u011bta\u201c.<\/span><\/p>\n<p><em>\u201eZ\u00e1padn\u00ed politici, kte\u0159\u00ed pumpuj\u00ed zbran\u011b Zelensk\u00e9ho re\u017eimu, si mus\u00ed uv\u011bdomit, \u017ee se stali nejen sponzory, ale tak\u00e9 p\u0159\u00edm\u00fdmi spolupachateli teroristick\u00fdch aktivit.\u00a0Se Zelensk\u00e9ho re\u017eimem nelze vyjedn\u00e1vat,\u201c<span class=\"after-quote\">\u00a0\u0159ekl poslanec.<\/span><\/em><\/p>\n<p><em>&#8222;Budeme po\u017eadovat pou\u017eit\u00ed zbran\u00ed, kter\u00e9 mohou zastavit a zni\u010dit kyjevsk\u00fd teroristick\u00fd re\u017eim,&#8220;<span class=\"after-quote\">\u00a0&#8211; uzav\u0159el p\u0159edseda St\u00e1tn\u00ed dumy.<\/span><\/em><\/p>\n<p><span>Jak uvedla m\u00e9dia<\/span><span> , podle tiskov\u00e9 slu\u017eby hlavy st\u00e1tu se \u201ev \u00fater\u00fd\u00a0ve\u010der kyjevsk\u00fd re\u017eim pokusil za\u00fato\u010dit bezpilotn\u00edmi letouny na kremelskou rezidenci prezidenta Rusk\u00e9 federace\u201c. V d\u016fsledku tohoto teroristick\u00e9ho \u010dinu nebyl Putin zran\u011bn.\u00a0Na Kreml m\u00ed\u0159ily dva drony.\u00a0V d\u016fsledku akc\u00ed arm\u00e1dy a speci\u00e1ln\u00edch slu\u017eeb s vyu\u017eit\u00edm radarov\u00fdch bojov\u00fdch syst\u00e9m\u016f byly UAV vy\u0159azeny z provozu.\u00a0Po jejich p\u00e1du a rozmet\u00e1n\u00ed \u00falomk\u016f na \u00fazem\u00ed Kremlu nedo\u0161lo k \u017e\u00e1dn\u00fdm ob\u011btem ani materi\u00e1ln\u00edm \u0161kod\u00e1m.<\/span><\/p>\n<p><span>Kreml \u00fatok ozna\u010dil za \u201epl\u00e1novan\u00fd teroristick\u00fd \u010din a pokus o atent\u00e1t na prezidenta\u201c a uvedl, \u017ee \u201erusk\u00e1 strana si vyhrazuje pr\u00e1vo p\u0159ijmout odvetn\u00e1 opat\u0159en\u00ed, kde a kdy to uzn\u00e1 za vhodn\u00e9\u201c.<\/span><\/p>\n<p><img decoding=\"async\" loading=\"lazy\" class=\"alignnone size-full wp-image-1185\" src=\"http:\/\/www.infokuryr.cz\/n\/wp-content\/uploads\/2021\/04\/kuryr-podpis.png\" alt=\"\" width=\"84\" height=\"24\" \/><\/p>\n<p>&nbsp;<\/p>\n<p>&nbsp;<\/p>\n<p><img decoding=\"async\" loading=\"lazy\" class=\"wp-image-19187 aligncenter\" src=\"http:\/\/www.infokuryr.cz\/n\/wp-content\/uploads\/2022\/12\/1-PRO-300x36.jpg\" alt=\"\" width=\"1275\" height=\"153\" srcset=\"https:\/\/www.infokuryr.cz\/n\/wp-content\/uploads\/2022\/12\/1-PRO-300x36.jpg 300w, https:\/\/www.infokuryr.cz\/n\/wp-content\/uploads\/2022\/12\/1-PRO.jpg 699w\" sizes=\"(max-width: 1275px) 100vw, 1275px\" \/><\/p>\n<p>&nbsp;<\/p>\n<p>&nbsp;<\/p>\n<p>&nbsp;<\/p>\n","protected":false},"excerpt":{"rendered":"<p>Teroristick\u00fd \u00fatok\u00a0na rusk\u00e9ho prezidenta Vladimira Putina je \u00fatokem na Rusko.\u00a0Kyjevsk\u00fd nacistick\u00fd re\u017eim mus\u00ed b\u00fdt uzn\u00e1n&#8230;<\/p>\n","protected":false},"author":2,"featured_media":27370,"comment_status":"closed","ping_status":"closed","sticky":false,"template":"","format":"standard","meta":[],"categories":[7],"tags":[468,1065,22,835,26,723],"_links":{"self":[{"href":"https:\/\/www.infokuryr.cz\/n\/wp-json\/wp\/v2\/posts\/27369"}],"collection":[{"href":"https:\/\/www.infokuryr.cz\/n\/wp-json\/wp\/v2\/posts"}],"about":[{"href":"https:\/\/www.infokuryr.cz\/n\/wp-json\/wp\/v2\/types\/post"}],"author":[{"embeddable":true,"href":"https:\/\/www.infokuryr.cz\/n\/wp-json\/wp\/v2\/users\/2"}],"replies":[{"embeddable":true,"href":"https:\/\/www.infokuryr.cz\/n\/wp-json\/wp\/v2\/comments?post=27369"}],"version-history":[{"count":0,"href":"https:\/\/www.infokuryr.cz\/n\/wp-json\/wp\/v2\/posts\/27369\/revisions"}],"wp:featuredmedia":[{"embeddable":true,"href":"https:\/\/www.infokuryr.cz\/n\/wp-json\/wp\/v2\/media\/27370"}],"wp:attachment":[{"href":"https:\/\/www.infokuryr.cz\/n\/wp-json\/wp\/v2\/media?parent=27369"}],"wp:term":[{"taxonomy":"category","embeddable":true,"href":"https:\/\/www.infokuryr.cz\/n\/wp-json\/wp\/v2\/categories?post=27369"},{"taxonomy":"post_tag","embeddable":true,"href":"https:\/\/www.infokuryr.cz\/n\/wp-json\/wp\/v2\/tags?post=27369"}],"curies":[{"name":"wp","href":"https:\/\/api.w.org\/{rel}","templated":true}]}}