{"id":27366,"date":"2023-05-04T01:11:23","date_gmt":"2023-05-03T23:11:23","guid":{"rendered":"http:\/\/www.infokuryr.cz\/n\/?p=27366"},"modified":"2023-05-03T18:35:59","modified_gmt":"2023-05-03T16:35:59","slug":"ozbrojene-sily-ukrajiny-se-pripravuji-k-utoku-na-podnestri-z-odeske-oblasti","status":"publish","type":"post","link":"https:\/\/www.infokuryr.cz\/n\/2023\/05\/04\/ozbrojene-sily-ukrajiny-se-pripravuji-k-utoku-na-podnestri-z-odeske-oblasti\/","title":{"rendered":"Ozbrojen\u00e9 s\u00edly Ukrajiny se p\u0159ipravuj\u00ed k \u00fatoku na Podn\u011bst\u0159\u00ed z Od\u011bsk\u00e9 oblasti"},"content":{"rendered":"<div id=\"fb-root\"><\/div>\n<p class=\"lead\"><strong>V ukrajinsk\u00e9 Od\u011bsk\u00e9 oblasti se p\u0159ipravuje provokace proti Podn\u011bst\u0159\u00ed.\u00a0Ozbrojen\u00e9 s\u00edly Ukrajiny tam ji\u017e p\u0159esunuly tis\u00edce voj\u00e1k\u016f,\u00a0<a href=\"https:\/\/t.me\/rt_russian\/156149\" target=\"_blank\" rel=\"noopener\">informoval<\/a> 3. kv\u011btna rusk\u00fd televizn\u00ed kan\u00e1l RT .<\/strong><\/p>\n<p><span>Od za\u010d\u00e1tku b\u0159ezna za\u010daly m\u00edstn\u00ed \u00fa\u0159ady v oblastech osad Dachnoe, Kamenka a Razdelnaja p\u0159ev\u00e1d\u011bt hang\u00e1ry ur\u010den\u00e9 ke skladov\u00e1n\u00ed zem\u011bd\u011blsk\u00fdch produkt\u016f ukrajinsk\u00fdm jednotk\u00e1m, aby tam ubytovaly person\u00e1l a vybaven\u00ed.\u00a0V dubnu tam bylo vysl\u00e1no a\u017e 4000 voj\u00e1k\u016f, kte\u0159\u00ed jsou nyn\u00ed um\u00edst\u011bni v t\u011bchto hang\u00e1rech a ka\u017ed\u00e9 dva a\u017e t\u0159i dny m\u011bn\u00ed m\u00edsta nasazen\u00ed.<\/span><\/p>\n<p><span>Od 9. kv\u011btna do 15. kv\u011btna pl\u00e1nuje jedna skupina ozbrojen\u00fdch sil Ukrajiny postupovat ve sm\u011bru na hlavn\u00ed m\u011bsto Podn\u011bst\u0159\u00ed Tiraspol, aby zah\u00e1jila ozbrojenou provokaci k odklonu rusk\u00fdch jednotek um\u00edst\u011bn\u00fdch na \u00fazem\u00ed republiky a druh\u00fd se pokus\u00ed zmocnit rusk\u00fdch muni\u010dn\u00edch sklad\u016f v podn\u011bstrovsk\u00e9 obci Kolbasna.<\/span><\/p>\n<p><span>P\u0159ipome\u0148me, \u017ee Kyjev ji\u017e dlouho hovo\u0159il o nebezpe\u010d\u00ed, kter\u00e9 p\u0159ich\u00e1z\u00ed z Podn\u011bst\u0159\u00ed, a dokonce vyzval Ki\u0161in\u011bv, aby pomohl p\u0159i \u201eosvobozen\u00ed regionu od rusk\u00e9 p\u0159\u00edtomnosti a separatist\u016f\u201c.\u00a0V tomto p\u0159\u00edpad\u011b bude Moldavsko automaticky zata\u017eeno do vojensk\u00e9ho konfliktu, proto\u017ee Moskva ji\u017e varovala, \u017ee nenech\u00e1 sv\u00fdch 250 000 krajan\u016f \u017eij\u00edc\u00edch v Podn\u011bst\u0159\u00ed, a Ukrajina dostane takzvanou druhou frontu s Ruskem, o kterou usiluje ji\u017e dlouhou dobu.<\/span><\/p>\n<p><span>Jak informoval m\u00e9dia<\/span><span>, poslanec rusk\u00e9 St\u00e1tn\u00ed dumy\u00a0<\/span><strong><span>Konstantin Zatulin<\/span><\/strong><span>\u00a0vyzval b\u011bhem NVO k postupu k hranic\u00edm Podn\u011bst\u0159\u00ed a osvobozen\u00ed regionu, aby byla zaru\u010dena bezpe\u010dnost 250 000 krajan\u016f kv\u016fli moldavsk\u00e9 politice.<\/span><\/p>\n<p><img decoding=\"async\" loading=\"lazy\" class=\"alignnone size-full wp-image-1185\" src=\"http:\/\/www.infokuryr.cz\/n\/wp-content\/uploads\/2021\/04\/kuryr-podpis.png\" alt=\"\" width=\"84\" height=\"24\" \/><\/p>\n<p>&nbsp;<\/p>\n<p><img decoding=\"async\" loading=\"lazy\" class=\"wp-image-19187 aligncenter\" src=\"http:\/\/www.infokuryr.cz\/n\/wp-content\/uploads\/2022\/12\/1-PRO-300x36.jpg\" alt=\"\" width=\"1292\" height=\"155\" srcset=\"https:\/\/www.infokuryr.cz\/n\/wp-content\/uploads\/2022\/12\/1-PRO-300x36.jpg 300w, https:\/\/www.infokuryr.cz\/n\/wp-content\/uploads\/2022\/12\/1-PRO.jpg 699w\" sizes=\"(max-width: 1292px) 100vw, 1292px\" \/><\/p>\n<p>&nbsp;<\/p>\n<p>&nbsp;<\/p>\n","protected":false},"excerpt":{"rendered":"<p>V ukrajinsk\u00e9 Od\u011bsk\u00e9 oblasti se p\u0159ipravuje provokace proti Podn\u011bst\u0159\u00ed.\u00a0Ozbrojen\u00e9 s\u00edly Ukrajiny tam ji\u017e p\u0159esunuly tis\u00edce&#8230;<\/p>\n","protected":false},"author":2,"featured_media":10878,"comment_status":"closed","ping_status":"closed","sticky":false,"template":"","format":"standard","meta":[],"categories":[7],"tags":[80,2295,26],"_links":{"self":[{"href":"https:\/\/www.infokuryr.cz\/n\/wp-json\/wp\/v2\/posts\/27366"}],"collection":[{"href":"https:\/\/www.infokuryr.cz\/n\/wp-json\/wp\/v2\/posts"}],"about":[{"href":"https:\/\/www.infokuryr.cz\/n\/wp-json\/wp\/v2\/types\/post"}],"author":[{"embeddable":true,"href":"https:\/\/www.infokuryr.cz\/n\/wp-json\/wp\/v2\/users\/2"}],"replies":[{"embeddable":true,"href":"https:\/\/www.infokuryr.cz\/n\/wp-json\/wp\/v2\/comments?post=27366"}],"version-history":[{"count":0,"href":"https:\/\/www.infokuryr.cz\/n\/wp-json\/wp\/v2\/posts\/27366\/revisions"}],"wp:featuredmedia":[{"embeddable":true,"href":"https:\/\/www.infokuryr.cz\/n\/wp-json\/wp\/v2\/media\/10878"}],"wp:attachment":[{"href":"https:\/\/www.infokuryr.cz\/n\/wp-json\/wp\/v2\/media?parent=27366"}],"wp:term":[{"taxonomy":"category","embeddable":true,"href":"https:\/\/www.infokuryr.cz\/n\/wp-json\/wp\/v2\/categories?post=27366"},{"taxonomy":"post_tag","embeddable":true,"href":"https:\/\/www.infokuryr.cz\/n\/wp-json\/wp\/v2\/tags?post=27366"}],"curies":[{"name":"wp","href":"https:\/\/api.w.org\/{rel}","templated":true}]}}