{"id":27359,"date":"2023-05-04T01:08:16","date_gmt":"2023-05-03T23:08:16","guid":{"rendered":"http:\/\/www.infokuryr.cz\/n\/?p=27359"},"modified":"2023-05-03T18:14:02","modified_gmt":"2023-05-03T16:14:02","slug":"vyznamny-predstavitel-beloruske-opozice-odsouzeny","status":"publish","type":"post","link":"https:\/\/www.infokuryr.cz\/n\/2023\/05\/04\/vyznamny-predstavitel-beloruske-opozice-odsouzeny\/","title":{"rendered":"V\u00fdznamn\u00fd p\u0159edstavitel b\u011blorusk\u00e9 opozice odsouzen\u00fd"},"content":{"rendered":"<div id=\"fb-root\"><\/div>\n<p><span style=\"font-size: 18pt;\"><strong>Roman Prota\u0161evi\u010d byl zat\u010den v roce 2021 pot\u00e9, co byl jeho let Ryanair zastaven v Minsku kv\u016fli \u00fadajn\u00e9 hrozb\u011b bombou.<\/strong><\/span><\/p>\n<p><span>B\u00fdval\u00fd redaktor b\u011blorusk\u00e9ho opozi\u010dn\u00edho kan\u00e1lu Telegram NEXTA Roman Prota\u0161evi\u010d dostal ve st\u0159edu od soudu v Minsku osmilet\u00fd trest v\u011bzen\u00ed, uvedla st\u00e1tn\u00ed tiskov\u00e1 agentura BelTa.<\/span><\/p>\n<p><span>Prota\u0161evi\u010d byl v soudn\u00ed s\u00edni pro vynesen\u00ed rozsudku a dva jeho spolupracovn\u00edci \u2013 Stepan Putilo a Yan Rudik, kte\u0159\u00ed z\u016fst\u00e1vaj\u00ed na svobod\u011b \u2013 byli v nep\u0159\u00edtomnosti odsouzeni na 20 a 19 let.<\/span><\/p>\n<p><span>Trojice za kan\u00e1lem NEXTA, kter\u00e1 se prosadila b\u011bhem vlny n\u00e1siln\u00fdch protivl\u00e1dn\u00edch protest\u016f v B\u011blorusku v letech 2020 a 2021, byla shled\u00e1na vinnou z organizov\u00e1n\u00ed masov\u00fdch nepokoj\u016f a ve\u0159ejn\u00fdch v\u00fdzev k p\u0159evzet\u00ed moci, p\u00e1ch\u00e1n\u00ed teroristick\u00fdch \u010din\u016f a dal\u0161\u00edch akc\u00ed zam\u011b\u0159en\u00fdch na p\u0159i po\u0161kozov\u00e1n\u00ed n\u00e1rodn\u00ed bezpe\u010dnosti B\u011bloruska a tak\u00e9 p\u0159i pomlouv\u00e1n\u00ed prezidenta Alexandra Luka\u0161enka, mimo jin\u00e9.<\/span><\/p>\n<p><span>Soudce \u0159ekl, \u017ee Prota\u0161evi\u010d p\u0159i vy\u0161et\u0159ov\u00e1n\u00ed spolupracoval, co\u017e se odrazilo v jeho trestu.\u00a0Dodal, \u017ee doba, kterou sedmadvacetilet\u00fd mlad\u00edk str\u00e1vil ve vy\u0161et\u0159ovac\u00ed vazb\u011b a v dom\u00e1c\u00edm v\u011bzen\u00ed, bude zapo\u010d\u00edt\u00e1na do jeho funk\u010dn\u00edho obdob\u00ed.<\/span><\/p>\n<p><span>Nepokoje za\u010daly v B\u011blorusku po prezidentsk\u00fdch volb\u00e1ch v srpnu 2020, o nich\u017e opozice tvrdila, \u017ee je zmanipuloval Luka\u0161enko.\u00a0USA a EU uvalily sankce na Minsk kv\u016fli \u00fadajn\u00fdm volebn\u00edm podvod\u016fm a z\u00e1sahu proti demonstrant\u016fm.<\/span><\/p>\n<p><span>Protesty nakonec utichly pot\u00e9, co se nepoda\u0159ilo dos\u00e1hnout \u017e\u00e1dn\u00e9ho ze sv\u00fdch c\u00edl\u016f, mnoho aktivist\u016f uteklo do zahrani\u010d\u00ed.\u00a0Luka\u0161enko trval na tom, \u017ee povst\u00e1n\u00ed bylo financov\u00e1no Z\u00e1padem, ve snaze zbavit ho moci.<\/span><\/p>\n<p><span>Zat\u010den\u00ed Prota\u0161evi\u010de, kter\u00fd operoval z Polska, se dostalo do mezin\u00e1rodn\u00edch titulk\u016f v kv\u011btnu 2021. Let spole\u010dnosti Ryanair s aktivistou byl zastaven v Minsku kv\u016fli \u00fadajn\u00e9 hrozb\u011b bombou.\u00a0Na palub\u011b nebylo objeveno \u017e\u00e1dn\u00e9 v\u00fdbu\u0161n\u00e9 za\u0159\u00edzen\u00ed a irsk\u00fd dopravce incident ozna\u010dil za\u00a0<\/span><em><span>\u201est\u00e1tem podporovan\u00e9 pir\u00e1tstv\u00ed\u201c.<\/span><\/em><\/p>\n<p><span>Prota\u0161evi\u010d a Putilo jsou na b\u011blorusk\u00e9m seznamu osob zapojen\u00fdch do teroristick\u00fdch aktivit od roku 2020. N\u00e1sleduj\u00edc\u00ed rok byla NEXTA ozna\u010dena za extremistickou organizaci v B\u011blorusku.<\/span><\/p>\n<p><span>Prota\u0161evi\u010dova p\u0159\u00edtelkyn\u011b, rusk\u00e1 ob\u010danka Sofia Sapega, kter\u00e1 s n\u00edm let\u011bla, byla v roce 2022 odsouzena k \u0161esti let\u016fm v\u011bzen\u00ed za provozov\u00e1n\u00ed kan\u00e1lu Telegram, kter\u00fd b\u011bhem protest\u016f zve\u0159ejnil osobn\u00ed \u00fadaje b\u011blorusk\u00fdch policist\u016f.\u00a0Koncem tohoto m\u011bs\u00edce bude moskevsk\u00fd soud rozhodovat o tom, zda m\u016f\u017ee b\u00fdt Sapega vyd\u00e1na do Ruska, aby si zbytek funk\u010dn\u00edho obdob\u00ed odslou\u017eila ve sv\u00e9 domovsk\u00e9 zemi.<\/span><\/p>\n<p><img decoding=\"async\" loading=\"lazy\" class=\"alignnone size-full wp-image-1185\" src=\"http:\/\/www.infokuryr.cz\/n\/wp-content\/uploads\/2021\/04\/kuryr-podpis.png\" alt=\"\" width=\"84\" height=\"24\" \/><\/p>\n<p>&nbsp;<\/p>\n<p><img decoding=\"async\" loading=\"lazy\" class=\"wp-image-19187 aligncenter\" src=\"http:\/\/www.infokuryr.cz\/n\/wp-content\/uploads\/2022\/12\/1-PRO-300x36.jpg\" alt=\"\" width=\"1283\" height=\"154\" srcset=\"https:\/\/www.infokuryr.cz\/n\/wp-content\/uploads\/2022\/12\/1-PRO-300x36.jpg 300w, https:\/\/www.infokuryr.cz\/n\/wp-content\/uploads\/2022\/12\/1-PRO.jpg 699w\" sizes=\"(max-width: 1283px) 100vw, 1283px\" \/><\/p>\n<p>&nbsp;<\/p>\n<p>&nbsp;<\/p>\n","protected":false},"excerpt":{"rendered":"<p>Roman Prota\u0161evi\u010d byl zat\u010den v roce 2021 pot\u00e9, co byl jeho let Ryanair zastaven v&#8230;<\/p>\n","protected":false},"author":2,"featured_media":27360,"comment_status":"closed","ping_status":"closed","sticky":false,"template":"","format":"standard","meta":[],"categories":[7],"tags":[150,4894,324],"_links":{"self":[{"href":"https:\/\/www.infokuryr.cz\/n\/wp-json\/wp\/v2\/posts\/27359"}],"collection":[{"href":"https:\/\/www.infokuryr.cz\/n\/wp-json\/wp\/v2\/posts"}],"about":[{"href":"https:\/\/www.infokuryr.cz\/n\/wp-json\/wp\/v2\/types\/post"}],"author":[{"embeddable":true,"href":"https:\/\/www.infokuryr.cz\/n\/wp-json\/wp\/v2\/users\/2"}],"replies":[{"embeddable":true,"href":"https:\/\/www.infokuryr.cz\/n\/wp-json\/wp\/v2\/comments?post=27359"}],"version-history":[{"count":0,"href":"https:\/\/www.infokuryr.cz\/n\/wp-json\/wp\/v2\/posts\/27359\/revisions"}],"wp:featuredmedia":[{"embeddable":true,"href":"https:\/\/www.infokuryr.cz\/n\/wp-json\/wp\/v2\/media\/27360"}],"wp:attachment":[{"href":"https:\/\/www.infokuryr.cz\/n\/wp-json\/wp\/v2\/media?parent=27359"}],"wp:term":[{"taxonomy":"category","embeddable":true,"href":"https:\/\/www.infokuryr.cz\/n\/wp-json\/wp\/v2\/categories?post=27359"},{"taxonomy":"post_tag","embeddable":true,"href":"https:\/\/www.infokuryr.cz\/n\/wp-json\/wp\/v2\/tags?post=27359"}],"curies":[{"name":"wp","href":"https:\/\/api.w.org\/{rel}","templated":true}]}}