{"id":27357,"date":"2023-05-04T01:07:59","date_gmt":"2023-05-03T23:07:59","guid":{"rendered":"http:\/\/www.infokuryr.cz\/n\/?p=27357"},"modified":"2023-05-03T19:22:52","modified_gmt":"2023-05-03T17:22:52","slug":"nato-planuje-otevrit-kancelar-v-japonsku","status":"publish","type":"post","link":"https:\/\/www.infokuryr.cz\/n\/2023\/05\/04\/nato-planuje-otevrit-kancelar-v-japonsku\/","title":{"rendered":"NATO pl\u00e1nuje otev\u0159\u00edt kancel\u00e1\u0159 v Japonsku"},"content":{"rendered":"<div id=\"fb-root\"><\/div>\n<p><span style=\"font-size: 18pt;\"><strong>Vojensk\u00fd blok pod veden\u00edm USA chce podle Nikkei Asia prohloubit asijsko-pacifickou spolupr\u00e1ci<\/strong><\/span><\/p>\n<p>Japonsko a NATO se \u00fadajn\u011b sna\u017e\u00ed zv\u00fd\u0161it spolupr\u00e1ci v kyberprostoru a vojensk\u00e1 aliance veden\u00e1 USA pl\u00e1nuje otev\u0159\u00edt svou prvn\u00ed sty\u010dnou kancel\u00e1\u0159 v Tokiu, uvedla ve st\u0159edu spole\u010dnost Nikkei Asia.<\/p>\n<p>Podle listu, kter\u00fd citoval jak japonsk\u00e9 \u00fa\u0159edn\u00edky, tak p\u0159edstavitele NATO, by jedno\u010dlenn\u00e1 stanice umo\u017enila alianci prov\u00e1d\u011bt pravideln\u00e9 konzultace s Japonskem a dal\u0161\u00edmi partnery v regionu, jako je Austr\u00e1lie, Nov\u00fd Z\u00e9land a Ji\u017en\u00ed Korea.<\/p>\n<p>Nikkei uvedl, \u017ee n\u00e1vrh na otev\u0159en\u00ed sty\u010dn\u00e9ho \u00fa\u0159adu je st\u00e1le projedn\u00e1v\u00e1n pot\u00e9, co jej poprv\u00e9 vznesli japonsk\u00fd premi\u00e9r Fumio Kishida a gener\u00e1ln\u00ed tajemn\u00edk NATO Jens Stoltenberg b\u011bhem n\u00e1v\u0161t\u011bvy Tokia za\u010d\u00e1tkem leto\u0161n\u00edho roku.<\/p>\n<p>Nen\u00ed jasn\u00e9, jak budou kancel\u00e1\u0159sk\u00e9 prostory uspo\u0159\u00e1d\u00e1ny.\u00a0Port\u00e1l poznamen\u00e1v\u00e1, \u017ee podobn\u00e9 stanice NATO obvykle poskytuje hostitelsk\u00e1 zem\u011b a \u017ee pokud Tokio skon\u010d\u00ed financov\u00e1n\u00edm z\u00e1padn\u00ed vojensk\u00e9 aliance v Japonsku, znamenalo by to pro zemi novou f\u00e1zi obrann\u00e9 spolupr\u00e1ce.<\/p>\n<p>Tokio tak\u00e9 \u00fadajn\u011b pl\u00e1nuje podepsat s alianc\u00ed Individu\u00e1ln\u011b p\u0159izp\u016fsoben\u00fd program partnerstv\u00ed p\u0159ed \u010dervencov\u00fdm summitem NATO v Litv\u011b.\u00a0Japonsko a NATO \u00fadajn\u011b usiluj\u00ed o prohlouben\u00ed spolupr\u00e1ce p\u0159i \u0159e\u0161en\u00ed kybernetick\u00fdch hrozeb, koordinaci postoj\u016f k nov\u011b vznikaj\u00edc\u00edm a p\u0159evratn\u00fdm technologi\u00edm a v\u00fdm\u011bnu pozn\u00e1mek o boji proti dezinformac\u00edm, uvedl Nikkei.<\/p>\n<p>Tato zpr\u00e1va p\u0159ich\u00e1z\u00ed v dob\u011b, kdy NATO otev\u0159en\u011b nast\u00ednilo sv\u00e9 pl\u00e1ny na pos\u00edlen\u00ed spolupr\u00e1ce se sv\u00fdmi partnery v indicko-pacifick\u00e9m regionu.\u00a0Ve sv\u00e9 Strategick\u00e9 koncepci 2022 blok vysv\u011btlil pot\u0159ebu vytv\u00e1\u0159et nov\u00e1 spojenectv\u00ed poukazem na\u00a0<em>\u201esyst\u00e9mov\u00e9 v\u00fdzvy\u201c<\/em>\u00a0pro euroatlantickou bezpe\u010dnost, kter\u00e9 p\u0159edstavuj\u00ed \u010c\u00edna a Rusko, p\u0159i\u010dem\u017e Moskva je ozna\u010dena za\u00a0<em>\u201enejv\u00fdznamn\u011bj\u0161\u00ed a p\u0159\u00edmou hrozbu\u201c<\/em>\u00a0pro NATO.<\/p>\n<p>Pokusy bloku roz\u0161\u00ed\u0159it sv\u016fj vliv do Asie ji\u017e vyvolaly kritiku ze strany Moskvy i Pekingu.\u00a0V b\u0159eznu rusk\u00fd prezident Vladimir Putin odp\u00e1lil snahu o vytvo\u0159en\u00ed\u00a0<em>\u201eglob\u00e1ln\u00edho NATO\u201c<\/em>\u00a0a prohl\u00e1sil, \u017ee se podob\u00e1 akc\u00edm nacistick\u00e9ho N\u011bmecka, It\u00e1lie a Japonska ve 30. letech 20. stolet\u00ed.<\/p>\n<p>\u010c\u00edna mezit\u00edm tak\u00e9 odsoudila Strategick\u00fd koncept NATO a tvrdila, \u017ee je pln\u00fd zkreslen\u00fdch fakt\u016f a poskvrn\u011bn\u00fd mentalitou studen\u00e9 v\u00e1lky, kter\u00e1 \u0161pin\u00ed pekingskou zahrani\u010dn\u00ed politiku.<\/p>\n<p><img decoding=\"async\" loading=\"lazy\" class=\"alignnone size-full wp-image-1185\" src=\"http:\/\/www.infokuryr.cz\/n\/wp-content\/uploads\/2021\/04\/kuryr-podpis.png\" alt=\"\" width=\"84\" height=\"24\" \/><\/p>\n<p>&nbsp;<\/p>\n<p><img decoding=\"async\" loading=\"lazy\" class=\"wp-image-19187 aligncenter\" src=\"http:\/\/www.infokuryr.cz\/n\/wp-content\/uploads\/2022\/12\/1-PRO-300x36.jpg\" alt=\"\" width=\"1267\" height=\"152\" srcset=\"https:\/\/www.infokuryr.cz\/n\/wp-content\/uploads\/2022\/12\/1-PRO-300x36.jpg 300w, https:\/\/www.infokuryr.cz\/n\/wp-content\/uploads\/2022\/12\/1-PRO.jpg 699w\" sizes=\"(max-width: 1267px) 100vw, 1267px\" \/><\/p>\n<p>&nbsp;<\/p>\n<p>&nbsp;<\/p>\n","protected":false},"excerpt":{"rendered":"<p>Vojensk\u00fd blok pod veden\u00edm USA chce podle Nikkei Asia prohloubit asijsko-pacifickou spolupr\u00e1ci Japonsko a NATO&#8230;<\/p>\n","protected":false},"author":2,"featured_media":27358,"comment_status":"closed","ping_status":"closed","sticky":false,"template":"","format":"standard","meta":[],"categories":[7],"tags":[105,4033,39],"_links":{"self":[{"href":"https:\/\/www.infokuryr.cz\/n\/wp-json\/wp\/v2\/posts\/27357"}],"collection":[{"href":"https:\/\/www.infokuryr.cz\/n\/wp-json\/wp\/v2\/posts"}],"about":[{"href":"https:\/\/www.infokuryr.cz\/n\/wp-json\/wp\/v2\/types\/post"}],"author":[{"embeddable":true,"href":"https:\/\/www.infokuryr.cz\/n\/wp-json\/wp\/v2\/users\/2"}],"replies":[{"embeddable":true,"href":"https:\/\/www.infokuryr.cz\/n\/wp-json\/wp\/v2\/comments?post=27357"}],"version-history":[{"count":0,"href":"https:\/\/www.infokuryr.cz\/n\/wp-json\/wp\/v2\/posts\/27357\/revisions"}],"wp:featuredmedia":[{"embeddable":true,"href":"https:\/\/www.infokuryr.cz\/n\/wp-json\/wp\/v2\/media\/27358"}],"wp:attachment":[{"href":"https:\/\/www.infokuryr.cz\/n\/wp-json\/wp\/v2\/media?parent=27357"}],"wp:term":[{"taxonomy":"category","embeddable":true,"href":"https:\/\/www.infokuryr.cz\/n\/wp-json\/wp\/v2\/categories?post=27357"},{"taxonomy":"post_tag","embeddable":true,"href":"https:\/\/www.infokuryr.cz\/n\/wp-json\/wp\/v2\/tags?post=27357"}],"curies":[{"name":"wp","href":"https:\/\/api.w.org\/{rel}","templated":true}]}}