{"id":27353,"date":"2023-05-04T01:03:49","date_gmt":"2023-05-03T23:03:49","guid":{"rendered":"http:\/\/www.infokuryr.cz\/n\/?p=27353"},"modified":"2023-05-03T17:54:46","modified_gmt":"2023-05-03T15:54:46","slug":"mmf-cinsky-prispevek-ke-globalnimu-hospodarskemu-rustu-v-oblasti-asie-a-tichomori-se-umisti-na-prvnim-miste","status":"publish","type":"post","link":"https:\/\/www.infokuryr.cz\/n\/2023\/05\/04\/mmf-cinsky-prispevek-ke-globalnimu-hospodarskemu-rustu-v-oblasti-asie-a-tichomori-se-umisti-na-prvnim-miste\/","title":{"rendered":"MMF: \u010c\u00ednsk\u00fd p\u0159\u00edsp\u011bvek ke glob\u00e1ln\u00edmu hospod\u00e1\u0159sk\u00e9mu r\u016fstu v oblasti Asie a Tichomo\u0159\u00ed se um\u00edst\u00ed na prvn\u00edm m\u00edst\u011b"},"content":{"rendered":"<div id=\"fb-root\"><\/div>\n<p>Mezin\u00e1rodn\u00ed m\u011bnov\u00fd fond (MMF) v \u00fater\u00fd vydal Zpr\u00e1vu o ekonomick\u00e9m v\u00fdhledu v Asii a Tichomo\u0159\u00ed. Ve zpr\u00e1v\u011b se uv\u00e1d\u00ed, \u017ee na pozad\u00ed sou\u010dasn\u00e9ho glob\u00e1ln\u00edho zp\u0159\u00edsn\u011bn\u00e9ho finan\u010dn\u00edho prost\u0159ed\u00ed a v situaci hospod\u00e1\u0159sk\u00e9 deprese kv\u016fli vysok\u00e9 inflaci a bankovn\u00ed krizi ve Spojen\u00fdch st\u00e1tech a Evrop\u011b, poskytuje siln\u00e9 o\u017eiven\u00ed \u010d\u00ednsk\u00e9 ekonomiky hybnou s\u00edlu pro asijsko-pacifickou a glob\u00e1ln\u00ed ekonomiku.<\/p>\n<p>\u010c\u00edna a Indie budou podporovat hospod\u00e1\u0159sk\u00fd r\u016fst v oblasti Asie a Tichomo\u0159\u00ed v roce 2023 na \u00farove\u0148 4,6 procenta, co\u017e p\u0159es\u00e1hne 3,8-procentn\u00ed r\u016fst v roce 2022. Tato p\u0159edpov\u011b\u010f p\u0159edstavuje zv\u00fd\u0161en\u00ed o 0,3 procenta ve srovn\u00e1n\u00ed se Zpr\u00e1vou o sv\u011btov\u00e9m ekonomick\u00e9m v\u00fdhledu vydanou MMF v \u0159\u00edjnu 2022.<\/p>\n<p>To tak\u00e9 znamen\u00e1, \u017ee p\u0159\u00edsp\u011bvek oblasti Asie a Tichomo\u0159\u00ed ke glob\u00e1ln\u00edmu hospod\u00e1\u0159sk\u00e9mu r\u016fstu dos\u00e1hne v roce 2023 p\u0159ibli\u017en\u011b 70 procent, a \u010d\u00ednsk\u00fd p\u0159\u00edsp\u011bvek ke glob\u00e1ln\u00edmu hospod\u00e1\u0159sk\u00e9mu r\u016fstu v oblasti Asie a Tichomo\u0159\u00ed se um\u00edst\u00ed na prvn\u00edm m\u00edst\u011b.<\/p>\n<p><img decoding=\"async\" loading=\"lazy\" class=\"alignnone size-full wp-image-1185\" src=\"http:\/\/www.infokuryr.cz\/n\/wp-content\/uploads\/2021\/04\/kuryr-podpis.png\" alt=\"\" width=\"84\" height=\"24\" \/><\/p>\n<p>&nbsp;<\/p>\n<p><img decoding=\"async\" loading=\"lazy\" class=\"wp-image-19187 aligncenter\" src=\"http:\/\/www.infokuryr.cz\/n\/wp-content\/uploads\/2022\/12\/1-PRO-300x36.jpg\" alt=\"\" width=\"1283\" height=\"154\" srcset=\"https:\/\/www.infokuryr.cz\/n\/wp-content\/uploads\/2022\/12\/1-PRO-300x36.jpg 300w, https:\/\/www.infokuryr.cz\/n\/wp-content\/uploads\/2022\/12\/1-PRO.jpg 699w\" sizes=\"(max-width: 1283px) 100vw, 1283px\" \/><\/p>\n<p>&nbsp;<\/p>\n<p>&nbsp;<\/p>\n","protected":false},"excerpt":{"rendered":"<p>Mezin\u00e1rodn\u00ed m\u011bnov\u00fd fond (MMF) v \u00fater\u00fd vydal Zpr\u00e1vu o ekonomick\u00e9m v\u00fdhledu v Asii a Tichomo\u0159\u00ed&#8230;.<\/p>\n","protected":false},"author":2,"featured_media":529,"comment_status":"closed","ping_status":"closed","sticky":false,"template":"","format":"standard","meta":[],"categories":[7],"tags":[30,59,1504,724],"_links":{"self":[{"href":"https:\/\/www.infokuryr.cz\/n\/wp-json\/wp\/v2\/posts\/27353"}],"collection":[{"href":"https:\/\/www.infokuryr.cz\/n\/wp-json\/wp\/v2\/posts"}],"about":[{"href":"https:\/\/www.infokuryr.cz\/n\/wp-json\/wp\/v2\/types\/post"}],"author":[{"embeddable":true,"href":"https:\/\/www.infokuryr.cz\/n\/wp-json\/wp\/v2\/users\/2"}],"replies":[{"embeddable":true,"href":"https:\/\/www.infokuryr.cz\/n\/wp-json\/wp\/v2\/comments?post=27353"}],"version-history":[{"count":0,"href":"https:\/\/www.infokuryr.cz\/n\/wp-json\/wp\/v2\/posts\/27353\/revisions"}],"wp:featuredmedia":[{"embeddable":true,"href":"https:\/\/www.infokuryr.cz\/n\/wp-json\/wp\/v2\/media\/529"}],"wp:attachment":[{"href":"https:\/\/www.infokuryr.cz\/n\/wp-json\/wp\/v2\/media?parent=27353"}],"wp:term":[{"taxonomy":"category","embeddable":true,"href":"https:\/\/www.infokuryr.cz\/n\/wp-json\/wp\/v2\/categories?post=27353"},{"taxonomy":"post_tag","embeddable":true,"href":"https:\/\/www.infokuryr.cz\/n\/wp-json\/wp\/v2\/tags?post=27353"}],"curies":[{"name":"wp","href":"https:\/\/api.w.org\/{rel}","templated":true}]}}