{"id":27346,"date":"2023-05-04T00:59:22","date_gmt":"2023-05-03T22:59:22","guid":{"rendered":"http:\/\/www.infokuryr.cz\/n\/?p=27346"},"modified":"2023-05-03T17:33:07","modified_gmt":"2023-05-03T15:33:07","slug":"pokus-o-atentat-na-putina-ukrajina-strili-z-dronu-na-kreml","status":"publish","type":"post","link":"https:\/\/www.infokuryr.cz\/n\/2023\/05\/04\/pokus-o-atentat-na-putina-ukrajina-strili-z-dronu-na-kreml\/","title":{"rendered":"Pokus o atent\u00e1t na Putina: Ukrajina st\u0159\u00edl\u00ed z dron\u016f na Kreml"},"content":{"rendered":"<div id=\"fb-root\"><\/div>\n<div><span style=\"font-size: 18pt;\"><strong>V noci byly na Kreml vyst\u0159eleny bezpilotn\u00ed letouny, ale byly zachyceny.\u00a0Rusko obvi\u0148uje Kyjev, \u017ee cht\u011bl t\u00edmto teroristick\u00fdm \u00fatokem zab\u00edt rusk\u00e9ho prezidenta Putina.<\/strong><\/span><\/div>\n<div class=\"article__content\">\n<p><span>Kreml vydal kr\u00e1tkou\u00a0<\/span><a href=\"http:\/\/kremlin.ru\/events\/president\/news\/71091\" target=\"_blank\" rel=\"noreferrer noopener\"><span>tiskovou zpr\u00e1vu<\/span><\/a><span>\u00a0, kterou jsem p\u0159elo\u017eil.\u00a0Nejprve tedy text tiskov\u00e9 zpr\u00e1vy a n\u00e1sledn\u011b p\u00e1r dal\u0161\u00edch informac\u00ed.<\/span><\/p>\n<p><em><strong>Za\u010d\u00e1tek p\u0159ekladu:<\/strong><\/em><\/p>\n<p><em>Kyjevsk\u00fd re\u017eim v noci na dne\u0161ek provedl pokus o \u00fatok dronem na kremelskou rezidenci prezidenta Rusk\u00e9 federace.<\/em><\/p>\n<p><em>Dva drony zam\u00ed\u0159ily na Kreml.\u00a0V d\u016fsledku v\u010dasn\u00e9ho z\u00e1sahu arm\u00e1dy a zpravodajsk\u00fdch slu\u017eeb pomoc\u00ed radarov\u00fdch \u0159\u00eddic\u00edch syst\u00e9m\u016f byly drony vy\u0159azeny z provozu.\u00a0P\u00e1d dron\u016f a rozmet\u00e1n\u00ed \u00falomk\u016f na \u00fazem\u00ed Kremlu si nevy\u017e\u00e1daly \u017e\u00e1dn\u00e9 ob\u011bti a \u0161kody na majetku.<\/em><\/p>\n<p><em>Tuto akci pova\u017eujeme za pl\u00e1novan\u00fd teroristick\u00fd \u00fatok na prezident\u016fv \u017eivot, kter\u00fd byl proveden p\u0159ed p\u0159ehl\u00eddkou Dne v\u00edt\u011bzstv\u00ed 9. kv\u011btna, kter\u00e9 se z\u00fa\u010dastn\u00ed i zahrani\u010dn\u00ed host\u00e9.<\/em><\/p>\n<p><em>Prezident nebyl p\u0159i tomto teroristick\u00e9m \u00fatoku zran\u011bn.\u00a0Jeho pracovn\u00ed re\u017eim se nezm\u011bnil, bude pokra\u010dovat jako obvykle.<\/em><\/p>\n<p><em>Rusk\u00e1 strana si vyhrazuje pr\u00e1vo na odvetu, kde a kdy to uzn\u00e1 za vhodn\u00e9.<\/em><\/p>\n<p><em><strong>konec p\u0159ekladu<\/strong><\/em><\/p>\n<p><span>Rusko se zat\u00edm p\u0159i \u00fatoc\u00edch na c\u00edle na Ukrajin\u011b ukrajinsk\u00fdm p\u0159edstavitel\u016fm z\u00e1m\u011brn\u011b vyh\u00fdbalo.\u00a0Rusk\u00e1 arm\u00e1da samoz\u0159ejm\u011b v\u00ed, kde jsou a kde \u017eij\u00ed ukrajin\u0161t\u00ed minist\u0159i, vysoc\u00ed \u00fa\u0159edn\u00edci a vojensk\u00fd person\u00e1l i prezident Zelenskij.\u00a0Jejich pr\u00e1ce, tedy ministerstva nebo ukrajinsk\u00fd prezidentsk\u00fd pal\u00e1c, jsou uvedeny na ka\u017ed\u00e9 map\u011b m\u011bsta Kyjeva.<\/span><\/p>\n<p><span>Navzdory tomu Rusko dosud na tyto c\u00edle neza\u00fato\u010dilo.\u00a0Zda se to nyn\u00ed zm\u011bn\u00ed, se teprve uvid\u00ed.<\/span><\/p>\n<p><span>P\u0159ed m\u011bs\u00edci b\u00fdval\u00fd izraelsk\u00fd premi\u00e9r Naftali Bennett v rozhovoru \u0159ekl, jak se ho zeptal Zelenskij, kter\u00fd se na za\u010d\u00e1tku rusk\u00e9 operace ob\u00e1val rusk\u00e9ho \u00fatoku na sv\u016fj \u017eivot, a proto se ukryl v bunkru, aby zjistil, zda Rusov\u00e9 pl\u00e1nuj\u00ed \u00fatok na n\u011bj osobn\u011b. Putin pot\u00e9 Bennetta ujistil, \u017ee Rusko nepl\u00e1nuje \u00fatok na Zelensk\u00e9ho, na\u010de\u017e se Zelensk\u00e9mu velmi ulevilo.<\/span><\/p>\n<p><span>Existuje (nebo bych m\u011bl \u0159\u00edci \u201ebyl\u201c?), v\u00edm to z prvn\u00ed ruky na Donbasu, neofici\u00e1ln\u00ed dohoda, \u017ee se nebudou \u00fato\u010dit na s\u00eddla p\u0159edn\u00edch politik\u016f, proto\u017ee Ukrajina si je samoz\u0159ejm\u011b v\u011bdoma toho, kde nap\u0159\u00edklad \u0161\u00e9fov\u00e9 Don\u011bcka a Lugansk\u00e9 lidov\u00e9 republiky maj\u00ed sv\u00e9 domovy.\u00a0To v\u0161ak nebylo nikdy napadeno.<\/span><\/p>\n<p><strong>V Rusku u\u017e rok existuje vtip:<\/strong><\/p>\n<p><em>\u201ePro\u010d rusk\u00e1 arm\u00e1da ne\u00fato\u010d\u00ed na c\u00edle, kde se na Ukrajin\u011b rozhoduje?\u201c<\/em><br \/>\n<em>\u201eProto\u017ee se na Ukrajin\u011b nerozhoduje!\u201c<\/em><\/p>\n<p><span>Vtip implikuje to, co je ji\u017e dlouho ofici\u00e1ln\u011b zn\u00e1m\u00e9: USA mnoho rozhoduj\u00ed o tom, na kter\u00e9 c\u00edle ukrajinsk\u00e1 arm\u00e1da za\u00fato\u010d\u00ed, a hlavn\u011b ur\u010duj\u00ed ukrajinskou politiku.\u00a0Ji\u017e v\u00edce ne\u017e jednou bylo hl\u00e1\u0161eno, \u017ee Kyjev koordinuje \u00fatoky s americkou arm\u00e1dou na pou\u017eit\u00ed n\u011bkter\u00fdch z\u00e1padn\u00edch zbran\u00ed.<\/span><\/p>\n<p><span>Je proto t\u0159eba se ob\u00e1vat, \u017ee americk\u00e1 vl\u00e1da o tomto \u00fatoku na Kreml alespo\u0148 v\u011bd\u011bla, proto\u017ee Kyjev by bez zelen\u00e9ho sv\u011btla z Washingtonu jen st\u011b\u017e\u00ed n\u011bco takov\u00e9ho na\u0159\u00eddil.<\/span><\/p>\n<p><span>Zda a jak se k tomu Rusko postav\u00ed, zat\u00edm nebylo ozn\u00e1meno a moment\u00e1ln\u011b je p\u0159edm\u011btem spekulac\u00ed ve v\u0161ech rusk\u00fdch m\u00e9di\u00edch.<\/span><\/p>\n<p><span>Videa z \u00fatoku najdete\u00a0<\/span><a href=\"https:\/\/t.me\/SergeyKolyasnikov\/48255\" target=\"_blank\" rel=\"noreferrer noopener\"><span>zde<\/span><\/a><span>\u00a0,\u00a0<\/span><a href=\"https:\/\/t.me\/SergeyKolyasnikov\/48254\" target=\"_blank\" rel=\"noreferrer noopener\"><span>zde<\/span><\/a><span>\u00a0a\u00a0<\/span><a href=\"https:\/\/t.me\/SergeyKolyasnikov\/48253\" target=\"_blank\" rel=\"noreferrer noopener\"><span>zde<\/span><\/a><span>\u00a0.\u00a0Pozoruhodn\u00e9 je, \u017ee Kreml zve\u0159ejnil svou tiskovou zpr\u00e1vu a\u017e asi 12 hodin po incidentu.<\/span><\/p>\n<p><a href=\"https:\/\/www.anti-spiegel.ru\/2023\/mordanschlag-auf-putin-ukraine-feuert-drohnen-auf-dem-kreml-ab\/\">Thomas R\u00f6per<\/a><\/p>\n<p><img decoding=\"async\" loading=\"lazy\" class=\"alignnone  wp-image-22016\" src=\"http:\/\/www.infokuryr.cz\/n\/wp-content\/uploads\/2023\/01\/Thomas-Roper-298x300.jpg\" alt=\"\" width=\"174\" height=\"175\" srcset=\"https:\/\/www.infokuryr.cz\/n\/wp-content\/uploads\/2023\/01\/Thomas-Roper-298x300.jpg 298w, https:\/\/www.infokuryr.cz\/n\/wp-content\/uploads\/2023\/01\/Thomas-Roper-150x150.jpg 150w, https:\/\/www.infokuryr.cz\/n\/wp-content\/uploads\/2023\/01\/Thomas-Roper.jpg 596w\" sizes=\"(max-width: 174px) 100vw, 174px\" \/><\/p>\n<p>___________________<\/p>\n<\/div>\n<p>&nbsp;<\/p>\n<p>&nbsp;<\/p>\n<p><img decoding=\"async\" loading=\"lazy\" class=\"wp-image-19187 aligncenter\" src=\"http:\/\/www.infokuryr.cz\/n\/wp-content\/uploads\/2022\/12\/1-PRO-300x36.jpg\" alt=\"\" width=\"1267\" height=\"152\" srcset=\"https:\/\/www.infokuryr.cz\/n\/wp-content\/uploads\/2022\/12\/1-PRO-300x36.jpg 300w, https:\/\/www.infokuryr.cz\/n\/wp-content\/uploads\/2022\/12\/1-PRO.jpg 699w\" sizes=\"(max-width: 1267px) 100vw, 1267px\" \/><\/p>\n<p>&nbsp;<\/p>\n<p>&nbsp;<\/p>\n","protected":false},"excerpt":{"rendered":"<p>V noci byly na Kreml vyst\u0159eleny bezpilotn\u00ed letouny, ale byly zachyceny.\u00a0Rusko obvi\u0148uje Kyjev, \u017ee cht\u011bl&#8230;<\/p>\n","protected":false},"author":2,"featured_media":27347,"comment_status":"closed","ping_status":"closed","sticky":false,"template":"","format":"standard","meta":[],"categories":[7],"tags":[3727,221,246,102,723,300],"_links":{"self":[{"href":"https:\/\/www.infokuryr.cz\/n\/wp-json\/wp\/v2\/posts\/27346"}],"collection":[{"href":"https:\/\/www.infokuryr.cz\/n\/wp-json\/wp\/v2\/posts"}],"about":[{"href":"https:\/\/www.infokuryr.cz\/n\/wp-json\/wp\/v2\/types\/post"}],"author":[{"embeddable":true,"href":"https:\/\/www.infokuryr.cz\/n\/wp-json\/wp\/v2\/users\/2"}],"replies":[{"embeddable":true,"href":"https:\/\/www.infokuryr.cz\/n\/wp-json\/wp\/v2\/comments?post=27346"}],"version-history":[{"count":0,"href":"https:\/\/www.infokuryr.cz\/n\/wp-json\/wp\/v2\/posts\/27346\/revisions"}],"wp:featuredmedia":[{"embeddable":true,"href":"https:\/\/www.infokuryr.cz\/n\/wp-json\/wp\/v2\/media\/27347"}],"wp:attachment":[{"href":"https:\/\/www.infokuryr.cz\/n\/wp-json\/wp\/v2\/media?parent=27346"}],"wp:term":[{"taxonomy":"category","embeddable":true,"href":"https:\/\/www.infokuryr.cz\/n\/wp-json\/wp\/v2\/categories?post=27346"},{"taxonomy":"post_tag","embeddable":true,"href":"https:\/\/www.infokuryr.cz\/n\/wp-json\/wp\/v2\/tags?post=27346"}],"curies":[{"name":"wp","href":"https:\/\/api.w.org\/{rel}","templated":true}]}}