{"id":27242,"date":"2023-05-02T01:10:18","date_gmt":"2023-05-01T23:10:18","guid":{"rendered":"http:\/\/www.infokuryr.cz\/n\/?p=27242"},"modified":"2023-05-01T18:13:08","modified_gmt":"2023-05-01T16:13:08","slug":"vybuch-vykolejil-vlak-v-ruske-oblasti-sousedici-s-ukrajinou","status":"publish","type":"post","link":"https:\/\/www.infokuryr.cz\/n\/2023\/05\/02\/vybuch-vykolejil-vlak-v-ruske-oblasti-sousedici-s-ukrajinou\/","title":{"rendered":"V\u00fdbuch vykolejil vlak v rusk\u00e9 oblasti soused\u00edc\u00ed s Ukrajinou"},"content":{"rendered":"<div id=\"fb-root\"><\/div>\n<p><span style=\"font-size: 18pt;\"><strong>V rusk\u00e9 Brjansk\u00e9 oblasti podle m\u00edstn\u00edho guvern\u00e9ra sjel n\u00e1kladn\u00ed vlak z trati<\/strong><\/span><\/p>\n<p>V\u00fdbu\u0161n\u00e9 za\u0159\u00edzen\u00ed nastra\u017een\u00e9 na kolej\u00edch zp\u016fsobilo vykolejen\u00ed n\u00e1kladn\u00edho vlaku v rusk\u00e9 Brjansk\u00e9 oblasti, kter\u00e1 hrani\u010d\u00ed s Ukrajinou, uvedl tamn\u00ed guvern\u00e9r.<\/p>\n<p><em>&#8222;Neidentifikovan\u00e9 v\u00fdbu\u0161n\u00e9 za\u0159\u00edzen\u00ed vybuchlo, co\u017e zp\u016fsobilo, \u017ee lokomotiva n\u00e1kladn\u00edho vlaku vyjela z koleje,&#8220;<\/em>\u00a0napsal v pond\u011bl\u00ed Aleksandr Bogomaz na Telegramu.<\/p>\n<p>Incident, kter\u00fd se stal v regionu Unechsky District, si nevy\u017e\u00e1dal \u017e\u00e1dn\u00e9 ob\u011bti, \u0159ekl guvern\u00e9r.<\/p>\n<p>Provoz na posti\u017een\u00e9 trati byl zastaven, na m\u00edst\u011b pracuj\u00ed z\u00e1chran\u00e1\u0159i a dal\u0161\u00ed slo\u017eky, dodal.<\/p>\n<div class=\"rtcode\">\n<div><iframe loading=\"lazy\" id=\"telegram-post-bbbreaking-154263\" src=\"https:\/\/t.me\/bbbreaking\/154263?embed=1\" width=\"100%\" height=\"\" frameborder=\"0\" scrolling=\"no\" data-mce-fragment=\"1\"><\/iframe><\/div>\n<\/div>\n<p>Rusk\u00e9 dr\u00e1hy incident potvrdily s t\u00edm, \u017ee k n\u011bmu do\u0161lo v 10:17 moskevsk\u00e9ho \u010dasu (7:17 GMT) a zp\u016fsobilo, \u017ee lokomotiva a sedm voz\u016f sjelo z trati.\u00a0P\u0159i nehod\u011b tak\u00e9 vzpl\u00e1l motor, dodal.<\/p>\n<p>Brjansk\u00e1 oblast se v ned\u011bli brzy ocitla pod jedn\u00edm z nejsmrteln\u011bj\u0161\u00edch ukrajinsk\u00fdch p\u0159eshrani\u010dn\u00edch \u00fader\u016f od vypuknut\u00ed konfliktu p\u0159ed v\u00edce ne\u017e rokem.\u00a0Ost\u0159elov\u00e1n\u00ed vesnice Suzemka z v\u00edcen\u00e1sobn\u00e9ho raketometu si podle m\u00edstn\u00edch \u00fa\u0159ad\u016f vy\u017e\u00e1dalo \u010dty\u0159i mrtv\u00e9 civilisty a dva zran\u011bn\u00e9.<\/p>\n<p>Rusk\u00e9 regiony Brjansk, Belgorod a Kursk, kter\u00e9 v\u0161echny soused\u00ed s Ukrajinou, byly v uplynul\u00e9m roce ter\u010dem \u010detn\u00fdch bezpilotn\u00edch a raketov\u00fdch \u00fatok\u016f kyjevsk\u00fdch sil.<\/p>\n<p>\u00dadery byly nam\u00ed\u0159eny proti energetick\u00e9 infrastruktu\u0159e a obytn\u00fdm oblastem, co\u017e m\u011blo za n\u00e1sledek n\u011bkolik mrtv\u00fdch civilist\u016f a mnoho zran\u011bn\u00ed a zni\u010den\u00ed majetku.<\/p>\n<p>Brjansk\u00e1 oblast utrp\u011bla na za\u010d\u00e1tku b\u0159ezna velk\u00fd teroristick\u00fd incident, kdy\u017e skupina ozbrojenc\u016f p\u0159ekro\u010dila hranici z Ukrajiny, ne\u017e za\u00fato\u010dila na civilisty a nastra\u017eila v\u00fdbu\u0161n\u00e1 za\u0159\u00edzen\u00ed.\u00a0P\u0159i tomto vp\u00e1du byli zabiti dva lid\u00e9 a zran\u011bn byl desetilet\u00fd chlapec.<\/p>\n<p>&nbsp;<\/p>\n<div class='videoWrapper'>\r\n\t            <iframe src='https:\/\/rumble.com\/embed\/pj.v2itks4\/' frameborder='0' allowfullscreen><\/iframe>\r\n\t        <\/div>\n<p>&nbsp;<\/p>\n<p><img decoding=\"async\" loading=\"lazy\" class=\"alignnone size-full wp-image-1185\" src=\"http:\/\/www.infokuryr.cz\/n\/wp-content\/uploads\/2021\/04\/kuryr-podpis.png\" alt=\"\" width=\"84\" height=\"24\" \/><\/p>\n<p>&nbsp;<\/p>\n<p><img decoding=\"async\" loading=\"lazy\" class=\"wp-image-19187 aligncenter\" src=\"http:\/\/www.infokuryr.cz\/n\/wp-content\/uploads\/2022\/12\/1-PRO-300x36.jpg\" alt=\"\" width=\"1258\" height=\"151\" srcset=\"https:\/\/www.infokuryr.cz\/n\/wp-content\/uploads\/2022\/12\/1-PRO-300x36.jpg 300w, https:\/\/www.infokuryr.cz\/n\/wp-content\/uploads\/2022\/12\/1-PRO.jpg 699w\" sizes=\"(max-width: 1258px) 100vw, 1258px\" \/><\/p>\n<p>&nbsp;<\/p>\n<p>&nbsp;<\/p>\n","protected":false},"excerpt":{"rendered":"<p>V rusk\u00e9 Brjansk\u00e9 oblasti podle m\u00edstn\u00edho guvern\u00e9ra sjel n\u00e1kladn\u00ed vlak z trati V\u00fdbu\u0161n\u00e9 za\u0159\u00edzen\u00ed nastra\u017een\u00e9&#8230;<\/p>\n","protected":false},"author":2,"featured_media":27243,"comment_status":"closed","ping_status":"closed","sticky":false,"template":"","format":"standard","meta":[],"categories":[7],"tags":[22,1993,328,300],"_links":{"self":[{"href":"https:\/\/www.infokuryr.cz\/n\/wp-json\/wp\/v2\/posts\/27242"}],"collection":[{"href":"https:\/\/www.infokuryr.cz\/n\/wp-json\/wp\/v2\/posts"}],"about":[{"href":"https:\/\/www.infokuryr.cz\/n\/wp-json\/wp\/v2\/types\/post"}],"author":[{"embeddable":true,"href":"https:\/\/www.infokuryr.cz\/n\/wp-json\/wp\/v2\/users\/2"}],"replies":[{"embeddable":true,"href":"https:\/\/www.infokuryr.cz\/n\/wp-json\/wp\/v2\/comments?post=27242"}],"version-history":[{"count":1,"href":"https:\/\/www.infokuryr.cz\/n\/wp-json\/wp\/v2\/posts\/27242\/revisions"}],"predecessor-version":[{"id":27244,"href":"https:\/\/www.infokuryr.cz\/n\/wp-json\/wp\/v2\/posts\/27242\/revisions\/27244"}],"wp:featuredmedia":[{"embeddable":true,"href":"https:\/\/www.infokuryr.cz\/n\/wp-json\/wp\/v2\/media\/27243"}],"wp:attachment":[{"href":"https:\/\/www.infokuryr.cz\/n\/wp-json\/wp\/v2\/media?parent=27242"}],"wp:term":[{"taxonomy":"category","embeddable":true,"href":"https:\/\/www.infokuryr.cz\/n\/wp-json\/wp\/v2\/categories?post=27242"},{"taxonomy":"post_tag","embeddable":true,"href":"https:\/\/www.infokuryr.cz\/n\/wp-json\/wp\/v2\/tags?post=27242"}],"curies":[{"name":"wp","href":"https:\/\/api.w.org\/{rel}","templated":true}]}}