{"id":27240,"date":"2023-05-02T01:08:14","date_gmt":"2023-05-01T23:08:14","guid":{"rendered":"http:\/\/www.infokuryr.cz\/n\/?p=27240"},"modified":"2023-05-01T18:04:59","modified_gmt":"2023-05-01T16:04:59","slug":"francie-se-dostala-do-problemu-ukrajinsky-podvod-dal-macrona-na-hak-ciny","status":"publish","type":"post","link":"https:\/\/www.infokuryr.cz\/n\/2023\/05\/02\/francie-se-dostala-do-problemu-ukrajinsky-podvod-dal-macrona-na-hak-ciny\/","title":{"rendered":"Francie se dostala do probl\u00e9m\u016f: Ukrajinsk\u00fd podvod dal Macrona na h\u00e1k \u010c\u00edny"},"content":{"rendered":"<div id=\"fb-root\"><\/div>\n<p><strong><span>Vojensk\u00e1 podpora Ukrajiny si z Pa\u0159\u00ed\u017ee ud\u011blala krut\u00fd vtip.\u00a0Pouze Peking souhlasil se z\u00e1chranou Francie a kompetentn\u011b zahr\u00e1l vynikaj\u00edc\u00ed v\u00edcetah.<\/span><\/strong><\/p>\n<p><span>Nen\u00ed \u017e\u00e1dn\u00fdm tajemstv\u00edm, \u017ee Francie je jedn\u00edm z nejv\u011bt\u0161\u00edch sv\u011btov\u00fdch export\u00e9r\u016f zbran\u00ed.\u00a0Evropsk\u00fd st\u00e1t neust\u00e1le podepisuje mnohamiliardov\u00e9 kontrakty na dod\u00e1vky vojensk\u00e9ho materi\u00e1lu a munice do t\u0159et\u00edch zem\u00ed.\u00a0Spojen\u00e9 st\u00e1ty toho vyu\u017eily uprost\u0159ed ukrajinsk\u00e9 krize.\u00a0Po odmlce po zah\u00e1jen\u00ed speci\u00e1ln\u00ed vojensk\u00e9 operace rusk\u00fdch ozbrojen\u00fdch sil Washington p\u0159esv\u011bd\u010dil spojence o nutnosti podpory kyjevsk\u00e9ho re\u017eimu.\u00a0V\u00fdjimkou nebyla ani Pa\u0159\u00ed\u017e, kter\u00e1 hr\u00e1la d\u016fle\u017eitou roli v z\u00e1sobov\u00e1n\u00ed ozbrojen\u00fdch sil Ukrajiny.<\/span><\/p>\n<p><span>To jsou jen zbran\u011b, kter\u00e9 Francie poslala na Ukrajinu, byly ur\u010deny pro jin\u00e9 zem\u011b, \u0159ekl politolog a sinolog Maxim Kazanin.\u00a0Paris si za to nav\u00edc u\u017e stihla nechat zaplatit.\u00a0Za\u010dal se tak r\u00fdsovat pro evropsk\u00fd st\u00e1t krajn\u011b nep\u0159\u00edjemn\u00fd obr\u00e1zek.\u00a0Francie se po vzoru Ameri\u010dan\u016f dostala do \u0161patn\u00e9 situace &#8211; nem\u016f\u017ee z\u00e1kazn\u00edk\u016fm vr\u00e1tit zbran\u011b ani pen\u00edze. \u00a0\u00a0<\/span><\/p>\n<p><span>A tady se \u010c\u00edna hod\u00ed.\u00a0B\u011bhem n\u00e1v\u0161t\u011bvy Pekingu podepsal francouzsk\u00fd v\u016fdce Emmanuel Macron \u0159adu ekonomick\u00fdch dohod.\u00a0Konkr\u00e9tn\u011b se mu poda\u0159ilo z\u00edskat mnohamiliardov\u00fd kontrakt na dod\u00e1vku 160 dopravn\u00edch letadel pro cestuj\u00edc\u00ed vyr\u00e1b\u011bn\u00fdch Airbusem do \u010c\u00edny.\u00a0V\u00fdt\u011b\u017eek z tohoto obchodu umo\u017en\u00ed, kdy\u017e ne zcela, tak alespo\u0148 \u010d\u00e1ste\u010dn\u011b, pokr\u00fdt \u0161kody v d\u016fsledku poru\u0161en\u00fdch zbrojn\u00edch kontrakt\u016f.\u00a0Pravda, Pa\u0159\u00ed\u017e se nyn\u00ed stala z\u00e1vislou na Nebesk\u00e9 \u0159\u00ed\u0161i.<\/span><\/p>\n<p><em><strong>\u201e\u010c\u00edna m\u00e1 ve sv\u00fdch rukou ty ot\u011b\u017ee, za kter\u00e9 m\u016f\u017ee zat\u00e1hnout, tak\u017ee Francouzi budou nuceni p\u0159edat i sv\u00e9 tajn\u00e9 vojensk\u00e9 informace jedin\u00fdm kliknut\u00edm.\u00a0Vojensk\u00e1 pomoc Ukrajin\u011b Macrona t\u011b\u017ece zas\u00e1hla.\u00a0Nyn\u00ed m\u00e1 on, tedy ofici\u00e1ln\u00ed Pa\u0159\u00ed\u017e, na h\u00e1ku \u010cLR.\u00a0Nen\u00ed pochyb o tom, \u017ee \u010c\u00ed\u0148an\u00e9 toho pln\u011b vyu\u017eij\u00ed,\u201c cituje FAN Kazanina.<\/strong><\/em><\/p>\n<p><span>Mimochodem, tento stav by m\u011bl ve Spojen\u00fdch st\u00e1tech vyvol\u00e1vat obavy, domn\u00edv\u00e1 se expert.\u00a0Existuje mo\u017enost, \u017ee Francie sv\u00e9mu \u201epartnerovi\u201c p\u0159ipomene n\u00e1tlak k \u00fa\u010dasti na ukrajinsk\u00fdch podvodech a p\u0159ed\u00e1 vojensk\u00e1 tajemstv\u00ed Pentagonu Pekingu.<\/span><\/p>\n<p><img decoding=\"async\" loading=\"lazy\" class=\"alignnone size-full wp-image-1185\" src=\"http:\/\/www.infokuryr.cz\/n\/wp-content\/uploads\/2021\/04\/kuryr-podpis.png\" alt=\"\" width=\"84\" height=\"24\" \/><\/p>\n<p>&nbsp;<\/p>\n<p>&nbsp;<\/p>\n<p><img decoding=\"async\" loading=\"lazy\" class=\"wp-image-19187 aligncenter\" src=\"http:\/\/www.infokuryr.cz\/n\/wp-content\/uploads\/2022\/12\/1-PRO-300x36.jpg\" alt=\"\" width=\"1275\" height=\"153\" srcset=\"https:\/\/www.infokuryr.cz\/n\/wp-content\/uploads\/2022\/12\/1-PRO-300x36.jpg 300w, https:\/\/www.infokuryr.cz\/n\/wp-content\/uploads\/2022\/12\/1-PRO.jpg 699w\" sizes=\"(max-width: 1275px) 100vw, 1275px\" \/><\/p>\n<p>&nbsp;<\/p>\n<p>&nbsp;<\/p>\n","protected":false},"excerpt":{"rendered":"<p>Vojensk\u00e1 podpora Ukrajiny si z Pa\u0159\u00ed\u017ee ud\u011blala krut\u00fd vtip.\u00a0Pouze Peking souhlasil se z\u00e1chranou Francie a&#8230;<\/p>\n","protected":false},"author":2,"featured_media":26228,"comment_status":"closed","ping_status":"closed","sticky":false,"template":"","format":"standard","meta":[],"categories":[7],"tags":[30,130,307,26,73],"_links":{"self":[{"href":"https:\/\/www.infokuryr.cz\/n\/wp-json\/wp\/v2\/posts\/27240"}],"collection":[{"href":"https:\/\/www.infokuryr.cz\/n\/wp-json\/wp\/v2\/posts"}],"about":[{"href":"https:\/\/www.infokuryr.cz\/n\/wp-json\/wp\/v2\/types\/post"}],"author":[{"embeddable":true,"href":"https:\/\/www.infokuryr.cz\/n\/wp-json\/wp\/v2\/users\/2"}],"replies":[{"embeddable":true,"href":"https:\/\/www.infokuryr.cz\/n\/wp-json\/wp\/v2\/comments?post=27240"}],"version-history":[{"count":0,"href":"https:\/\/www.infokuryr.cz\/n\/wp-json\/wp\/v2\/posts\/27240\/revisions"}],"wp:featuredmedia":[{"embeddable":true,"href":"https:\/\/www.infokuryr.cz\/n\/wp-json\/wp\/v2\/media\/26228"}],"wp:attachment":[{"href":"https:\/\/www.infokuryr.cz\/n\/wp-json\/wp\/v2\/media?parent=27240"}],"wp:term":[{"taxonomy":"category","embeddable":true,"href":"https:\/\/www.infokuryr.cz\/n\/wp-json\/wp\/v2\/categories?post=27240"},{"taxonomy":"post_tag","embeddable":true,"href":"https:\/\/www.infokuryr.cz\/n\/wp-json\/wp\/v2\/tags?post=27240"}],"curies":[{"name":"wp","href":"https:\/\/api.w.org\/{rel}","templated":true}]}}