{"id":27225,"date":"2023-05-02T01:01:31","date_gmt":"2023-05-01T23:01:31","guid":{"rendered":"http:\/\/www.infokuryr.cz\/n\/?p=27225"},"modified":"2023-05-01T17:21:05","modified_gmt":"2023-05-01T15:21:05","slug":"nemecko-panicke-scenare-kolem-obeti-korony-a-klimatu-pochazeji-od-stejnych-autoru","status":"publish","type":"post","link":"https:\/\/www.infokuryr.cz\/n\/2023\/05\/02\/nemecko-panicke-scenare-kolem-obeti-korony-a-klimatu-pochazeji-od-stejnych-autoru\/","title":{"rendered":"N\u011bmecko: Panick\u00e9 sc\u00e9n\u00e1\u0159e kolem ob\u011bt\u00ed korony a klimatu poch\u00e1zej\u00ed od stejn\u00fdch autor\u016f"},"content":{"rendered":"<div id=\"fb-root\"><\/div>\n<p><strong><span>V t\u00e9 dob\u011b jsme nev\u011bd\u011bli nic lep\u0161\u00edho: To je \u201eargument\u201c, kter\u00fdm dnes politici ospravedl\u0148uj\u00ed p\u0159ehnan\u00e1, z\u00e1kladn\u00edm pr\u00e1v\u016fm nep\u0159\u00e1telsk\u00e1 a nakonec zbyte\u010dn\u00e1 opat\u0159en\u00ed v d\u016fsledku takzvan\u00e9 pandemie.\u00a0Ji\u017e v polovin\u011b roku 2020 bylo zn\u00e1mo, \u017ee se hovo\u0159ilo o v\u00fdpo\u010dtech apokalyptick\u00fdch model\u016f, kter\u00e9 nem\u011bly nic spole\u010dn\u00e9ho s realitou.\u00a0Pikantn\u00ed: \u017d\u00e1dost AfD tehdy potvrdila, \u017ee doty\u010dn\u00e9 modelov\u00e9 v\u00fdpo\u010dty poch\u00e1zej\u00ed od stejn\u00fdch autor\u016f, kte\u0159\u00ed tak\u00e9 vytvo\u0159ili panick\u00e9 statistiky o \u00famrt\u00edch z horka v d\u016fsledku klimatick\u00fdch zm\u011bn.<\/span><\/strong><\/p>\n<p><span>Ti\u0161t\u011bn\u00fd\u00a0<\/span><a href=\"https:\/\/dserver.bundestag.de\/btd\/19\/212\/1921237.pdf\" target=\"_blank\" rel=\"noreferrer noopener\"><span>list 19\/21237<\/span><\/a><span> z 23. \u010dervence 2020 je zaj\u00edmav\u00fdm sou\u010dasn\u00fdm dokumentem: Feder\u00e1ln\u00ed vl\u00e1da tam odpov\u011bd\u011bla na mal\u00fd dotaz \u010dlen\u016f poslaneck\u00e9ho klubu AfD n\u011bkolika ot\u00e1zkami ohledn\u011b z\u00e1klad\u016f a proporcionality blokovac\u00edch opat\u0159en\u00ed, st\u0159et\u016f z\u00e1jm\u016f a dal\u0161\u00edch. Charit\u00e9, kter\u00e1 v b\u0159eznu 250 000 dolar\u016f od Nadace Billa a Melindy Gatesov\u00fdch a jej\u00ed\u017e hlavn\u00ed virolog Drosten jako hlavn\u00ed kazatel pandemie \u0161\u00ed\u0159ila mezi obyvatelstvem paniku ohledn\u011b bezpe\u010dnosti vyv\u00edjen\u00fdch vakc\u00edn a pl\u00e1n\u016f na povinn\u00e9 o\u010dkov\u00e1n\u00ed.<\/span><\/p>\n<p><span>O\u010dkov\u00e1n\u00ed se samoz\u0159ejm\u011b nepl\u00e1nuje, bylo \u0159e\u010deno, a vakc\u00edny by samoz\u0159ejm\u011b byly testov\u00e1ny na ne\u017e\u00e1douc\u00ed \u00fa\u010dinky jako v\u0161echny ostatn\u00ed vakc\u00edny na trhu \u2013 i kdy\u017e tento bod s\u00e1m o sob\u011b lze interpretovat jako hrubou mylnou p\u0159edstavu, proto\u017ee vakc\u00edny jsou v klinick\u00fdch studi\u00edch pro let p\u0159edt\u00edm, ne\u017e jsou poprv\u00e9 schv\u00e1leny a testov\u00e1ny.\u00a0St\u0159et z\u00e1jm\u016f byl samoz\u0159ejm\u011b vylou\u010den a d\u00e1le h\u00e1jena panick\u00e1 propaganda, kter\u00e1 se ji\u017e v dob\u011b zodpov\u011bzen\u00ed dotaz\u016f uk\u00e1zala jako l\u017eiv\u00e1.<\/span><\/p>\n<p><span>Dal\u0161\u00ed zaj\u00edmav\u00fd aspekt, na kter\u00fd ned\u00e1vno upozornil finan\u010dn\u00ed v\u011bdec prof. Stefan Homburg, kter\u00fd na soci\u00e1ln\u00edch s\u00edt\u00edch v\u017edy kriticky referoval o m\u00e1nii opat\u0159en\u00ed a o\u010dkovac\u00edm tlaku: \u201eModely\u201c katastrofick\u00e9ho pr\u016fb\u011bhu pandemie poch\u00e1zely ze stejn\u00e9ho pera dvou zam\u011bstnanc\u016f RKI jako model v\u00fdpo\u010dty pro vysok\u00fd po\u010det ro\u010dn\u00edch \u201eob\u011bt\u00ed tepla\u201c (samoz\u0159ejm\u011b v d\u016fsledku \u201e\u010dlov\u011bkem zp\u016fsoben\u00e9\u201c zm\u011bny klimatu).\u00a0Homburg tento aspekt odhalil ji\u017e v roce 2020 \u2013 a spolkov\u00e1 vl\u00e1da s jeho odpov\u011bd\u00ed souhlasila.<\/span><\/p>\n<div id=\"repor-d5c0d5359d549363870b15c0b78df58a\" class=\"repor-d5c0d5359d549363870b15c0b78df58a repor-inhalt2_mob\">\n<div id=\"repor-721870965\" class=\"repor-inhalt2_mob repor-target\" data-repor-trackid=\"87981\" data-repor-trackbid=\"1\"><\/div>\n<\/div>\n<figure class=\"wp-block-embed is-type-rich is-provider-twitter wp-block-embed-twitter\">\n<div class=\"wp-block-embed__wrapper\">\n<div class=\"twitter-tweet twitter-tweet-rendered\"><iframe id=\"twitter-widget-0\" class=\"\" title=\"Twitter tweet\" src=\"https:\/\/platform.twitter.com\/embed\/Tweet.html?dnt=true&amp;embedId=twitter-widget-0&amp;features=eyJ0ZndfdGltZWxpbmVfbGlzdCI6eyJidWNrZXQiOltdLCJ2ZXJzaW9uIjpudWxsfSwidGZ3X2ZvbGxvd2VyX2NvdW50X3N1bnNldCI6eyJidWNrZXQiOnRydWUsInZlcnNpb24iOm51bGx9LCJ0ZndfdHdlZXRfZWRpdF9iYWNrZW5kIjp7ImJ1Y2tldCI6Im9uIiwidmVyc2lvbiI6bnVsbH0sInRmd19yZWZzcmNfc2Vzc2lvbiI6eyJidWNrZXQiOiJvbiIsInZlcnNpb24iOm51bGx9LCJ0ZndfbWl4ZWRfbWVkaWFfMTU4OTciOnsiYnVja2V0IjoidHJlYXRtZW50IiwidmVyc2lvbiI6bnVsbH0sInRmd19leHBlcmltZW50c19jb29raWVfZXhwaXJhdGlvbiI6eyJidWNrZXQiOjEyMDk2MDAsInZlcnNpb24iOm51bGx9LCJ0Zndfc2hvd19iaXJkd2F0Y2hfcGl2b3RzX2VuYWJsZWQiOnsiYnVja2V0Ijoib24iLCJ2ZXJzaW9uIjpudWxsfSwidGZ3X2R1cGxpY2F0ZV9zY3JpYmVzX3RvX3NldHRpbmdzIjp7ImJ1Y2tldCI6Im9uIiwidmVyc2lvbiI6bnVsbH0sInRmd191c2VfcHJvZmlsZV9pbWFnZV9zaGFwZV9lbmFibGVkIjp7ImJ1Y2tldCI6Im9uIiwidmVyc2lvbiI6bnVsbH0sInRmd192aWRlb19obHNfZHluYW1pY19tYW5pZmVzdHNfMTUwODIiOnsiYnVja2V0IjoidHJ1ZV9iaXRyYXRlIiwidmVyc2lvbiI6bnVsbH0sInRmd19sZWdhY3lfdGltZWxpbmVfc3Vuc2V0Ijp7ImJ1Y2tldCI6dHJ1ZSwidmVyc2lvbiI6bnVsbH0sInRmd190d2VldF9lZGl0X2Zyb250ZW5kIjp7ImJ1Y2tldCI6Im9uIiwidmVyc2lvbiI6bnVsbH19&amp;frame=false&amp;hideCard=false&amp;hideThread=false&amp;id=1652709012088012810&amp;lang=cs&amp;origin=https%3A%2F%2Freport24.news%2Fdeutschland-panikszenarien-rund-um-corona-und-klimaopfer-stammen-von-denselben-autoren%2F&amp;sessionId=b6e32e2c32b1fb739c64a2084845e16fa1420e3b&amp;theme=light&amp;widgetsVersion=aaf4084522e3a%3A1674595607486&amp;width=550px\" frameborder=\"0\" scrolling=\"no\" allowfullscreen=\"allowfullscreen\" data-tweet-id=\"1652709012088012810\" data-mce-fragment=\"1\"><\/iframe><\/div>\n<\/div>\n<\/figure>\n<p>&nbsp;<\/p>\n<p><span>To je tak\u00e9 \u00fa\u010dinek stejn\u00fdch autor\u016f \u010dl\u00e1nku z roku 2020 \u201e\u00a0<\/span><a href=\"https:\/\/www.rki.de\/DE\/Content\/InfAZ\/N\/Neuartiges_Coronavirus\/Modellierung_Deutschland.pdf?__blob=publicationFile\" target=\"_blank\" rel=\"noreferrer noopener\"><span>Modelov\u00e1n\u00ed vzorov\u00fdch sc\u00e9n\u00e1\u0159\u016f pro epidemii SARS-CoV-2 v N\u011bmecku v roce 2020<\/span><\/a><span>\u00a0\u201c, kte\u0159\u00ed vyzvali k \u201emaxim\u00e1ln\u00edmu \u00fasil\u00ed\u201c (a tedy restriktivn\u00edm opat\u0159en\u00edm) k minimalizaci hospitalizac\u00ed a \u00famrt\u00ed. z\u00e1v\u011br jejich pr\u00e1ce \u201e\u00a0<\/span><a href=\"https:\/\/edoc.rki.de\/bitstream\/handle\/176904\/6799\/AnDerHeiden2019_Article_Sch%c3%a4tzungHitzebedingterTodesf%c3%a4.pdf?sequence=1&amp;isAllowed=y\" target=\"_blank\" rel=\"noreferrer noopener\"><span>Odhad \u00famrt\u00ed souvisej\u00edc\u00edch s horkem v N\u011bmecku v letech 2001 a\u017e 2015<\/span><\/a><span>\u00a0\u201c z roku 2019.\u00a0Tam byla vyd\u00e1na varov\u00e1n\u00ed, \u017ee po\u010det \u00famrt\u00ed z horka se zv\u00fd\u0161\u00ed v d\u016fsledku \u201eantropogenn\u011b zp\u016fsoben\u00e9\u201c zm\u011bny klimatu.\u00a0P\u0159esto\u017ee se jedn\u00e1 pouze o statistick\u00e9 modely a nikoli o fakta, takov\u00e9 takzvan\u00e9 studie jsou samoz\u0159ejm\u011b v\u00edce ne\u017e v\u00edt\u00e1ny pro politiky, <strong>kte\u0159\u00ed cht\u011bj\u00ed prosadit velk\u00fd zelen\u00fd reset.<\/strong><\/span><\/p>\n<p>&nbsp;<\/p>\n<figure class=\"is-layout-flex wp-block-gallery-1 wp-block-gallery has-nested-images columns-default is-cropped\">\n<figure class=\"wp-block-image size-large\"><img decoding=\"async\" loading=\"lazy\" class=\"wp-image-91424 lazyloaded\" src=\"https:\/\/report24.news\/wp-content\/uploads\/2023\/05\/sarscov2.jpg\" sizes=\"(max-width: 1300px) 100vw, 1300px\" srcset=\"https:\/\/report24.news\/wp-content\/uploads\/2023\/05\/sarscov2.jpg 1300w, https:\/\/report24.news\/wp-content\/uploads\/2023\/05\/sarscov2-768x302.jpg 768w, https:\/\/report24.news\/wp-content\/uploads\/2023\/05\/sarscov2-600x236.jpg 600w\" alt=\"\" width=\"989\" height=\"389\" data-id=\"91424\" data-srcset=\"https:\/\/report24.news\/wp-content\/uploads\/2023\/05\/sarscov2.jpg 1300w, https:\/\/report24.news\/wp-content\/uploads\/2023\/05\/sarscov2-768x302.jpg 768w, https:\/\/report24.news\/wp-content\/uploads\/2023\/05\/sarscov2-600x236.jpg 600w\" data-src=\"https:\/\/report24.news\/wp-content\/uploads\/2023\/05\/sarscov2.jpg\" \/><figcaption class=\"wp-element-caption\"><span>Zdroj:\u00a0<\/span><a href=\"https:\/\/www.rki.de\/DE\/Content\/InfAZ\/N\/Neuartiges_Coronavirus\/Modellierung_Deutschland.pdf?__blob=publicationFile\" target=\"_blank\" rel=\"noreferrer noopener\"><span>RKI<\/span><\/a><\/figcaption><\/figure>\n<figure class=\"wp-block-image size-large\"><img decoding=\"async\" loading=\"lazy\" class=\"wp-image-91425 lazyloaded\" src=\"https:\/\/report24.news\/wp-content\/uploads\/2023\/05\/hitzetote.jpg\" sizes=\"(max-width: 1396px) 100vw, 1396px\" srcset=\"https:\/\/report24.news\/wp-content\/uploads\/2023\/05\/hitzetote.jpg 1396w, https:\/\/report24.news\/wp-content\/uploads\/2023\/05\/hitzetote-768x309.jpg 768w, https:\/\/report24.news\/wp-content\/uploads\/2023\/05\/hitzetote-600x242.jpg 600w\" alt=\"\" width=\"961\" height=\"387\" data-id=\"91425\" data-srcset=\"https:\/\/report24.news\/wp-content\/uploads\/2023\/05\/hitzetote.jpg 1396w, https:\/\/report24.news\/wp-content\/uploads\/2023\/05\/hitzetote-768x309.jpg 768w, https:\/\/report24.news\/wp-content\/uploads\/2023\/05\/hitzetote-600x242.jpg 600w\" data-src=\"https:\/\/report24.news\/wp-content\/uploads\/2023\/05\/hitzetote.jpg\" \/><figcaption class=\"wp-element-caption\"><span>Zdroj:\u00a0<\/span><a href=\"https:\/\/edoc.rki.de\/bitstream\/handle\/176904\/6799\/AnDerHeiden2019_Article_Sch%c3%a4tzungHitzebedingterTodesf%c3%a4.pdf?sequence=1&amp;isAllowed=y\" target=\"_blank\" rel=\"noreferrer noopener\"><span>RKI<\/span><\/a><\/figcaption><\/figure>\n<\/figure>\n<p><span style=\"font-size: 18pt;\"><strong>Homburg uvedl na Twitteru:<\/strong><\/span><\/p>\n<p><span style=\"font-size: 18pt;\"><em><strong>Korona a klima tak\u00e9 p\u0159edstavuj\u00ed stejn\u00fd princip vl\u00e1dnut\u00ed: vytv\u00e1\u0159en\u00ed strachu s c\u00edlem omezit z\u00e1kladn\u00ed pr\u00e1va. A o to b\u011b\u017e\u00ed.<\/strong><\/em><\/span><\/p>\n<p><a href=\"https:\/\/report24.news\/deutschland-panikszenarien-rund-um-corona-und-klimaopfer-stammen-von-denselben-autoren\/\">Report24<\/a><\/p>\n<p><img decoding=\"async\" loading=\"lazy\" class=\"wp-image-19187 aligncenter\" src=\"http:\/\/www.infokuryr.cz\/n\/wp-content\/uploads\/2022\/12\/1-PRO-300x36.jpg\" alt=\"\" width=\"1267\" height=\"152\" srcset=\"https:\/\/www.infokuryr.cz\/n\/wp-content\/uploads\/2022\/12\/1-PRO-300x36.jpg 300w, https:\/\/www.infokuryr.cz\/n\/wp-content\/uploads\/2022\/12\/1-PRO.jpg 699w\" sizes=\"(max-width: 1267px) 100vw, 1267px\" \/><\/p>\n<p>&nbsp;<\/p>\n<p>&nbsp;<\/p>\n","protected":false},"excerpt":{"rendered":"<p>V t\u00e9 dob\u011b jsme nev\u011bd\u011bli nic lep\u0161\u00edho: To je \u201eargument\u201c, kter\u00fdm dnes politici ospravedl\u0148uj\u00ed p\u0159ehnan\u00e1,&#8230;<\/p>\n","protected":false},"author":2,"featured_media":27226,"comment_status":"closed","ping_status":"closed","sticky":false,"template":"","format":"standard","meta":[],"categories":[7],"tags":[23,144,4873,1100,259],"_links":{"self":[{"href":"https:\/\/www.infokuryr.cz\/n\/wp-json\/wp\/v2\/posts\/27225"}],"collection":[{"href":"https:\/\/www.infokuryr.cz\/n\/wp-json\/wp\/v2\/posts"}],"about":[{"href":"https:\/\/www.infokuryr.cz\/n\/wp-json\/wp\/v2\/types\/post"}],"author":[{"embeddable":true,"href":"https:\/\/www.infokuryr.cz\/n\/wp-json\/wp\/v2\/users\/2"}],"replies":[{"embeddable":true,"href":"https:\/\/www.infokuryr.cz\/n\/wp-json\/wp\/v2\/comments?post=27225"}],"version-history":[{"count":0,"href":"https:\/\/www.infokuryr.cz\/n\/wp-json\/wp\/v2\/posts\/27225\/revisions"}],"wp:featuredmedia":[{"embeddable":true,"href":"https:\/\/www.infokuryr.cz\/n\/wp-json\/wp\/v2\/media\/27226"}],"wp:attachment":[{"href":"https:\/\/www.infokuryr.cz\/n\/wp-json\/wp\/v2\/media?parent=27225"}],"wp:term":[{"taxonomy":"category","embeddable":true,"href":"https:\/\/www.infokuryr.cz\/n\/wp-json\/wp\/v2\/categories?post=27225"},{"taxonomy":"post_tag","embeddable":true,"href":"https:\/\/www.infokuryr.cz\/n\/wp-json\/wp\/v2\/tags?post=27225"}],"curies":[{"name":"wp","href":"https:\/\/api.w.org\/{rel}","templated":true}]}}