{"id":27218,"date":"2023-05-01T10:01:13","date_gmt":"2023-05-01T08:01:13","guid":{"rendered":"http:\/\/www.infokuryr.cz\/n\/?p=27218"},"modified":"2023-05-01T10:01:13","modified_gmt":"2023-05-01T08:01:13","slug":"v-syrii-byl-zabit-chalifa-islamskeho-statu","status":"publish","type":"post","link":"https:\/\/www.infokuryr.cz\/n\/2023\/05\/01\/v-syrii-byl-zabit-chalifa-islamskeho-statu\/","title":{"rendered":"V S\u00fdrii byl zabit \u201echal\u00edfa\u201c Isl\u00e1msk\u00e9ho st\u00e1tu"},"content":{"rendered":"<div id=\"fb-root\"><\/div>\n<p><span style=\"font-size: 18pt;\"><strong>Protiteroristickou operaci provedla tureck\u00e1 zpravodajsk\u00e1 slu\u017eba, ozn\u00e1mil prezident Erdogan<\/strong><\/span><\/p>\n<p><span>V\u016fdce Isl\u00e1msk\u00e9ho st\u00e1tu (IS, d\u0159\u00edve ISIS), Abu Hussein al-Qurashi, byl \u00fadajn\u011b zabit p\u0159i operaci tureck\u00e9 N\u00e1rodn\u00ed zpravodajsk\u00e9 organizace (MIT) v S\u00fdrii, \u010d\u00edm\u017e se stal t\u0159et\u00edm samozvan\u00fdm \u201echal\u00edfem\u201c t\u00e9to teroristick\u00e9 skupiny, kter\u00fd byl\u00a0<\/span><em><span>odstran\u011bn<\/span><\/em><span>\u00a0. za posledn\u00edch 15 m\u011bs\u00edc\u016f.<\/span><\/p>\n<p><span>Agenti MIT sledovali al-Qurashiho\u00a0<\/span><em><span>\u201epo dlouhou dobu\u201c<\/span><\/em><span>\u00a0a\u00a0<\/span><em><span>\u201eneutralizovali\u201c<\/span><\/em><span>\u00a0ho v sobotu, \u0159ekl tureck\u00fd prezident Recep Tayyip Erdogan v rozhovoru, kter\u00fd\u00a0<\/span><a href=\"https:\/\/www.youtube.com\/watch?v=p9mcQHIucXU\" target=\"_blank\" rel=\"noopener noreferrer\"><span>v<\/span><\/a><span>\u00a0ned\u011bli odvys\u00edlala televizn\u00ed stanice TRT Turk.<\/span><\/p>\n<p><strong><em>&#8222;Budeme pokra\u010dovat v na\u0161em boji s teroristick\u00fdmi organizacemi bez jak\u00e9koli diskriminace,&#8220;<\/em>\u00a0\u0159ekl.<\/strong><\/p>\n<p><span>Operace byla \u00fadajn\u011b provedena kolem sobotn\u00ed 1:00 ve vesnici pobl\u00ed\u017e Jindires, asi sedm kilometr\u016f (\u010dty\u0159i m\u00edle) od tureck\u00fdch hranic.\u00a0Tureck\u00e9 s\u00edly obkl\u00ed\u010dily are\u00e1l, kde se v\u011b\u0159ilo, \u017ee se zdr\u017euje al-Qurashi a kde bojuje s bojovn\u00edky IS.\u00a0Chal\u00edfa se odm\u00edtl vzd\u00e1t a pot\u00e9 odp\u00e1lil v\u00fdbu\u0161niny, kter\u00e9 m\u011bl p\u0159ipevn\u011bn\u00e9 k t\u011blu.<\/span><\/p>\n<p><span>Al-Qurashi se stal \u010dtvrt\u00fdm v\u016fdcem teroristick\u00e9 skupiny loni v listopadu pot\u00e9, co byl jeho p\u0159edch\u016fdce Abu Hasan al-Hashimi al-Qurashi zabit v bitv\u011b.\u00a0Ameri\u010dt\u00ed vojen\u0161t\u00ed p\u0159edstavitel\u00e9 tvrdili, \u017ee p\u0159edchoz\u00ed al-Qurashi byl zabit v polovin\u011b \u0159\u00edjna syrsk\u00fdmi rebely v jihosyrsk\u00e9 provincii Daraa.\u00a0V pr\u00e1ci byl jen asi osm m\u011bs\u00edc\u016f a ujal se kormidla pot\u00e9, co p\u0159edch\u016fdce Abu Ibrahim al-Qurashi zabil sebe a svou \u017eenu a d\u011bti b\u011bhem n\u00e1letu americk\u00fdch speci\u00e1ln\u00edch jednotek v severn\u00ed S\u00fdrii.<\/span><\/p>\n<p><span>P\u0159esto\u017ee se protiteroristick\u00e9 operace T\u00fcrkiye soust\u0159edily p\u0159ev\u00e1\u017en\u011b na militantn\u00ed kurdsk\u00e9 skupiny, v\u010detn\u011b PKK, byl Anka\u0159e trnem v oku tak\u00e9 Isl\u00e1msk\u00fd st\u00e1t, kter\u00fd p\u0159i des\u00edtk\u00e1ch \u00fatok\u016f zabil dohromady 315 civilist\u016f.\u00a0Syr\u0161t\u00ed rebelov\u00e9 spojenci s USA\u00a0loni\u00a0<\/span><a href=\"https:\/\/www.cbsnews.com\/news\/isis-leader-killed-us-allies-sdf-accuse-turkey-giving-terrorists-syria-safe-zone\/\" target=\"_blank\" rel=\"noopener noreferrer\"><span>obvinili T\u00fcrkiye, \u017ee poskytlo IS\u00a0<\/span><\/a><em><span>\u201ebezpe\u010dnou z\u00f3nu\u201c<\/span><\/em><span>\u00a0v severn\u00ed S\u00fdrii.\u00a0Ture\u010dt\u00ed p\u0159edstavitel\u00e9 toto obvin\u011bn\u00ed odm\u00edtli jako\u00a0<\/span><em><span>\u201enaprosto sm\u011b\u0161n\u00e9\u201c.\u00a0<\/span><\/em><span>Turecko bylo jednou z prvn\u00edch zem\u00ed, kter\u00e9 v roce 2013 identifikovaly Isl\u00e1msk\u00fd st\u00e1t, tehdy zn\u00e1m\u00fd jako ISIS, jako teroristickou organizaci, a proti t\u00e9to skupin\u011b bojuje u\u017e l\u00e9ta.<\/span><\/p>\n<p><span>Operace MIT o tomto v\u00edkendu p\u0159ich\u00e1z\u00ed jen dva t\u00fddny p\u0159ed prezidentsk\u00fdmi volbami v T\u00fcrkiye.\u00a0Erdogan bude usilovat o znovuzvolen\u00ed v souboji s v\u016fdcem proz\u00e1padn\u00ed opozice Kemalem Kilicdarogluem.\u00a0Pr\u016fzkumy ukazuj\u00ed, \u017ee z\u00e1vod je v sou\u010dasn\u00e9 dob\u011b mrtv\u00fd.<\/span><\/p>\n<p><img decoding=\"async\" loading=\"lazy\" class=\"alignnone size-full wp-image-1185\" src=\"http:\/\/www.infokuryr.cz\/n\/wp-content\/uploads\/2021\/04\/kuryr-podpis.png\" alt=\"\" width=\"84\" height=\"24\" \/><\/p>\n<p>&nbsp;<\/p>\n<p>&nbsp;<\/p>\n<p><img decoding=\"async\" loading=\"lazy\" class=\"wp-image-19187 aligncenter\" src=\"http:\/\/www.infokuryr.cz\/n\/wp-content\/uploads\/2022\/12\/1-PRO-300x36.jpg\" alt=\"\" width=\"1292\" height=\"155\" srcset=\"https:\/\/www.infokuryr.cz\/n\/wp-content\/uploads\/2022\/12\/1-PRO-300x36.jpg 300w, https:\/\/www.infokuryr.cz\/n\/wp-content\/uploads\/2022\/12\/1-PRO.jpg 699w\" sizes=\"(max-width: 1292px) 100vw, 1292px\" \/><\/p>\n<p>&nbsp;<\/p>\n<p>&nbsp;<\/p>\n","protected":false},"excerpt":{"rendered":"<p>Protiteroristickou operaci provedla tureck\u00e1 zpravodajsk\u00e1 slu\u017eba, ozn\u00e1mil prezident Erdogan V\u016fdce Isl\u00e1msk\u00e9ho st\u00e1tu (IS, d\u0159\u00edve ISIS),&#8230;<\/p>\n","protected":false},"author":2,"featured_media":13908,"comment_status":"closed","ping_status":"closed","sticky":false,"template":"","format":"standard","meta":[],"categories":[7],"tags":[56,919,147],"_links":{"self":[{"href":"https:\/\/www.infokuryr.cz\/n\/wp-json\/wp\/v2\/posts\/27218"}],"collection":[{"href":"https:\/\/www.infokuryr.cz\/n\/wp-json\/wp\/v2\/posts"}],"about":[{"href":"https:\/\/www.infokuryr.cz\/n\/wp-json\/wp\/v2\/types\/post"}],"author":[{"embeddable":true,"href":"https:\/\/www.infokuryr.cz\/n\/wp-json\/wp\/v2\/users\/2"}],"replies":[{"embeddable":true,"href":"https:\/\/www.infokuryr.cz\/n\/wp-json\/wp\/v2\/comments?post=27218"}],"version-history":[{"count":0,"href":"https:\/\/www.infokuryr.cz\/n\/wp-json\/wp\/v2\/posts\/27218\/revisions"}],"wp:featuredmedia":[{"embeddable":true,"href":"https:\/\/www.infokuryr.cz\/n\/wp-json\/wp\/v2\/media\/13908"}],"wp:attachment":[{"href":"https:\/\/www.infokuryr.cz\/n\/wp-json\/wp\/v2\/media?parent=27218"}],"wp:term":[{"taxonomy":"category","embeddable":true,"href":"https:\/\/www.infokuryr.cz\/n\/wp-json\/wp\/v2\/categories?post=27218"},{"taxonomy":"post_tag","embeddable":true,"href":"https:\/\/www.infokuryr.cz\/n\/wp-json\/wp\/v2\/tags?post=27218"}],"curies":[{"name":"wp","href":"https:\/\/api.w.org\/{rel}","templated":true}]}}