{"id":27217,"date":"2023-05-01T09:55:57","date_gmt":"2023-05-01T07:55:57","guid":{"rendered":"http:\/\/www.infokuryr.cz\/n\/?p=27217"},"modified":"2023-05-01T09:55:57","modified_gmt":"2023-05-01T07:55:57","slug":"papez-oznamil-neverejna-jednani-o-ukrajine","status":"publish","type":"post","link":"https:\/\/www.infokuryr.cz\/n\/2023\/05\/01\/papez-oznamil-neverejna-jednani-o-ukrajine\/","title":{"rendered":"Pape\u017e ozn\u00e1mil neve\u0159ejn\u00e1 jedn\u00e1n\u00ed o Ukrajin\u011b"},"content":{"rendered":"<div id=\"fb-root\"><\/div>\n<p><span>Vatik\u00e1n prov\u00e1d\u00ed \u201em\u00edrovou misi\u201c na podporu ukrajinsk\u00e9ho urovn\u00e1n\u00ed.\u00a0<strong>Pape\u017e Franti\u0161ek<\/strong>\u00a0o tom\u00a0<\/span><a href=\"https:\/\/eadaily.com\/ru\/news\/2023\/05\/01\/papa-rimskiy-soobshchil-o-nepublichnyh-peregovorah-po-ukrainskomu-konfliktu\" target=\"_blank\" rel=\"noopener\"><span>hovo\u0159il<\/span><\/a><span>\u00a0v ned\u011bli na cest\u011b z Ma\u010farska\u00a0novin\u00e1\u0159\u016fm sv\u00e9ho tiskov\u00e9ho fondu, ani\u017e by up\u0159esnil, z \u010deho se skl\u00e1d\u00e1.\u00a0<\/span><\/p>\n<p><span>\u201eNyn\u00ed existuje mise, ale i kdy\u017e nen\u00ed ve\u0159ejn\u00e1, bude mo\u017en\u00e9 \u0159\u00edci, a\u017e bude zve\u0159ejn\u011bna,\u201c odpov\u011bd\u011bl Franti\u0161ek na ot\u00e1zku o mo\u017en\u00fdch zprost\u0159edkovatel\u00edch jeho kontakt\u016f s veden\u00edm Rusk\u00e9 federace a Rusk\u00e9 federace. <\/span><\/p>\n<p><span>Rusk\u00e1 pravoslavn\u00e1 c\u00edrkev a zp\u016fsoby m\u00edrov\u00e9ho urovn\u00e1n\u00ed.\u00a0<\/span><\/p>\n<p><span>Pape\u017e p\u0159ipomn\u011bl d\u0159\u00edve odlo\u017een\u00e9 setk\u00e1n\u00ed s patriarchou Moskvy a cel\u00e9ho Ruska\u00a0<strong>Kirillem<\/strong>\u00a0, kter\u00e9 se p\u0159ipravovalo v \u010dervnu 2022 v Jeruzal\u00e9m\u011b.\u00a0Franti\u0161ek zm\u00ednil sou\u010dasn\u00e9ho vedouc\u00edho odboru pro vn\u011bj\u0161\u00ed c\u00edrkevn\u00ed vztahy metropolitu\u00a0<strong>Anton\u00edna Volokolamsk\u00e9ho<\/strong> a rusk\u00e9ho velvyslance u Svat\u00e9ho stolce\u00a0<\/span><strong><span>Alexandra Avdeeva<\/span><\/strong><span> je\u017e jsou lid\u00e9, jejich\u017e prost\u0159ednictv\u00edm udr\u017euje kontakty s patriarchou <\/span><strong><span>Kirillem<\/span><\/strong><span>\u00a0.<\/span><\/p>\n<p><img decoding=\"async\" loading=\"lazy\" class=\"alignnone size-full wp-image-1185\" src=\"http:\/\/www.infokuryr.cz\/n\/wp-content\/uploads\/2021\/04\/kuryr-podpis.png\" alt=\"\" width=\"84\" height=\"24\" \/><\/p>\n<p>&nbsp;<\/p>\n<p>&nbsp;<\/p>\n<p><img decoding=\"async\" loading=\"lazy\" class=\"wp-image-19187 aligncenter\" src=\"http:\/\/www.infokuryr.cz\/n\/wp-content\/uploads\/2022\/12\/1-PRO-300x36.jpg\" alt=\"\" width=\"1275\" height=\"153\" srcset=\"https:\/\/www.infokuryr.cz\/n\/wp-content\/uploads\/2022\/12\/1-PRO-300x36.jpg 300w, https:\/\/www.infokuryr.cz\/n\/wp-content\/uploads\/2022\/12\/1-PRO.jpg 699w\" sizes=\"(max-width: 1275px) 100vw, 1275px\" \/><\/p>\n<p>&nbsp;<\/p>\n<p>&nbsp;<\/p>\n","protected":false},"excerpt":{"rendered":"<p>Vatik\u00e1n prov\u00e1d\u00ed \u201em\u00edrovou misi\u201c na podporu ukrajinsk\u00e9ho urovn\u00e1n\u00ed.\u00a0Pape\u017e Franti\u0161ek\u00a0o tom\u00a0hovo\u0159il\u00a0v ned\u011bli na cest\u011b z Ma\u010farska\u00a0novin\u00e1\u0159\u016fm&#8230;<\/p>\n","protected":false},"author":2,"featured_media":18060,"comment_status":"closed","ping_status":"closed","sticky":false,"template":"","format":"standard","meta":[],"categories":[7],"tags":[752,4167,254,26],"_links":{"self":[{"href":"https:\/\/www.infokuryr.cz\/n\/wp-json\/wp\/v2\/posts\/27217"}],"collection":[{"href":"https:\/\/www.infokuryr.cz\/n\/wp-json\/wp\/v2\/posts"}],"about":[{"href":"https:\/\/www.infokuryr.cz\/n\/wp-json\/wp\/v2\/types\/post"}],"author":[{"embeddable":true,"href":"https:\/\/www.infokuryr.cz\/n\/wp-json\/wp\/v2\/users\/2"}],"replies":[{"embeddable":true,"href":"https:\/\/www.infokuryr.cz\/n\/wp-json\/wp\/v2\/comments?post=27217"}],"version-history":[{"count":0,"href":"https:\/\/www.infokuryr.cz\/n\/wp-json\/wp\/v2\/posts\/27217\/revisions"}],"wp:featuredmedia":[{"embeddable":true,"href":"https:\/\/www.infokuryr.cz\/n\/wp-json\/wp\/v2\/media\/18060"}],"wp:attachment":[{"href":"https:\/\/www.infokuryr.cz\/n\/wp-json\/wp\/v2\/media?parent=27217"}],"wp:term":[{"taxonomy":"category","embeddable":true,"href":"https:\/\/www.infokuryr.cz\/n\/wp-json\/wp\/v2\/categories?post=27217"},{"taxonomy":"post_tag","embeddable":true,"href":"https:\/\/www.infokuryr.cz\/n\/wp-json\/wp\/v2\/tags?post=27217"}],"curies":[{"name":"wp","href":"https:\/\/api.w.org\/{rel}","templated":true}]}}