{"id":27172,"date":"2023-05-01T01:07:22","date_gmt":"2023-04-30T23:07:22","guid":{"rendered":"http:\/\/www.infokuryr.cz\/n\/?p=27172"},"modified":"2023-05-01T06:40:38","modified_gmt":"2023-05-01T04:40:38","slug":"fiala-okrada-cechy-o-18-500-czk-mesicne-heger-okrada-slovaky-o-533-eur-mesicne-vyplyva-ze-vcera-zverejnenych-dat-mezinarodniho-menoveho-fondu-ve-washingtonu","status":"publish","type":"post","link":"https:\/\/www.infokuryr.cz\/n\/2023\/05\/01\/fiala-okrada-cechy-o-18-500-czk-mesicne-heger-okrada-slovaky-o-533-eur-mesicne-vyplyva-ze-vcera-zverejnenych-dat-mezinarodniho-menoveho-fondu-ve-washingtonu\/","title":{"rendered":"Fiala okr\u00e1d\u00e1 \u010cechy o 18 500 CZK m\u011bs\u00ed\u010dn\u011b, Heger okr\u00e1d\u00e1 Slov\u00e1ky o 533 EUR m\u011bs\u00ed\u010dn\u011b, vypl\u00fdv\u00e1 ze v\u010dera zve\u0159ejn\u011bn\u00fdch dat Mezin\u00e1rodn\u00edho m\u011bnov\u00e9ho fondu ve Washingtonu!"},"content":{"rendered":"<div id=\"fb-root\"><\/div>\n<p>Neuv\u011b\u0159iteln\u00e9! Mezin\u00e1rodn\u00ed m\u011bnov\u00fd fond z Washingtonu v\u010dera zve\u0159ejnil nejnov\u011bj\u0161\u00ed ekonomick\u00e1 data, a z nich vypl\u00fdv\u00e1, \u017ee Fiala okr\u00e1d\u00e1 \u010desk\u00e9 zam\u011bstnance o 18 500 K\u010c m\u011bs\u00ed\u010dn\u011b, a Heger slovensk\u00e9 zam\u011bstnance o 533 EUR m\u011bs\u00ed\u010dn\u011b! Proto\u017ee \u010desk\u00e1 ekonomika letos podle MMF dos\u00e1hla v\u00fdkonu 61% n\u011bmeck\u00e9 ekonomiky, ale \u010desk\u00e9 pr\u016fm\u011brn\u00e9 mzdy jsou jen 42% pr\u016fm\u011brn\u00fdch n\u011bmeck\u00fdch plat\u016f! Slovensk\u00e1 ekonomika letos dos\u00e1hla \u00farovn\u011b 46% v\u00fdkonu n\u011bmeck\u00e9 ekonomiky, ale slovensk\u00e9 pr\u016fm\u011brn\u00e9 mzdy jen 33% pr\u016fm\u011brn\u00fdch n\u011bmeck\u00fdch mezd! P\u0159itom podle v\u00fdkonnosti ekonomiky by mzdy \u010cech\u016f letos m\u011bly b\u00fdt 61% n\u011bmeck\u00fdch mezd, a mzdy Slov\u00e1k\u016f 42%!<\/p>\n<p><span style=\"font-size: 18pt;\"><strong>Tabulka v\u010dera zve\u0159ejn\u011bn\u00fdch \u00fadaj\u016f MMF:<\/strong><\/span><\/p>\n<ol>\n<li><a href=\"https:\/\/www.imf.org\/en\/Publications\/WEO\/weo-database\/2023\/April\/weo-report?c=935,134,936,&amp;s=NGDPDPC,&amp;sy=2021&amp;ey=2028&amp;ssm=0&amp;scsm=1&amp;scc=0&amp;ssd=1&amp;ssc=0&amp;sic=0&amp;sort=country&amp;ds=.&amp;br=1\">HDP N\u011bmecka na hlavu<\/a>\u00a0 \u00a0 \u00a0 \u00a0 \u00a0 \u00a0 \u00a0 51 383 USD\u00a0 \u00a0 \u00a0 \u00a0 \u00a0<a href=\"https:\/\/www.handelsblatt.com\/unternehmen\/gehalt-wie-setzt-sich-das-durchschnittseinkommen-in-deutschland-zusammen\/26628226.html\">Pr\u016fm\u011brn\u00fd plat<\/a>\u00a0 4 100 EUR<\/li>\n<li><a href=\"https:\/\/www.imf.org\/en\/Publications\/WEO\/weo-database\/2023\/April\/weo-report?c=935,134,936,&amp;s=NGDPDPC,&amp;sy=2021&amp;ey=2028&amp;ssm=0&amp;scsm=1&amp;scc=0&amp;ssd=1&amp;ssc=0&amp;sic=0&amp;sort=country&amp;ds=.&amp;br=1\">HDP \u010ceska na hlavu\u00a0<\/a>\u00a0\u00a0 \u00a0 \u00a0 \u00a0 \u00a0 \u00a0 \u00a0 \u00a0 \u00a0 31 368 USD\u00a0 \u00a0 \u00a0 \u00a0 \u00a0Pr\u016fm\u011brn\u00fd plat\u00a0 1\u00a0 725 EUR<\/li>\n<li><a href=\"https:\/\/www.imf.org\/en\/Publications\/WEO\/weo-database\/2023\/April\/weo-report?c=935,134,936,&amp;s=NGDPDPC,&amp;sy=2021&amp;ey=2028&amp;ssm=0&amp;scsm=1&amp;scc=0&amp;ssd=1&amp;ssc=0&amp;sic=0&amp;sort=country&amp;ds=.&amp;br=1\">HDP Slovenska na hlavu<\/a>\u00a0 \u00a0 \u00a0 \u00a0 \u00a0 \u00a0 23 457 USD\u00a0 \u00a0 \u00a0 \u00a0 \u00a0<a href=\"https:\/\/karierainfo.zoznam.sk\/cl\/100322\/2455727\/Priemerna-mzda-na-Slovensku-je-vo-vyske-1-347-eur--Ako-su-na-tom-ostatne-europske-krajiny-\">Pr\u016fm\u011brn\u00fd plat<\/a>\u00a0 \u00a01 350 EUR<\/li>\n<\/ol>\n<p>K tomu nen\u00ed co dodat! Fiala se vztek\u00e1 na EU, \u017ee zve\u0159ejnila \u00fadaje o tom, jak Fiala v \u010cesku hospoda\u0159\u00ed! Nejdra\u017e\u0161\u00ed energie! Nejdra\u017e\u0161\u00ed potraviny! Nejv\u011bt\u0161\u00ed zadlu\u017eov\u00e1n\u00ed st\u00e1tu! A te\u010f nov\u00e1 data washingtonsk\u00e9ho \u00fast\u0159ed\u00ed globalist\u016f MMF dokazuj\u00ed, \u017ee \u010ce\u0161i vytv\u00e1\u0159ej\u00ed svou prac\u00ed neuv\u011b\u0159iteln\u00fd zisk, ale nejsou za n\u011bj spravedliv\u011b odm\u011b\u0148ov\u00e1ni, jako je tomu v N\u011bmecku! V \u010dem je probl\u00e9m? Bu\u010f l\u017eou statistiky EU a MMF, a nebo l\u017ee Fiala!<\/p>\n<p>Z \u00fadaj\u016f MMF o v\u00fdvoji ekonomiky \u010ceska i N\u011bmecka je jasn\u00e9,<a href=\"https:\/\/www.michalapetr.com\/map-1659-polsko-razantne-zvysuje-mzdy-a-snizuje-dane-polaci-uz-valcuji-cechy-nejen-nizkymi-cenami-ale-ted-budou-uz-i-vysokymi-platy-fialovy-vydriduch-dokazal-za-jediny-rok-sve-vlady-co-se-v-histor\/\">\u00a0\u017ee odbor\u00e1\u0159i maj\u00ed pravdu, je t\u0159eba zv\u00fd\u0161it \u010desk\u00e9 mzdy<\/a>, a je t\u0159eba zdanit zahrani\u010dn\u00ed obchodn\u00ed \u0159et\u011bzce a dal\u0161\u00ed monopoly, a ciz\u00ed kapit\u00e1l drancuj\u00edc\u00ed \u010cesko!\u00a0<a href=\"https:\/\/www.michalapetr.com\/map-1659-polsko-razantne-zvysuje-mzdy-a-snizuje-dane-polaci-uz-valcuji-cechy-nejen-nizkymi-cenami-ale-ted-budou-uz-i-vysokymi-platy-fialovy-vydriduch-dokazal-za-jediny-rok-sve-vlady-co-se-v-histor\/\">Kdy\u017e to dok\u00e1zali letos Pol\u00e1ci<\/a>, jak to \u017ee to nedok\u00e1\u017eeme my?!<\/p>\n<div class=\"g_bi\" data-dot=\"mol-paragraph\">\n<p class=\"e_bi\"><span class=\"atm-text-decorator\">Fiala ze\u0161\u00edlel, a m\u00edsto toho, aby \u0159e\u0161il opr\u00e1vn\u011bn\u00e9 ekonomick\u00e9 po\u017eadavky ob\u010dan\u016f, kte\u0159\u00ed u\u017e nemohou, d\u00edky b\u00eddn\u00fdm \u010desk\u00fdm mzd\u00e1m, platit evropsk\u00e9 ceny potravin a energi\u00ed, a ani si nemohou po\u0159\u00eddit slu\u0161n\u00e9 bydlen\u00ed, znovu a znovu, jako v\u010dera v Liberci na porad\u011b Pir\u00e1t\u016f, donekone\u010dna vyk\u0159ikuje, \u017ee extr\u00e9mist\u00e9 a populist\u00e9, kter\u00e9 porazil ve volb\u00e1ch, se pokou\u0161ej\u00ed rozvr\u00e1tit republiku a demokracii! A p\u0159itom pravda je prost\u00e1. Fiala sv\u00fdm ekonomick\u00fdm a politick\u00fdm diletantismem s\u00e1m rozvrac\u00ed ekonomiku! A aby ho nikdo nemohl za jeho mana\u017eersk\u00e1 selh\u00e1n\u00ed kritizovat, tak ka\u017ed\u00e9ho oso\u010duje, a pokou\u0161\u00ed se zav\u00e9st cenzuru! Je t\u0159eba ho urychlen\u011b vym\u011bnit, ne\u017e nap\u00e1ch\u00e1 je\u0161t\u011b v\u011bt\u0161\u00ed \u0161kody, ne\u017e se mu zat\u00edm povedlo!\u00a0<\/span><\/p>\n<p>Nejl\u00e9pe je nepom\u011br plat\u016f a v\u00fdkonnosti ekonomiky v \u010cesku a v N\u011bmecku vid\u011bt na minim\u00e1ln\u00ed mzd\u011b. N\u011bmeck\u00e1\u00a0<a href=\"https:\/\/www.smart-rechner.de\/mindestlohn\/rechner.php\">minim\u00e1ln\u00ed mzda je 12 EUR na hodinu<\/a>, tedy 2050 EUR m\u011bs\u00ed\u010dn\u011b. (48 850 CZK)\u00a0 \u010cesk\u00e1 minim\u00e1ln\u00ed m\u011bs\u00ed\u010dn\u00ed mzda je 17 300 CZK, tedy jen 35% minim\u00e1ln\u00ed mzdy n\u011bmeck\u00e9. Ale podle leto\u0161n\u00ed v\u00fdkonnosti obou ekonomik by m\u011bla b\u00fdt 29 800 CZK, 61%!\u00a0<a href=\"https:\/\/www.mpsv.cz\/minimalni-mzda\">P\u0159itom v\u00fd\u0161i minim\u00e1ln\u00ed mzdy stanovuje vl\u00e1da \u010cR na\u0159\u00edzen\u00edm vl\u00e1dy<\/a>! Je tak evidentn\u00ed, \u017ee Fiala m\u00e1 vzhledem k pom\u011bru v\u00fdkonnosti \u010desk\u00e9 ekonomiky k n\u011bmeck\u00e9 prostor pro zv\u00fd\u0161en\u00ed \u010desk\u00e9 minim\u00e1ln\u00ed mzdy o a\u017e 12 500 CZK m\u011bs\u00ed\u010dn\u011b! T\u00edm by vytvo\u0159il tlak na zam\u011bstnavatele, a ti by museli odpov\u00eddaj\u00edc\u00edm zp\u016fsobem zv\u00fd\u0161it mzdy zam\u011bstnanc\u016fm s jinou ne\u017e minim\u00e1ln\u00ed mzdou.<\/p>\n<p>Bude 1. kv\u011bten, sv\u00e1tek pr\u00e1ce.<a href=\"https:\/\/cs.wikipedia.org\/wiki\/Sv%C3%A1tek_pr%C3%A1ce\">\u00a0Tento sv\u00e1tek se slav\u00ed na pam\u00e1tku americk\u00fdch d\u011bln\u00edk\u016f<\/a>, kte\u0159\u00ed v roce 1886 zem\u0159eli p\u0159i masov\u00e9 demonstraci za osmihodinovou pracovn\u00ed dobu a spravedliv\u00e9 mzdy! Po\u017eadovat d\u016fstojnou pr\u00e1ci a d\u016fstojn\u00e9 mzdy nen\u00ed projevem \u017e\u00e1dn\u00e9ho extr\u00e9mismu, ani populismu, jak si mysl\u00ed profesor Fiala a jeho nohsledi. Ostatn\u011b, jakmile po volb\u00e1ch nastoupili do \u00fa\u0159ad\u016f, hned si v\u0161ichni po\u0159\u00e1dn\u011b zvedli platy!<\/p>\n<\/div>\n<div class=\"g_bi\" data-dot=\"mol-paragraph\">\n<p><a class=\"mfp-iframe lightbox-added\" href=\"https:\/\/www.youtube.com\/watch?v=Hkz0b8jROM0\">1. kv\u011btna Ladislav Vr\u00e1bel zve do Hr\u00e1dku nad Nisou<\/a><\/p>\n<p><a href=\"https:\/\/vltava.news\/cl.php?cl=1_kvetna_demonstrace_za_mir_na_vitkove_pojdme_se_nebat\">1. kv\u011btna jdu na tuto akci v Praze<\/a>, a r\u00e1d se tam s v\u00e1mi setk\u00e1m. Do t\u00e9 doby budou proto anal\u00fdzy krat\u0161\u00ed, mus\u00edm si p\u0159ehodit noc za den, abych na ten V\u00edtkov do\u0161el.<\/p>\n<p><a href=\"https:\/\/www.michalapetr.com\/map-1663-fiala-okrada-cechy-o-18-500-czk-mesicne-heger-okrada-slovaky-o-533-eur-mesicne-vyplyva-ze-vcera-zverejnenych-dat-mezinarodniho-menoveho-fondu-ve-washingtonu\/\">Michael Svato\u0161<\/a><\/p>\n<\/div>\n<p><img decoding=\"async\" loading=\"lazy\" class=\"alignnone size-full wp-image-27204\" src=\"http:\/\/www.infokuryr.cz\/n\/wp-content\/uploads\/2023\/05\/Michael_Svatos.png\" alt=\"\" width=\"180\" height=\"180\" srcset=\"https:\/\/www.infokuryr.cz\/n\/wp-content\/uploads\/2023\/05\/Michael_Svatos.png 180w, https:\/\/www.infokuryr.cz\/n\/wp-content\/uploads\/2023\/05\/Michael_Svatos-150x150.png 150w\" sizes=\"(max-width: 180px) 100vw, 180px\" \/><\/p>\n<p>____________________<\/p>\n<p>&nbsp;<\/p>\n<p>&nbsp;<\/p>\n<p>&nbsp;<\/p>\n<p><img decoding=\"async\" loading=\"lazy\" class=\"wp-image-19187 aligncenter\" src=\"http:\/\/www.infokuryr.cz\/n\/wp-content\/uploads\/2022\/12\/1-PRO-300x36.jpg\" alt=\"\" width=\"1258\" height=\"151\" srcset=\"https:\/\/www.infokuryr.cz\/n\/wp-content\/uploads\/2022\/12\/1-PRO-300x36.jpg 300w, https:\/\/www.infokuryr.cz\/n\/wp-content\/uploads\/2022\/12\/1-PRO.jpg 699w\" sizes=\"(max-width: 1258px) 100vw, 1258px\" \/><\/p>\n<p>&nbsp;<\/p>\n<p>&nbsp;<\/p>\n","protected":false},"excerpt":{"rendered":"<p>Neuv\u011b\u0159iteln\u00e9! Mezin\u00e1rodn\u00ed m\u011bnov\u00fd fond z Washingtonu v\u010dera zve\u0159ejnil nejnov\u011bj\u0161\u00ed ekonomick\u00e1 data, a z nich vypl\u00fdv\u00e1,&#8230;<\/p>\n","protected":false},"author":2,"featured_media":1564,"comment_status":"closed","ping_status":"closed","sticky":false,"template":"","format":"standard","meta":[],"categories":[6],"tags":[371,1504,1975,3050,535,99],"_links":{"self":[{"href":"https:\/\/www.infokuryr.cz\/n\/wp-json\/wp\/v2\/posts\/27172"}],"collection":[{"href":"https:\/\/www.infokuryr.cz\/n\/wp-json\/wp\/v2\/posts"}],"about":[{"href":"https:\/\/www.infokuryr.cz\/n\/wp-json\/wp\/v2\/types\/post"}],"author":[{"embeddable":true,"href":"https:\/\/www.infokuryr.cz\/n\/wp-json\/wp\/v2\/users\/2"}],"replies":[{"embeddable":true,"href":"https:\/\/www.infokuryr.cz\/n\/wp-json\/wp\/v2\/comments?post=27172"}],"version-history":[{"count":0,"href":"https:\/\/www.infokuryr.cz\/n\/wp-json\/wp\/v2\/posts\/27172\/revisions"}],"wp:featuredmedia":[{"embeddable":true,"href":"https:\/\/www.infokuryr.cz\/n\/wp-json\/wp\/v2\/media\/1564"}],"wp:attachment":[{"href":"https:\/\/www.infokuryr.cz\/n\/wp-json\/wp\/v2\/media?parent=27172"}],"wp:term":[{"taxonomy":"category","embeddable":true,"href":"https:\/\/www.infokuryr.cz\/n\/wp-json\/wp\/v2\/categories?post=27172"},{"taxonomy":"post_tag","embeddable":true,"href":"https:\/\/www.infokuryr.cz\/n\/wp-json\/wp\/v2\/tags?post=27172"}],"curies":[{"name":"wp","href":"https:\/\/api.w.org\/{rel}","templated":true}]}}