{"id":2717,"date":"2021-06-23T03:18:49","date_gmt":"2021-06-23T01:18:49","guid":{"rendered":"http:\/\/www.infokuryr.cz\/n\/?p=2717"},"modified":"2021-06-23T03:18:49","modified_gmt":"2021-06-23T01:18:49","slug":"japonsko-nezvladlo-filtracni-technologii","status":"publish","type":"post","link":"https:\/\/www.infokuryr.cz\/n\/2021\/06\/23\/japonsko-nezvladlo-filtracni-technologii\/","title":{"rendered":"Japonsko nezvl\u00e1dlo filtra\u010dn\u00ed technologii"},"content":{"rendered":"<div id=\"fb-root\"><\/div>\n<div class=\"article-left\">\n<div class=\"article-con\">\n<p>Od chv\u00edle, kdy se japonsk\u00e1 vl\u00e1da rozhodla zah\u00e1jit projekt likvidace jadern\u00fdch odpadn\u00edch vod ve Fuku\u0161im\u011b, prosazuje sv\u00e9 bezpe\u010dn\u00e9 a spolehliv\u00e9 metody likvidace. Zpr\u00e1va japonsk\u00e9 vys\u00edlac\u00ed spole\u010dnosti NHK v\u0161ak 20. \u010dervna uvedla, \u017ee spole\u010dnost Tokyo Electric Power Company Holdings (TEPCO), kter\u00e1 je odpov\u011bdn\u00e1 za \u010di\u0161t\u011bn\u00ed jadern\u00fdch odpadn\u00edch vod ve Fuku\u0161im\u011b, ve\u0159ejn\u011b po\u017eaduje provediteln\u00e9 technologie k filtrov\u00e1n\u00ed nuklidov\u00e9ho \u201etritia\u201c ve vod\u011b zne\u010di\u0161t\u011bn\u00e9 jadern\u00fdmi l\u00e1tkami. N\u011bkte\u0159\u00ed u\u017eivatel\u00e9 internetu se ptaj\u00ed: Jak se opova\u017euje japonsk\u00e1 vl\u00e1da p\u0159evz\u00edt iniciativu k vypou\u0161t\u011bn\u00ed jadern\u00fdch odpadn\u00edch vod, pokud nezvl\u00e1dne ani filtra\u010dn\u00ed technologii?!<\/p>\n<p>Ve skute\u010dnosti se Japonsko od dubna leto\u0161n\u00edho roku rozhodlo zah\u00e1jit pl\u00e1n likvidace jadern\u00e9 odpadn\u00ed vody bez povolen\u00ed, okoln\u00ed zem\u011b a sv\u011btov\u00e9 ve\u0159ejn\u00e9 m\u00edn\u011bn\u00ed to neust\u00e1le odsuzuj\u00ed. Japonsk\u00e1 strana v\u0161ak trv\u00e1 na sv\u00e9 vlastn\u00ed cest\u011b, a neust\u00e1le pou\u017e\u00edv\u00e1 l\u017ei k vyvr\u00e1cen\u00ed pochybnost\u00ed sv\u011bta. N\u011bkte\u0159\u00ed japon\u0161t\u00ed politici dokonce absurdn\u011b \u0159ekli: \u201eJe v po\u0159\u00e1dku p\u00edt tuto vodu\u201c, kdy\u017e se sna\u017eili zm\u00e1st ve\u0159ejnost. Sv\u011bt je v\u0161ak nevid\u011bl, \u017ee by se napili.<\/p>\n<p>Ji\u017e v listopadu 2013 m\u00edstn\u00ed noviny ve Fuku\u0161im\u011b ve zpr\u00e1v\u011b pouk\u00e1zaly na to, \u017ee kdy\u017e se japonsk\u00fd vl\u00e1dn\u00ed v\u00fdbor pro protiopat\u0159en\u00ed k \u00faprav\u011b zne\u010di\u0161t\u011bn\u00ed vody zab\u00fdval \u00fapravou jadern\u011b zne\u010di\u0161t\u011bn\u00e9 vody, jednou diskutoval o tom, jak filtrovat tritium. V\u00fdbor v\u0161ak pozd\u011bji rozhodl, \u017ee je p\u0159\u00edli\u0161 obt\u00ed\u017en\u00e9 filtrovat tritium a \u017ee takovou technologii nem\u00e1, proto se rozhodl prozat\u00edm tritium nefiltrovat. T\u00edmto zp\u016fsobem byl probl\u00e9m \u201eodd\u011blov\u00e1n\u00ed tritia\u201c z jadern\u00e9 odpadn\u00ed vody ve Fuku\u0161im\u011b odlo\u017een na dlouhou dobu a dosud nebyl vy\u0159e\u0161en.<\/p>\n<p>Samoz\u0159ejm\u011b, mezin\u00e1rodn\u00ed spole\u010denstv\u00ed m\u00e1 d\u016fvod se pt\u00e1t: jak m\u016f\u017ee zem\u011b se \u0161patnou kl\u00ed\u010dovou technologi\u00ed p\u0159esv\u011bd\u010dit sv\u011bt, \u017ee jadern\u00e1 odpadn\u00ed voda, kterou pl\u00e1nuje vypou\u0161t\u011bt do mo\u0159e, je bezpe\u010dn\u00e1?!<\/p>\n<p>Japonsk\u00e1 vl\u00e1da i TEPCO dlouho lhali o bezpe\u010dn\u00e9 \u00faprav\u011b jadern\u00fdch elektr\u00e1ren. Nap\u0159\u00edklad v polovin\u011b kv\u011btna tohoto roku do\u0161lo v jadern\u00e9 elektr\u00e1rn\u011b Fuku\u0161ima k \u00faniku kontejneru, kter\u00fd zp\u016fsobil \u00fanik n\u011bkter\u00fdch radioaktivn\u00edch odpadn\u00edch vod do mo\u0159e. TEPCO to v\u0161ak tajilo, dokud to nebylo odhaleno m\u00e9dii a nebylo mo\u017en\u00e9 to skr\u00fdvat.<\/p>\n<p>Podle ned\u00e1vn\u00e9 zpr\u00e1vy tiskov\u00e9 agentury Kyodo se spole\u010dnost TEPCO rozhodla, \u017ee ve skute\u010dnosti nebude m\u011b\u0159it radioaktivn\u00ed prvek tritium v jadern\u00e9 odpadn\u00ed vod\u011b vypou\u0161t\u011bn\u00e9 do mo\u0159e, ale pouze ur\u010d\u00ed, zda je mo\u017en\u00e9 dos\u00e1hnout kone\u010dn\u00e9 normy pro vypou\u0161t\u011bn\u00ed na z\u00e1klad\u011b v\u00fdsledku v\u00fdpo\u010dtu koncentrace.<\/p>\n<p>V historii Japonsko p\u0159ineslo mnoha zem\u00edm svou agresivn\u00ed v\u00e1lkou obrovsk\u00e9 humanit\u00e1rn\u00ed katastrofy, ale japon\u0161t\u00ed politici st\u00e1le nejsou ochotni se up\u0159\u00edmn\u011b omluvit. V sou\u010dasn\u00e9 dob\u011b Japonsko prosazuje pl\u00e1n \u201evypou\u0161t\u011bn\u00ed jadern\u00fdch odpadn\u00edch vod do mo\u0159e\u201c, kter\u00fd se t\u00fdk\u00e1 \u017eivot\u016f a zdrav\u00ed lid\u00ed na cel\u00e9m sv\u011bt\u011b a glob\u00e1ln\u00edho ekologick\u00e9ho prost\u0159ed\u00ed a je v\u00fdzvou pro lidskou spravedlnost a sv\u011bdom\u00ed.<\/p>\n<p>Mezin\u00e1rodn\u00ed spole\u010denstv\u00ed nesm\u00ed dovolit Japonsku d\u011blat si, co chce. Pokud jde o vypou\u0161t\u011bn\u00ed jadern\u00e9 odpadn\u00ed vody z Fuku\u0161imy, Japonsko si nem\u016f\u017ee dovolit bloudit!<\/p>\n<\/div>\n<\/div>\n<p><img decoding=\"async\" loading=\"lazy\" class=\"alignnone size-full wp-image-1185\" src=\"http:\/\/www.infokuryr.cz\/n\/wp-content\/uploads\/2021\/04\/kuryr-podpis.png\" alt=\"\" width=\"84\" height=\"24\" \/><\/p>\n<p>&nbsp;<\/p>\n<div class=\"article-left\">\n<div class=\"pageStyle5\"><\/div>\n<\/div>\n<div class=\"article-right\">\n<div class=\"mod article-right-photo\">\n<div class=\"photoOne-con mobile-line indexMostPopular-con\"><\/div>\n<\/div>\n<\/div>\n","protected":false},"excerpt":{"rendered":"<p>Od chv\u00edle, kdy se japonsk\u00e1 vl\u00e1da rozhodla zah\u00e1jit projekt likvidace jadern\u00fdch odpadn\u00edch vod ve Fuku\u0161im\u011b,&#8230;<\/p>\n","protected":false},"author":2,"featured_media":2718,"comment_status":"closed","ping_status":"closed","sticky":false,"template":"","format":"standard","meta":[],"categories":[7],"tags":[106,691,105],"_links":{"self":[{"href":"https:\/\/www.infokuryr.cz\/n\/wp-json\/wp\/v2\/posts\/2717"}],"collection":[{"href":"https:\/\/www.infokuryr.cz\/n\/wp-json\/wp\/v2\/posts"}],"about":[{"href":"https:\/\/www.infokuryr.cz\/n\/wp-json\/wp\/v2\/types\/post"}],"author":[{"embeddable":true,"href":"https:\/\/www.infokuryr.cz\/n\/wp-json\/wp\/v2\/users\/2"}],"replies":[{"embeddable":true,"href":"https:\/\/www.infokuryr.cz\/n\/wp-json\/wp\/v2\/comments?post=2717"}],"version-history":[{"count":0,"href":"https:\/\/www.infokuryr.cz\/n\/wp-json\/wp\/v2\/posts\/2717\/revisions"}],"wp:featuredmedia":[{"embeddable":true,"href":"https:\/\/www.infokuryr.cz\/n\/wp-json\/wp\/v2\/media\/2718"}],"wp:attachment":[{"href":"https:\/\/www.infokuryr.cz\/n\/wp-json\/wp\/v2\/media?parent=2717"}],"wp:term":[{"taxonomy":"category","embeddable":true,"href":"https:\/\/www.infokuryr.cz\/n\/wp-json\/wp\/v2\/categories?post=2717"},{"taxonomy":"post_tag","embeddable":true,"href":"https:\/\/www.infokuryr.cz\/n\/wp-json\/wp\/v2\/tags?post=2717"}],"curies":[{"name":"wp","href":"https:\/\/api.w.org\/{rel}","templated":true}]}}