{"id":27162,"date":"2023-04-30T06:44:16","date_gmt":"2023-04-30T04:44:16","guid":{"rendered":"http:\/\/www.infokuryr.cz\/n\/?p=27162"},"modified":"2023-04-30T06:44:16","modified_gmt":"2023-04-30T04:44:16","slug":"jiri-paroubek-skandalni-rozhodnuti-soudu-ohledne-aktivisty-ladislava-vrabela","status":"publish","type":"post","link":"https:\/\/www.infokuryr.cz\/n\/2023\/04\/30\/jiri-paroubek-skandalni-rozhodnuti-soudu-ohledne-aktivisty-ladislava-vrabela\/","title":{"rendered":"Ji\u0159\u00ed Paroubek: Skand\u00e1ln\u00ed rozhodnut\u00ed soudu ohledn\u011b aktivisty Ladislava Vrabela"},"content":{"rendered":"<div id=\"fb-root\"><\/div>\n<p><strong>V\u010dera prob\u011bhl u Obvodn\u00edho soudu pro Prahu 1 soud s aktivistou L. Vrabelem, zn\u00e1m\u00fdm organizov\u00e1n\u00edm masov\u00fdch protivl\u00e1dn\u00edch m\u00edtink\u016f na V\u00e1clavsk\u00e9m n\u00e1m\u011bst\u00ed.<\/strong><\/p>\n<p>L. Vrabel p\u0159ed \u0159adou m\u011bs\u00edc\u016f sd\u011blil ve\u0159ejnosti sv\u00e9 obavy o to, \u017ee st\u00edha\u010dky F-35, kter\u00e9 chce \u010desk\u00e1 vl\u00e1da zakoupit, mohou b\u00fdt vyzbrojeny raketami s\u00a0jadern\u00fdmi hlavicemi. A v\u00a0tom p\u0159\u00edpad\u011b pak jsou \u00fato\u010dnou zbran\u00ed proti Rusku.<\/p>\n<p>St\u00e1tn\u00ed \u017ealobkyn\u011b vid\u00ed celou v\u011bc jednozna\u010dn\u011b. \u017de pr\u00fd L. Vrabel cht\u011bl vyvolat ve ve\u0159ejnosti znepokojen\u00ed z\u00a0mo\u017en\u00e9ho v\u00e1le\u010dn\u00e9ho konfliktu mezi \u010ceskem a Ruskem. Je to v\u00a0z\u00e1sad\u011b srandovn\u00ed zd\u016fvodn\u011bn\u00ed, proto\u017ee p\u0159edstavitel\u00e9 vl\u00e1dy, po\u010d\u00ednaje jej\u00edm p\u0159edsedou, p\u0159es ministryni obrany, ministra zahrani\u010d\u00ed a ministra vnitra stra\u0161\u00ed ob\u010dany Ruskem a konfliktem s\u00a0n\u00edm neust\u00e1le. Ale nev\u0161iml jsem si, \u017ee by \u010dasto nepravdiv\u00e9 informace, kter\u00e9 tito u\u017e\u00edvaj\u00ed, org\u00e1ny \u010dinn\u00e9 v\u00a0trestn\u00edm \u0159\u00edzen\u00ed n\u011bjak znepokojovaly. Nebo \u017ee by snad n\u011bkdo z\u00a0t\u011bchto org\u00e1n\u016f navrhl st\u00edh\u00e1n\u00ed \u010dlen\u016f vl\u00e1dy. Krom\u011b toho svoboda slova je institutem, kter\u00fd by m\u011bl b\u00fdt nad\u0159azen n\u011bjak\u00e9mu trapn\u00e9mu zastra\u0161uj\u00edc\u00edmu paragrafu z\u00a0trestn\u00edho z\u00e1kon\u00edku.<\/p>\n<p>Soudce ve sv\u00e9m zd\u016fvodn\u011bn\u00ed rozsudku \u2013 L. Vrabel dostal \u010dty\u0159m\u011bs\u00ed\u010dn\u00ed podm\u00edn\u011bn\u00fd trest \u2013 sd\u011blil, \u017ee si pr\u00fd v\u00a0demokracii ka\u017ed\u00fd nem\u016f\u017ee \u0159\u00edkat, co chce. Samoz\u0159ejm\u011b toto divadlo je \u00fa\u010delov\u00fdch divad\u00e9lkem na objedn\u00e1vku, kter\u00e9 m\u00e1 zastra\u0161it a kompromitovat L. Vrabela na ve\u0159ejnosti.\u00a0Podle slov samotn\u00e9ho L. Vrabela, vyj\u00e1d\u0159en\u00ed, kter\u00e1 mu vlo\u017eila do \u00fast \u017ealobkyn\u011b a po n\u00ed soudce a za n\u011b\u017e byl tak\u00e9 odsouzen, takto nikdy ne\u0159ekl.<\/p>\n<p>Up\u0159\u00edmn\u011b, u\u017e se t\u011b\u0161\u00edm na 6. kv\u011btna, kdy se z\u00fa\u010dastn\u00edm, jak douf\u00e1m masov\u00e9, demonstrace na V\u00e1clavsk\u00e9m n\u00e1m\u011bst\u00ed, jej\u00edm\u017e jedn\u00edm ze svolavatel\u016f je pr\u00e1v\u011b L. Vrabel. A \u0159eknu si svoje ke svobod\u011b slova v\u00a0\u010cesku, ale tak\u00e9 t\u0159eba ke smlouv\u011b, kterou uzav\u0159ela \u010desk\u00e1 vl\u00e1da s\u00a0Ameri\u010dany a kter\u00e1 umo\u017e\u0148uje vys\u00edl\u00e1n\u00ed americk\u00fdch voj\u00e1k\u016f na \u00fazem\u00ed \u010cesk\u00e9 republiky. Je to jen prvn\u00ed stup\u00ednek k\u00a0tomu, aby v\u00a0p\u0159\u00edpad\u011b n\u011bjak\u00e9 fiktivn\u00ed krize vl\u00e1dn\u00ed koalice, vl\u00e1da prohlasovala um\u00edst\u011bn\u00ed americk\u00e9 z\u00e1kladny na na\u0161em \u00fazem\u00ed. Prost\u011b zadn\u00edmi vraty (ne vr\u00e1tky) by se sem Ameri\u010dan\u00e9 dostali.<\/p>\n<p>Pova\u017euji za sv\u016fj velmi poveden\u00fd politick\u00fd \u010din, \u017ee se mi v\u00a0tom poda\u0159ilo zabr\u00e1nit v\u00a0letech 2007 \u2013 2009, kdy\u017e jsem byl p\u0159edsedou tehdy nejv\u011bt\u0161\u00ed opozi\u010dn\u00ed strany, soci\u00e1ln\u00ed demokracie.<\/p>\n<p>P\u0159es dvacet let tu byli sov\u011bt\u0161t\u00ed voj\u00e1ci. Ode\u0161li a j\u00e1 jsem tomu r\u00e1d, nem\u011bli tu co d\u011blat. A stejn\u011b tak tu nemaj\u00ed co d\u011blat ameri\u010dt\u00ed voj\u00e1ci.<\/p>\n<p>Stra\u0161en\u00ed vl\u00e1dy potenci\u00e1ln\u00ed v\u00e1lkou s Ruskem je kontinu\u00e1ln\u00ed a tak je vlastn\u011b ot\u00e1zkou, kdo by m\u011bl b\u00fdt souzen u Obvodn\u00edho soudu pro\u00a0Prahu 1 &#8211; zda L. Vrabel anebo \u010desk\u00e1 vl\u00e1da jako celek.<\/p>\n<p><a href=\"https:\/\/vasevec.info\/komentare\/skandalni-rozhodnuti-soudu-ohledne-aktivisty-ladislava-vrabela\">Ji\u0159\u00ed Paroubek<\/a><\/p>\n<p><img decoding=\"async\" loading=\"lazy\" class=\"alignnone size-medium wp-image-2342\" src=\"http:\/\/www.infokuryr.cz\/n\/wp-content\/uploads\/2021\/06\/paroubek-300x208.jpg\" alt=\"\" width=\"300\" height=\"208\" srcset=\"https:\/\/www.infokuryr.cz\/n\/wp-content\/uploads\/2021\/06\/paroubek-300x208.jpg 300w, https:\/\/www.infokuryr.cz\/n\/wp-content\/uploads\/2021\/06\/paroubek.jpg 318w\" sizes=\"(max-width: 300px) 100vw, 300px\" \/><\/p>\n<p>______________________________<\/p>\n<p>&nbsp;<\/p>\n<p>&nbsp;<\/p>\n<p><img decoding=\"async\" loading=\"lazy\" class=\"wp-image-19187 aligncenter\" src=\"http:\/\/www.infokuryr.cz\/n\/wp-content\/uploads\/2022\/12\/1-PRO-300x36.jpg\" alt=\"\" width=\"1275\" height=\"153\" srcset=\"https:\/\/www.infokuryr.cz\/n\/wp-content\/uploads\/2022\/12\/1-PRO-300x36.jpg 300w, https:\/\/www.infokuryr.cz\/n\/wp-content\/uploads\/2022\/12\/1-PRO.jpg 699w\" sizes=\"(max-width: 1275px) 100vw, 1275px\" \/><\/p>\n<p>&nbsp;<\/p>\n<p>&nbsp;<\/p>\n","protected":false},"excerpt":{"rendered":"<p>V\u010dera prob\u011bhl u Obvodn\u00edho soudu pro Prahu 1 soud s aktivistou L. Vrabelem, zn\u00e1m\u00fdm organizov\u00e1n\u00edm&#8230;<\/p>\n","protected":false},"author":2,"featured_media":21739,"comment_status":"closed","ping_status":"closed","sticky":false,"template":"","format":"standard","meta":[],"categories":[6],"tags":[520,324,99,3266],"_links":{"self":[{"href":"https:\/\/www.infokuryr.cz\/n\/wp-json\/wp\/v2\/posts\/27162"}],"collection":[{"href":"https:\/\/www.infokuryr.cz\/n\/wp-json\/wp\/v2\/posts"}],"about":[{"href":"https:\/\/www.infokuryr.cz\/n\/wp-json\/wp\/v2\/types\/post"}],"author":[{"embeddable":true,"href":"https:\/\/www.infokuryr.cz\/n\/wp-json\/wp\/v2\/users\/2"}],"replies":[{"embeddable":true,"href":"https:\/\/www.infokuryr.cz\/n\/wp-json\/wp\/v2\/comments?post=27162"}],"version-history":[{"count":0,"href":"https:\/\/www.infokuryr.cz\/n\/wp-json\/wp\/v2\/posts\/27162\/revisions"}],"wp:featuredmedia":[{"embeddable":true,"href":"https:\/\/www.infokuryr.cz\/n\/wp-json\/wp\/v2\/media\/21739"}],"wp:attachment":[{"href":"https:\/\/www.infokuryr.cz\/n\/wp-json\/wp\/v2\/media?parent=27162"}],"wp:term":[{"taxonomy":"category","embeddable":true,"href":"https:\/\/www.infokuryr.cz\/n\/wp-json\/wp\/v2\/categories?post=27162"},{"taxonomy":"post_tag","embeddable":true,"href":"https:\/\/www.infokuryr.cz\/n\/wp-json\/wp\/v2\/tags?post=27162"}],"curies":[{"name":"wp","href":"https:\/\/api.w.org\/{rel}","templated":true}]}}