{"id":27139,"date":"2023-04-30T01:09:24","date_gmt":"2023-04-29T23:09:24","guid":{"rendered":"http:\/\/www.infokuryr.cz\/n\/?p=27139"},"modified":"2023-04-29T17:21:12","modified_gmt":"2023-04-29T15:21:12","slug":"kyjev-odsuzuje-omezeni-eu-na-dovoz-z-ukrajiny","status":"publish","type":"post","link":"https:\/\/www.infokuryr.cz\/n\/2023\/04\/30\/kyjev-odsuzuje-omezeni-eu-na-dovoz-z-ukrajiny\/","title":{"rendered":"Kyjev odsuzuje omezen\u00ed EU na dovoz z Ukrajiny"},"content":{"rendered":"<div id=\"fb-root\"><\/div>\n<p><span style=\"font-size: 18pt;\"><strong>\u00da\u0159ady tvrd\u00ed, \u017ee opat\u0159en\u00ed jsou v rozporu se st\u00e1vaj\u00edc\u00edmi obchodn\u00edmi dohodami<\/strong><\/span><\/p>\n<p><span>Ukrajinsk\u00e9 \u00fa\u0159ady zaslaly polsk\u00e9 ambas\u00e1d\u011b a velvyslanectv\u00ed EU protestn\u00ed n\u00f3ty, v nich\u017e odsoudily omezen\u00ed dovozu zem\u011bd\u011blsk\u00fdch produkt\u016f zem\u011b do bloku.\u00a0Ozn\u00e1mil to v sobotu mluv\u010d\u00ed ministerstva zahrani\u010d\u00ed Oleg Nikolenko na facebookov\u00e9m p\u0159\u00edsp\u011bvku.<\/span><\/p>\n<p><span>Podle Nikolenka pova\u017euje Ukrajina omezen\u00ed za \u201e\u00a0<\/span><em><span>naprosto nep\u0159ijateln\u00e1\u201c.<\/span><\/em><\/p>\n<p><em><span>\u201eTakov\u00e1 omezen\u00ed, z jak\u00e9hokoli d\u016fvodu, nejsou v souladu s dohodou o p\u0159idru\u017een\u00ed mezi Ukrajinou a EU a z\u00e1sadami a normami jednotn\u00e9ho trhu EU<\/span><\/em><span>\u00a0,\u201c napsal.<\/span><\/p>\n<p><span>Ministr poznamenal, \u017ee Kyjev m\u00e1 \u201e\u00a0<\/span><em><span>v\u0161echny z\u00e1konn\u00e9 d\u016fvody<\/span><\/em><span>\u00a0\u201c k tomu, aby okam\u017eit\u011b obnovil sv\u016fj v\u00fdvoz do Polska, Rumunska, Ma\u010farska, Slovenska a Bulharska a pokra\u010doval v nep\u0159eru\u0161en\u00e9m tranzitu v\u0161ech ukrajinsk\u00fdch produkt\u016f do jin\u00fdch zem\u00ed v EU i mimo ni.<\/span><\/p>\n<p><span>\u201e\u00a0<\/span><em><span>Ukrajinsk\u00e9 ministerstvo zahrani\u010d\u00ed nal\u00e9halo na sv\u00e9 partnery [EU], aby na\u0161li vyv\u00e1\u017een\u00e9 \u0159e\u0161en\u00ed zalo\u017een\u00e9 na legislativ\u011b EU, asocia\u010dn\u00ed dohod\u011b a v duchu solidarity<\/span><\/em><span>\u00a0,\u201c dodal.<\/span><\/p>\n<p><span>Za\u010d\u00e1tkem tohoto m\u011bs\u00edce Polsko, Ma\u010farsko, Slovensko a Bulharsko jednostrann\u011b zak\u00e1zaly dovoz zem\u011bd\u011blsk\u00fdch produkt\u016f z Ukrajiny ve snaze ochr\u00e1nit sv\u00e9 dom\u00e1c\u00ed trhy, kter\u00e9 p\u0159et\u00e9kaj\u00ed levn\u00fdmi ukrajinsk\u00fdmi produkty.\u00a0Rumunsko nezavedlo z\u00e1kaz dovozu, ale p\u0159idalo se k dal\u0161\u00edm \u010dty\u0159em ve v\u00fdzv\u00e1ch, aby Brusel osvobodil region od ukrajinsk\u00e9ho zbo\u017e\u00ed.<\/span><\/p>\n<p><span>Po dvou t\u00fddnech diskus\u00ed dosp\u011bla Evropsk\u00e1 komise a p\u011bt \u010dlensk\u00fdch st\u00e1t\u016f v p\u00e1tek k dohod\u011b, kter\u00e1 zahrnuje nahrazen\u00ed jednotliv\u00fdch z\u00e1kaz\u016f uvalen\u00fdch zem\u011bmi na ukrajinsk\u00fd dovoz \u201enouzov\u00fdmi ochrann\u00fdmi opat\u0159en\u00edmi\u201c\u00a0<\/span><em><span>pro<\/span><\/em><span>\u00a0\u010dty\u0159i hlavn\u00ed z\u00e1kladn\u00ed potraviny \u2013 p\u0161enici, kuku\u0159ici, \u0159epku, a slune\u010dnicov\u00e1 sem\u00ednka.<\/span><\/p>\n<p><span>Zdroje tvrd\u00ed, \u017ee dovoz t\u011bchto plodin do p\u011bti v\u00fdchodoevropsk\u00fdch zem\u00ed bude pravd\u011bpodobn\u011b zablokov\u00e1n, pokud se nebude jednat o tranzit.<\/span><\/p>\n<p><img decoding=\"async\" loading=\"lazy\" class=\"alignnone size-full wp-image-1185\" src=\"http:\/\/www.infokuryr.cz\/n\/wp-content\/uploads\/2021\/04\/kuryr-podpis.png\" alt=\"\" width=\"84\" height=\"24\" \/><\/p>\n<p>&nbsp;<\/p>\n<p><img decoding=\"async\" loading=\"lazy\" class=\"wp-image-19187 aligncenter\" src=\"http:\/\/www.infokuryr.cz\/n\/wp-content\/uploads\/2022\/12\/1-PRO-300x36.jpg\" alt=\"\" width=\"1292\" height=\"155\" srcset=\"https:\/\/www.infokuryr.cz\/n\/wp-content\/uploads\/2022\/12\/1-PRO-300x36.jpg 300w, https:\/\/www.infokuryr.cz\/n\/wp-content\/uploads\/2022\/12\/1-PRO.jpg 699w\" sizes=\"(max-width: 1292px) 100vw, 1292px\" \/><\/p>\n<p>&nbsp;<\/p>\n<p>&nbsp;<\/p>\n","protected":false},"excerpt":{"rendered":"<p>\u00da\u0159ady tvrd\u00ed, \u017ee opat\u0159en\u00ed jsou v rozporu se st\u00e1vaj\u00edc\u00edmi obchodn\u00edmi dohodami Ukrajinsk\u00e9 \u00fa\u0159ady zaslaly polsk\u00e9&#8230;<\/p>\n","protected":false},"author":2,"featured_media":26957,"comment_status":"closed","ping_status":"closed","sticky":false,"template":"","format":"standard","meta":[],"categories":[7],"tags":[41,2023,815,26],"_links":{"self":[{"href":"https:\/\/www.infokuryr.cz\/n\/wp-json\/wp\/v2\/posts\/27139"}],"collection":[{"href":"https:\/\/www.infokuryr.cz\/n\/wp-json\/wp\/v2\/posts"}],"about":[{"href":"https:\/\/www.infokuryr.cz\/n\/wp-json\/wp\/v2\/types\/post"}],"author":[{"embeddable":true,"href":"https:\/\/www.infokuryr.cz\/n\/wp-json\/wp\/v2\/users\/2"}],"replies":[{"embeddable":true,"href":"https:\/\/www.infokuryr.cz\/n\/wp-json\/wp\/v2\/comments?post=27139"}],"version-history":[{"count":0,"href":"https:\/\/www.infokuryr.cz\/n\/wp-json\/wp\/v2\/posts\/27139\/revisions"}],"wp:featuredmedia":[{"embeddable":true,"href":"https:\/\/www.infokuryr.cz\/n\/wp-json\/wp\/v2\/media\/26957"}],"wp:attachment":[{"href":"https:\/\/www.infokuryr.cz\/n\/wp-json\/wp\/v2\/media?parent=27139"}],"wp:term":[{"taxonomy":"category","embeddable":true,"href":"https:\/\/www.infokuryr.cz\/n\/wp-json\/wp\/v2\/categories?post=27139"},{"taxonomy":"post_tag","embeddable":true,"href":"https:\/\/www.infokuryr.cz\/n\/wp-json\/wp\/v2\/tags?post=27139"}],"curies":[{"name":"wp","href":"https:\/\/api.w.org\/{rel}","templated":true}]}}