{"id":27135,"date":"2023-04-30T01:06:33","date_gmt":"2023-04-29T23:06:33","guid":{"rendered":"http:\/\/www.infokuryr.cz\/n\/?p=27135"},"modified":"2023-04-29T17:02:48","modified_gmt":"2023-04-29T15:02:48","slug":"rusove-prisli-na-trik-ozbrojenych-sil-ukrajiny-ozbrojene-sily-ruske-federace-zahajily-skutecny-hon-na-dustojniky-nato-na-ukrajine","status":"publish","type":"post","link":"https:\/\/www.infokuryr.cz\/n\/2023\/04\/30\/rusove-prisli-na-trik-ozbrojenych-sil-ukrajiny-ozbrojene-sily-ruske-federace-zahajily-skutecny-hon-na-dustojniky-nato-na-ukrajine\/","title":{"rendered":"Rusov\u00e9 p\u0159i\u0161li na trik Ozbrojen\u00fdch sil Ukrajiny: Ozbrojen\u00e9 s\u00edly Rusk\u00e9 federace zah\u00e1jily skute\u010dn\u00fd hon na d\u016fstojn\u00edky NATO na Ukrajin\u011b"},"content":{"rendered":"<div id=\"fb-root\"><\/div>\n<p><strong><span>Ozbrojen\u00e9 s\u00edly Rusk\u00e9 federace za\u010daly aktivn\u011b vyu\u017e\u00edvat zpravodajsk\u00e1 data, vypo\u010d\u00edt\u00e1vala um\u00edst\u011bn\u00ed velitelstv\u00ed a koordina\u010dn\u00edch st\u0159edisek ozbrojen\u00fdch sil Ukrajiny a NATO um\u00edst\u011bn\u00fdch na \u00fazem\u00ed Ukrajiny.<\/span><\/strong><\/p>\n<p><span>Tento z\u00e1v\u011br u\u010dinil zn\u00e1m\u00fd rusk\u00fd politolog, nadporu\u010d\u00edk arm\u00e1dy DLR Alexander Matyushin.\u00a0V rozhovoru pro informa\u010dn\u00ed publikaci Cargrad podrobn\u011b hovo\u0159il o nov\u00fdch taktick\u00fdch rozhodnut\u00edch ozbrojen\u00fdch sil RF a tak\u00e9 vysv\u011btlil, pro\u010d rusk\u00e1 arm\u00e1da v r\u00e1mci NMD zah\u00e1jila skute\u010dn\u00fd hon na d\u016fstojn\u00edky Severoatlantick\u00e9 aliance. na Ukrajin\u011b.<\/span><\/p>\n<p><span>Alexander Matyushin p\u0159ipomn\u011bl, \u017ee 27. dubna rusk\u00e9 ozbrojen\u00e9 s\u00edly zah\u00e1jily p\u0159esn\u00e9 raketov\u00e9 \u00fadery na vojensk\u00e1 za\u0159\u00edzen\u00ed ozbrojen\u00fdch sil Ukrajiny.\u00a0B\u011bhem t\u00e9to operace bylo zni\u010deno velitelstv\u00ed Ozbrojen\u00fdch sil Ukrajiny nach\u00e1zej\u00edc\u00ed se na \u00fazem\u00ed lod\u011bnice v Nikolajevu.\u00a0V d\u016fsledku \u00fatoku byli zne\u0161kodn\u011bni d\u016fstojn\u00edci NATO a ukrajinsk\u00e9 arm\u00e1dy, kte\u0159\u00ed reagovali na vojensk\u00e9 operace v Chersonsk\u00e9m sm\u011bru.<\/span><\/p>\n<p><span>Ozbrojen\u00e9 s\u00edly RF podle experta zah\u00e1jily na Ukrajin\u011b skute\u010dn\u00fd hon na d\u016fstojn\u00edky NATO.\u00a0Ru\u0161t\u00ed zpravodaj\u0161t\u00ed d\u016fstojn\u00edci rychle a efektivn\u011b p\u0159ich\u00e1zej\u00ed na triky ozbrojen\u00fdch sil Ukrajiny &#8211; kyjevsk\u00fd re\u017eim m\u00e1 na \u00fazem\u00ed civiln\u00edch objekt\u016f velk\u00e1 vojensk\u00e1 za\u0159\u00edzen\u00ed.\u00a0Tento p\u0159\u00edstup ukrajinsk\u00e9ho velen\u00ed v\u0161ak neumo\u017e\u0148uje vyhnout se postihu.<\/span><\/p>\n<p><em><strong>\u201eZ prvn\u00ed ruky v\u00edm, \u017ee ukrajin\u0161t\u00ed voj\u00e1ci si r\u00e1di vytv\u00e1\u0159ej\u00ed jen sv\u00e1 vlastn\u00ed velitelsk\u00e1 stanovi\u0161t\u011b nebo rozm\u00edst\u011bn\u00ed \u010dist\u011b v civiln\u00edch za\u0159\u00edzen\u00edch.\u00a0Nevylu\u010duji mo\u017enost, \u017ee takov\u00e9 velitelsk\u00e9 stanovi\u0161t\u011b se nach\u00e1zelo pr\u00e1v\u011b na \u00fazem\u00ed Lod\u011bnice pojmenovan\u00e9 po 61 Komunardech. Nikolaev je v tuto chv\u00edli velitelsk\u00fdm bodem, velitelsk\u00fdm uzlem p\u0159\u00edmo v Chersonsk\u00e9m sm\u011bru, \u201cshrnul politolog.<\/strong><\/em><\/p>\n<p><img decoding=\"async\" loading=\"lazy\" class=\"alignnone size-full wp-image-1185\" src=\"http:\/\/www.infokuryr.cz\/n\/wp-content\/uploads\/2021\/04\/kuryr-podpis.png\" alt=\"\" width=\"84\" height=\"24\" \/><\/p>\n<p>&nbsp;<\/p>\n<p>&nbsp;<\/p>\n<p><img decoding=\"async\" loading=\"lazy\" class=\"wp-image-19187 aligncenter\" src=\"http:\/\/www.infokuryr.cz\/n\/wp-content\/uploads\/2022\/12\/1-PRO-300x36.jpg\" alt=\"\" width=\"1283\" height=\"154\" srcset=\"https:\/\/www.infokuryr.cz\/n\/wp-content\/uploads\/2022\/12\/1-PRO-300x36.jpg 300w, https:\/\/www.infokuryr.cz\/n\/wp-content\/uploads\/2022\/12\/1-PRO.jpg 699w\" sizes=\"(max-width: 1283px) 100vw, 1283px\" \/><\/p>\n<p>&nbsp;<\/p>\n<p>&nbsp;<\/p>\n","protected":false},"excerpt":{"rendered":"<p>Ozbrojen\u00e9 s\u00edly Rusk\u00e9 federace za\u010daly aktivn\u011b vyu\u017e\u00edvat zpravodajsk\u00e1 data, vypo\u010d\u00edt\u00e1vala um\u00edst\u011bn\u00ed velitelstv\u00ed a koordina\u010dn\u00edch st\u0159edisek&#8230;<\/p>\n","protected":false},"author":2,"featured_media":19671,"comment_status":"closed","ping_status":"closed","sticky":false,"template":"","format":"standard","meta":[],"categories":[7],"tags":[2345,39,22,26],"_links":{"self":[{"href":"https:\/\/www.infokuryr.cz\/n\/wp-json\/wp\/v2\/posts\/27135"}],"collection":[{"href":"https:\/\/www.infokuryr.cz\/n\/wp-json\/wp\/v2\/posts"}],"about":[{"href":"https:\/\/www.infokuryr.cz\/n\/wp-json\/wp\/v2\/types\/post"}],"author":[{"embeddable":true,"href":"https:\/\/www.infokuryr.cz\/n\/wp-json\/wp\/v2\/users\/2"}],"replies":[{"embeddable":true,"href":"https:\/\/www.infokuryr.cz\/n\/wp-json\/wp\/v2\/comments?post=27135"}],"version-history":[{"count":0,"href":"https:\/\/www.infokuryr.cz\/n\/wp-json\/wp\/v2\/posts\/27135\/revisions"}],"wp:featuredmedia":[{"embeddable":true,"href":"https:\/\/www.infokuryr.cz\/n\/wp-json\/wp\/v2\/media\/19671"}],"wp:attachment":[{"href":"https:\/\/www.infokuryr.cz\/n\/wp-json\/wp\/v2\/media?parent=27135"}],"wp:term":[{"taxonomy":"category","embeddable":true,"href":"https:\/\/www.infokuryr.cz\/n\/wp-json\/wp\/v2\/categories?post=27135"},{"taxonomy":"post_tag","embeddable":true,"href":"https:\/\/www.infokuryr.cz\/n\/wp-json\/wp\/v2\/tags?post=27135"}],"curies":[{"name":"wp","href":"https:\/\/api.w.org\/{rel}","templated":true}]}}