{"id":2712,"date":"2021-06-22T06:34:39","date_gmt":"2021-06-22T04:34:39","guid":{"rendered":"http:\/\/www.infokuryr.cz\/n\/?p=2712"},"modified":"2021-06-22T06:34:39","modified_gmt":"2021-06-22T04:34:39","slug":"mutace-delta-slovensko-nebude-lidem-na-hranicich-uznavat-prodelani-nemoci-covid-19-pouze-ockovani-farmaceutickymi-roztoky","status":"publish","type":"post","link":"https:\/\/www.infokuryr.cz\/n\/2021\/06\/22\/mutace-delta-slovensko-nebude-lidem-na-hranicich-uznavat-prodelani-nemoci-covid-19-pouze-ockovani-farmaceutickymi-roztoky\/","title":{"rendered":"Mutace Delta: Slovensko nebude lidem na hranic\u00edch uzn\u00e1vat prod\u011bl\u00e1n\u00ed nemoci Covid-19, pouze o\u010dkov\u00e1n\u00ed farmaceutick\u00fdmi roztoky!"},"content":{"rendered":"<div id=\"fb-root\"><\/div>\n<h4>Mutace Delta: Slovensko nebude lidem na hranic\u00edch uzn\u00e1vat prod\u011bl\u00e1n\u00ed nemoci Covid-19, pouze o\u010dkov\u00e1n\u00ed farmaceutick\u00fdmi roztoky! Imunita z\u00edskan\u00e1 z nemoci pr\u00fd nemus\u00ed proti Delta mutaci fungovat, zato vakc\u00edny pr\u00fd asi ur\u010dit\u011b! Total Control na Slovensku byl tak spu\u0161t\u011bn je\u0161t\u011b p\u0159ed za\u010d\u00e1tkem pr\u00e1zdnin a dovolen\u00fdch, jenom vakc\u00edna v\u00e1m umo\u017en\u00ed jezdit p\u0159es hranice bez \u0161pejl\u00ed a PCR test\u016f! A pro\u010d v Belgii na\u0161li v lese t\u011blo \u00fadajn\u011b vzbou\u0159en\u00e9ho snipera, kter\u00fd pr\u00fd cht\u011bl zlikvidovat belgick\u00e9ho Prymul\u00e1ka? Op\u011bt dal\u0161\u00ed evropsk\u00e1 fale\u0161n\u00e1 vlajka s c\u00edlem generalizovan\u00e9ho vykreslen\u00ed odp\u016frc\u016f vakc\u00edn jako terorist\u016f?<\/h4>\n<p>Slovensk\u00fd ministr zdravotnictv\u00ed Vladim\u00edr Lengvarsk\u00fd p\u0159ed n\u011bkolika hodinami de facto odp\u00e1lil na Slovensku prvn\u00ed a ofici\u00e1ln\u00ed f\u00e1zi Total Control.\u00a0<strong>Ministr toti\u017e ozn\u00e1mil [<a href=\"https:\/\/href.li\/?https:\/\/www.hlavnespravy.sk\/cestovanie-mimo-hranic-slovenska-sa-zatial-obmedzovat-nebude-potvrdil-lengvarsky\/2584672\" target=\"_blank\" rel=\"nofollow noopener\">1<\/a>], \u017ee Slovensko p\u0159estane na st\u00e1tn\u00edch hranic\u00edch uzn\u00e1vat uzdraven\u00fdm lidem jejich p\u0159irozen\u011b z\u00edskanou imunitu a budou se muset p\u0159i vstupu do zem\u011b testovat pomoc\u00ed PCR test\u016f jako v\u0161echny neo\u010dkovan\u00e9 osoby, pouze lidem s vakc\u00ednami bude umo\u017en\u011bn voln\u00fd pr\u016fjezd hranicemi<\/strong>, a to pot\u00e9, co se p\u0159edb\u011b\u017en\u011b a elektronicky zaregistruj\u00ed na serveru e-Hranica.<\/p>\n<p>Ministr zdravotnictv\u00ed to zd\u016fvodnil novou mutac\u00ed koron\u00e1\u010dov\u00e9ho viru Delta (Variant B.1.617), kde pr\u00fd existuje\u00a0<em><strong>mal\u00e1 pravd\u011bpodobnost<\/strong><\/em>, \u017ee by lid\u00e9 mohli znovu dostat nemoc Covid-19, i kdy\u017e nemoc ji\u017e prod\u011blali v minulosti a maj\u00ed protil\u00e1tky. Pouze o\u010dkovan\u00ed lid\u00e9 tak budou m\u00edt voln\u00fd pohyb p\u0159es slovensk\u00e9 hranice. Na Slovensku t\u00edmto okam\u017eikem do\u0161lo k vytvo\u0159en\u00ed nov\u00e9ho spole\u010densk\u00e9ho \u0159\u00e1du, kdy o\u010dkovan\u00ed maj\u00ed na st\u00e1tn\u00edch hranic\u00edch jin\u00e1 pr\u00e1va a privilegia ne\u017e zbytek ostatn\u00edch lid\u00ed.<\/p>\n<figure id=\"attachment_47166\" class=\"wp-caption aligncenter\" style=\"width: 625px;\"><a href=\"https:\/\/aeronet.cz\/news\/wp-content\/uploads\/Vladimir-Lengvarsky_SKflag.jpg\"><img decoding=\"async\" loading=\"lazy\" class=\"wp-image-47166 \" src=\"https:\/\/aeronet.cz\/news\/wp-content\/uploads\/Vladimir-Lengvarsky_SKflag-1024x682.jpg\" sizes=\"(max-width: 700px) 100vw, 700px\" srcset=\"https:\/\/aeronet.cz\/news\/wp-content\/uploads\/Vladimir-Lengvarsky_SKflag-1024x682.jpg 1024w, https:\/\/aeronet.cz\/news\/wp-content\/uploads\/Vladimir-Lengvarsky_SKflag-300x200.jpg 300w, https:\/\/aeronet.cz\/news\/wp-content\/uploads\/Vladimir-Lengvarsky_SKflag-768x511.jpg 768w, https:\/\/aeronet.cz\/news\/wp-content\/uploads\/Vladimir-Lengvarsky_SKflag-700x466.jpg 700w, https:\/\/aeronet.cz\/news\/wp-content\/uploads\/Vladimir-Lengvarsky_SKflag-536x357.jpg 536w, https:\/\/aeronet.cz\/news\/wp-content\/uploads\/Vladimir-Lengvarsky_SKflag-726x483.jpg 726w, https:\/\/aeronet.cz\/news\/wp-content\/uploads\/Vladimir-Lengvarsky_SKflag.jpg 1280w\" alt=\"\" width=\"625\" height=\"416\" \/><\/a><figcaption class=\"wp-caption-text\">Vladim\u00edr Lengvarsk\u00fd, ministr zdravotnictv\u00ed SR<\/figcaption><\/figure>\n<p>Z\u00e1rove\u0148 z\u016fst\u00e1v\u00e1 z\u00e1hadou, kde bere slovensk\u00fd ministr zdravotnictv\u00ed jistotu, \u017ee o\u010dkovan\u00ed lid\u00e9 jsou odoln\u00ed v\u016f\u010di nov\u00e9 mutaci Delta? Kde proboha p\u0159i\u0161el k takov\u00e9mu poznatku? Podle informac\u00ed na\u0161\u00ed redakce dosud neexistuje \u017e\u00e1dn\u00e1 odborn\u00e1 studie, ani porovn\u00e1n\u00ed, kter\u00e9 by uk\u00e1zalo, jak kter\u00e9 vakc\u00edny jsou odoln\u00e9 proti Delta variant\u011b viru. Dokonce ani WHO zat\u00edm nedisponuje takovou studi\u00ed.\u00a0<strong>Odkud tedy slovensk\u00fd ministr zdravotnictv\u00ed \u010derpal?<\/strong>\u00a0Dosud neexistuj\u00ed naprosto \u017e\u00e1dn\u00e1 v\u011brohodn\u00e1 data, kter\u00e1 by prokazovala, \u017ee lid\u00e9 s p\u0159irozen\u011b prod\u011blanou nemoc\u00ed maj\u00ed men\u0161\u00ed imunitu proti Delta kmenu, ne\u017e lid\u00e9 o\u010dkovan\u00ed r\u016fzn\u00fdmi a hlavn\u011b r\u016fzn\u011b spolehliv\u00fdmi vakc\u00ednami.<\/p>\n<h6><span style=\"font-size: 14pt;\">Slovensk\u00e9 hranice p\u0159ekro\u010d\u00edte voln\u011b u\u017e jen s vakc\u00ednou, ostatn\u00ed lid\u00e9 jsou nyn\u00ed ofici\u00e1ln\u011b 2. kategori\u00ed osob s omezen\u00fdmi pr\u00e1vy na svobodu pohybu<\/span><\/h6>\n<p>Rozhodnut\u00ed slovensk\u00e9ho ministra tak jasn\u011b ukazuje, \u017ee jedin\u00fdm c\u00edlem je prosadit na Slovensku o\u010dkov\u00e1n\u00ed za ka\u017edou cenu, jak\u00fdmikoliv prost\u0159edky.\u00a0<strong>Prod\u011bl\u00e1n\u00ed nemoci a ani potvrzen\u00ed o prod\u011bl\u00e1n\u00ed nemoci neumo\u017en\u00ed lidem svobodn\u011b cestovat p\u0159es hranice, jako tomu bylo je\u0161t\u011b koncem roku 2019. Pouze vakc\u00edna lidem zajist\u00ed voln\u00fd pr\u016fjezd hranic\u00ed, ale a\u017e po p\u0159edchoz\u00edm elektronick\u00e9m ohl\u00e1\u0161en\u00ed.<\/strong>\u00a0V\u0161ichni ostatn\u00ed budou muset vyt\u00e1hnout 50 a\u017e 120 EUR pro po\u0159\u00edzen\u00ed PCR testu. A tohle v\u0161echno kv\u016fli \u010demu? Kv\u016fli \u00fadajn\u00e9 nov\u00e9 mutaci. Mutace se pou\u017eije jako univerz\u00e1ln\u00ed z\u00e1minka za ka\u017ed\u00e9 situace a u\u017e napo\u0159\u00e1d.<\/p>\n<figure id=\"attachment_47167\" class=\"wp-caption aligncenter\" style=\"width: 573px;\"><a href=\"https:\/\/aeronet.cz\/news\/wp-content\/uploads\/MutaceCovidArea.jpg\"><img decoding=\"async\" loading=\"lazy\" class=\"wp-image-47167 \" src=\"https:\/\/aeronet.cz\/news\/wp-content\/uploads\/MutaceCovidArea-1024x702.jpg\" sizes=\"(max-width: 700px) 100vw, 700px\" srcset=\"https:\/\/aeronet.cz\/news\/wp-content\/uploads\/MutaceCovidArea-1024x702.jpg 1024w, https:\/\/aeronet.cz\/news\/wp-content\/uploads\/MutaceCovidArea-300x206.jpg 300w, https:\/\/aeronet.cz\/news\/wp-content\/uploads\/MutaceCovidArea-768x527.jpg 768w, https:\/\/aeronet.cz\/news\/wp-content\/uploads\/MutaceCovidArea-700x480.jpg 700w, https:\/\/aeronet.cz\/news\/wp-content\/uploads\/MutaceCovidArea-520x357.jpg 520w, https:\/\/aeronet.cz\/news\/wp-content\/uploads\/MutaceCovidArea-704x483.jpg 704w, https:\/\/aeronet.cz\/news\/wp-content\/uploads\/MutaceCovidArea.jpg 1280w\" alt=\"\" width=\"573\" height=\"393\" \/><\/a><figcaption class=\"wp-caption-text\">Nov\u00e1 mutace p\u0159i\u0161la op\u011bt z Velk\u00e9 Brit\u00e1nie, stejn\u011b jako vloni. Laborato\u0159e Porton Down se opravdu \u010din\u00ed a Boris Johnson asi dob\u0159e plat\u00ed\u2026<\/figcaption><\/figure>\n<p>Mutace m\u016f\u017ee napadnout i lidi s prod\u011blanou nemoc\u00ed, pouze o\u010dkovan\u00e9 lidi nenapadne. Sice je to nehor\u00e1zn\u00e1 le\u017e a nesmysl, ale to dnes nikoho nezaj\u00edm\u00e1. Pravda je pouze to, co \u0159eknou v televizi a co \u0159ekne ministr.\u00a0<strong>Znovu se tak potvrzuje, \u017ee nikdy ne\u0161lo o ochranu zdrav\u00ed ob\u010dan\u016f, ale o d\u011bsiv\u00fd pl\u00e1n nao\u010dkov\u00e1n\u00ed a n\u00e1sledn\u00e9ho evidov\u00e1n\u00ed a kontrolov\u00e1n\u00ed zao\u010dkovan\u00e9 populace<\/strong>\u00a0pomoc\u00ed elektronick\u00fdch aplikac\u00ed, p\u0159eshrani\u010dn\u00edch p\u0159\u00edjezdov\u00fdch elektronick\u00fdch formul\u00e1\u0159\u016f, zaveden\u00ed segregovan\u00e9 ob\u010dansk\u00e9 spole\u010dnosti rozd\u011blen\u00e9 podle vakcina\u010dn\u00edho kl\u00ed\u010de na zp\u016fsob apartheidov\u00e9ho d\u011blen\u00ed populace a samoz\u0159ejm\u011b pravideln\u00e1 a nekone\u010dn\u00e1 p\u0159eo\u010dkov\u00e1n\u00ed, a to pr\u00e1v\u011b kv\u016fli nekone\u010dn\u00fdm mutac\u00edm.<\/p>\n<h6><span style=\"font-size: 14pt;\">Registra\u010dn\u00ed p\u0159\u00edjezdov\u00e9 formul\u00e1\u0159e pro v\u0161echny, i vakcinovan\u00e9 osoby. Pro\u010d? Proto\u017ee Total Control!<\/span><\/h6>\n<p>Tento syst\u00e9m absolutn\u00ed a trval\u00e9 kontroly nad pohybem obyvatelstva se naz\u00fdv\u00e1 Total Control a je to jeden z pil\u00ed\u0159\u016f Brave New World, nov\u00e9ho spole\u010densk\u00e9ho \u0159\u00e1du, kde lid\u00e9 ztrat\u00ed status svobodn\u00fdch bytost\u00ed a stanou se nevoln\u00edky a otroky, kte\u0159\u00ed nebudou sm\u011bt svobodn\u011b cestovat, svobodn\u011b se pohybovat, vstupovat do budov a n\u00e1kupn\u00edch center, nebudou moci vyu\u017e\u00edvat slu\u017eeb, budou segregov\u00e1ni a izolov\u00e1ni, p\u0159i\u010dem\u017e mal\u00e9 penzum svobod bude navr\u00e1ceno t\u011bm, kte\u0159\u00ed se dobrovoln\u011b a t\u0159eba i na s\u00edlu nechaj\u00ed pravideln\u011b o\u010dkovat.<\/p>\n<p><strong>A spolu s o\u010dkov\u00e1n\u00edm i sledovat, pomoc\u00ed aplikac\u00ed v telefonech, pomoc\u00ed p\u0159\u00edjezdov\u00fdch registra\u010dn\u00edch formul\u00e1\u0159\u016f na hranic\u00edch atd. K \u010demu t\u0159eba pot\u0159ebuje st\u00e1t p\u0159\u00edjezdov\u00fd formul\u00e1\u0159? No, rozhodn\u011b ne kv\u016fli tomu, aby zajistil va\u0161e zdrav\u00ed,<\/strong>\u00a0anebo zdrav\u00ed ostatn\u00edch lid\u00ed. St\u00e1t pot\u0159ebuje v\u0161echny lidi prov\u011b\u0159it a zan\u00e9st do mezin\u00e1rodn\u00edch vyhodnocovac\u00edch datab\u00e1z\u00ed, jestli nejste terorista, jestli jste dobr\u00fd, jestli nem\u00e1te z\u00e1znam.<\/p>\n<figure id=\"attachment_47170\" class=\"wp-caption aligncenter\" style=\"width: 613px;\"><a href=\"https:\/\/aeronet.cz\/news\/wp-content\/uploads\/DeltaMutaceVariant.jpg\"><img decoding=\"async\" loading=\"lazy\" class=\"wp-image-47170 \" src=\"https:\/\/aeronet.cz\/news\/wp-content\/uploads\/DeltaMutaceVariant-1024x576.jpg\" sizes=\"(max-width: 700px) 100vw, 700px\" srcset=\"https:\/\/aeronet.cz\/news\/wp-content\/uploads\/DeltaMutaceVariant-1024x576.jpg 1024w, https:\/\/aeronet.cz\/news\/wp-content\/uploads\/DeltaMutaceVariant-300x169.jpg 300w, https:\/\/aeronet.cz\/news\/wp-content\/uploads\/DeltaMutaceVariant-768x432.jpg 768w, https:\/\/aeronet.cz\/news\/wp-content\/uploads\/DeltaMutaceVariant-700x394.jpg 700w, https:\/\/aeronet.cz\/news\/wp-content\/uploads\/DeltaMutaceVariant-635x357.jpg 635w, https:\/\/aeronet.cz\/news\/wp-content\/uploads\/DeltaMutaceVariant-859x483.jpg 859w, https:\/\/aeronet.cz\/news\/wp-content\/uploads\/DeltaMutaceVariant.jpg 1280w\" alt=\"\" width=\"613\" height=\"345\" \/><\/a><figcaption class=\"wp-caption-text\">Nov\u00e1 mutace z Velk\u00e9 Brit\u00e1nie<\/figcaption><\/figure>\n<p>Prov\u011b\u0159\u00ed, jestli jste o\u010dkovan\u00fd, jak\u00fd m\u00e1te telefon a jeho \u010d\u00edslo, kter\u00e9 je okam\u017eit\u011b zam\u011b\u0159eno a po vstupu na \u00fazem\u00ed st\u00e1tu oper\u00e1torem nahr\u00e1v\u00e1no a sledov\u00e1no, jak\u00fd m\u00e1te email, kter\u00fd je okam\u017eit\u011b ve spolupr\u00e1ci se soci\u00e1ln\u00edmi s\u00edt\u011bmi ztoto\u017en\u011bn s va\u0161imi profily na soci\u00e1ln\u00edch s\u00edt\u00edch, jak ned\u00e1vno vyl\u00ed\u010dil d\u011bsiv\u00e9 sledovac\u00ed praktiky pohybu populace Edward Snowden. Okam\u017eit\u011b algoritmy prov\u011b\u0159uj\u00ed v\u0161echny va\u0161e p\u0159\u00edsp\u011bvky a koment\u00e1\u0159e. A ihned je patrn\u00e9 a zjevn\u00e9, jestli jste dobr\u00fd, anebo jestli jste odp\u016frce vakc\u00edn a Total Control.<\/p>\n<p>Oni nepot\u0159ebuj\u00ed p\u0159\u00edjezdov\u00fd formul\u00e1\u0159 kv\u016fli zdrav\u00ed, ale kv\u016fli va\u0161emu sledov\u00e1n\u00ed a prov\u011b\u0159en\u00ed.\u00a0<strong>Data kon\u010d\u00ed na americk\u00fdch analytick\u00fdch serverech NSA, kde se vyhodnocuj\u00ed pre-crime faktory p\u0159\u00edsp\u011bvk\u016f na soci\u00e1ln\u00edch s\u00edt\u00edch<\/strong>, jak u\u017e d\u0159\u00edve odhalil pre-crime programy NSA analytik Edward Snowden. Kdy\u017e se zaregistrujete p\u0159i cest\u011b p\u0159es hranice n\u011bjak\u00e9ho evropsk\u00e9ho st\u00e1tu, va\u0161e data skon\u010d\u00ed v mamut\u00ed datab\u00e1zi v NSA. A pokud jde o pre-crime opat\u0159en\u00ed, tak kroky k zaveden\u00ed preventivn\u00ed kriminalizace se opravdu urychluj\u00ed.<\/p>\n<h6><span style=\"font-size: 14pt;\">Belgick\u00fd Rambo pr\u00fd cht\u011bl odd\u011blat m\u00edstn\u00edho virologa zodpov\u011bdn\u00e9ho za covidov\u00fd teror, ale voj\u00e1k zmizel a nalezena byla jen jeho tlej\u00edc\u00ed a rozkl\u00e1daj\u00edc\u00ed se mrtvola<\/span><\/h6>\n<p>V\u010dera jsme publikovali \u010dl\u00e1nek\u00a0<strong>[<a href=\"https:\/\/aeronet.cz\/news\/video-energicka-poslankyne-za-stranu-rakouskych-svobodnych-kricela-na-vladu-nesahejte-nam-na-deti-nejen-v-rakousku-chteji-vstrikovat-do-zil-experimentalni-roztoky-detem-ve-veku-pouhych-12-let\/\">2<\/a>]<\/strong>\u00a0o referendu ve \u0160v\u00fdcarsku, kde zblbl\u00ed \u0160v\u00fdca\u0159i si odhlasovali pr\u00e1vo policie na preventivn\u00ed kriminalizaci osob star\u0161\u00edch 12 let v p\u0159\u00edpad\u011b, \u017ee policie pojme podez\u0159en\u00ed, \u017ee osoba by teoreticky mohla v bl\u00edzk\u00e9 dob\u011b dosp\u011bt do st\u00e1dia radikalizace a prov\u00e9st teroristick\u00fd \u00fatok. \u0160v\u00fdca\u0159i tak potvrdili, \u017ee jsou velice lehce zmanipulovateln\u00ed, jakmile dojde na vykreslen\u00ed hrozby jejich bezpe\u010dnosti. Jen\u017ee, tento proces zav\u00e1d\u011bn\u00ed pre-crime pravomoc\u00ed se pr\u00e1v\u011b odehr\u00e1v\u00e1 i v Belgii.<\/p>\n<p>Tam toti\u017e do\u0161lo p\u0159ed m\u011bs\u00edcem opravdu k bizarn\u00ed ud\u00e1losti.\u00a0<strong>T\u011blo nalezen\u00e9 v sobotu v belgick\u00e9m lese pat\u0159ilo voj\u00e1kovi, kter\u00fd p\u0159ed m\u011bs\u00edcem uprchl ze sv\u00e9 jednotky s arzen\u00e1lem zbran\u00ed a vyhro\u017eoval, \u017ee zavra\u017ed\u00ed p\u0159edn\u00edho virologa v zemi, uvedlo belgick\u00e9 ministerstvo obrany [<a href=\"https:\/\/href.li\/?https:\/\/www.idnes.cz\/zpravy\/zahranicni\/belgie-vojak-policie-sebevrazda.A210621_085257_zahranicni_jhr\" target=\"_blank\" rel=\"nofollow noopener\">3<\/a>].<\/strong>\u00a0Pot\u00e9, co 17. kv\u011btna zmizel veter\u00e1n a odst\u0159elova\u010d Jurgen Conings, bylo zah\u00e1jeno rozs\u00e1hl\u00e9 p\u00e1tr\u00e1n\u00ed, do kter\u00e9ho se zapojila belgick\u00e1 arm\u00e1da a policie a arm\u00e1dy sousedn\u00edho N\u011bmecka a Nizozemska.<\/p>\n<figure id=\"attachment_47169\" class=\"wp-caption aligncenter\" style=\"width: 621px;\"><a href=\"https:\/\/aeronet.cz\/news\/wp-content\/uploads\/JurgenConings.jpg\"><img decoding=\"async\" loading=\"lazy\" class=\"wp-image-47169 \" src=\"https:\/\/aeronet.cz\/news\/wp-content\/uploads\/JurgenConings-1024x683.jpg\" sizes=\"(max-width: 700px) 100vw, 700px\" srcset=\"https:\/\/aeronet.cz\/news\/wp-content\/uploads\/JurgenConings-1024x683.jpg 1024w, https:\/\/aeronet.cz\/news\/wp-content\/uploads\/JurgenConings-300x200.jpg 300w, https:\/\/aeronet.cz\/news\/wp-content\/uploads\/JurgenConings-768x512.jpg 768w, https:\/\/aeronet.cz\/news\/wp-content\/uploads\/JurgenConings-700x467.jpg 700w, https:\/\/aeronet.cz\/news\/wp-content\/uploads\/JurgenConings-535x357.jpg 535w, https:\/\/aeronet.cz\/news\/wp-content\/uploads\/JurgenConings-724x483.jpg 724w, https:\/\/aeronet.cz\/news\/wp-content\/uploads\/JurgenConings.jpg 1100w\" alt=\"\" width=\"621\" height=\"414\" \/><\/a><figcaption class=\"wp-caption-text\">Jurgen Conings<\/figcaption><\/figure>\n<p>\u0160esta\u010dty\u0159icetilet\u00fd voj\u00e1k s bojov\u00fdmi zku\u0161enostmi z Ir\u00e1ku a Afgh\u00e1nist\u00e1nu uko\u0159istil podle informac\u00ed z vojensk\u00e9ho skladu n\u011bkolik protitankov\u00fdch st\u0159el, samopal, pistoli a nepr\u016fst\u0159elnou vestu a p\u0159ed sv\u00fdm zmizen\u00edm zanechal vzkazy s v\u00fdhr\u016f\u017ekami smrt\u00ed na adresu nejvy\u0161\u0161\u00edch belgick\u00fdch p\u0159edstavitel\u016f.\u00a0<strong>Zn\u00e1m\u00fd n\u00e1rodn\u00ed virolog Marc Van Ranst, kter\u00fd se pod\u00edlel na lockdownov\u00fdch omezen\u00edch kv\u016fli Covid-19 v Belgii, byl rovn\u011b\u017e na tomto seznamu a nakonec byl \u00fa\u0159ady p\u0159evezen na bezpe\u010dn\u00e9 m\u00edsto.<\/strong>\u00a0V jednom ze sv\u00fdch vzkaz\u016f Conings vysv\u011btloval, \u017ee \u201c<em>u\u017e nem\u016f\u017ee \u017e\u00edt ve spole\u010dnosti, kde n\u00e1m politici a virologov\u00e9 v\u0161echno vzali<\/em>\u201c, a varoval, \u017ee se nehodl\u00e1 vzd\u00e1t v klidu.<\/p>\n<h6><span style=\"font-size: 14pt;\">Nejprve napsal pap\u00edr, co chce sp\u00e1chat. Potom ukradl zbran\u011b, odjel do lesa a zabil se\u2026 aneb mainstreamov\u00e9 poh\u00e1dky Ov\u010d\u00ed babi\u010dky<\/span><\/h6>\n<p>Byl okam\u017eit\u011b ozna\u010den za \u201c<em>podez\u0159el\u00e9ho z terorismu<\/em>\u201d kv\u016fli sv\u00fdm krajn\u011b pravicov\u00fdm a protivakcina\u010dn\u00edm n\u00e1zor\u016fm, kter\u00e9 byly zn\u00e1my i vojensk\u00e9 rozv\u011bdce. Belgick\u00e1 m\u00e9dia si hned kladla ot\u00e1zku, jak je mo\u017en\u00e9, \u017ee osoba s extremistick\u00fdmi vazbami m\u00e1 p\u0159\u00edstup k t\u011b\u017ek\u00fdm zbran\u00edm. P\u0159esto\u017ee se jednalo o bezpe\u010dnostn\u00ed hrozbu, stal se zb\u011bhl\u00fd voj\u00e1k tak\u00e9 symbolem pro n\u011bkter\u00e9 obyvatele Belgie, kte\u0159\u00ed jsou podobn\u011b nespokojeni s lockdowny a dal\u0161\u00edmi omezen\u00edmi v souvislosti s koronavirem.<\/p>\n<p>Str\u00e1nka na Facebooku s n\u00e1zvem\u00a0<em>\u201cJako 1 za Jurgena\u201d<\/em>\u00a0p\u0159il\u00e1kala 50 000 p\u0159\u00edznivc\u016f, ne\u017e se ji technologick\u00fd gigant rozhodl zru\u0161it kv\u016fli tvrzen\u00ed, \u017ee by mohla podn\u011bcovat n\u00e1sil\u00ed.\u00a0<strong>Facebook rovn\u011b\u017e podle informac\u00ed nahl\u00e1sil belgick\u00e9 policii IP adresy v\u0161ech zhruba 50 000 fanou\u0161k\u016f t\u00e9to str\u00e1nky, v\u010detn\u011b jejich soukrom\u00e9 po\u0161ty, kterou nyn\u00ed proch\u00e1z\u00ed belgick\u00e1 policie.<\/strong><\/p>\n<figure id=\"attachment_47168\" class=\"wp-caption aligncenter\" style=\"width: 573px;\"><a href=\"https:\/\/aeronet.cz\/news\/wp-content\/uploads\/ConingsMedals.jpg\"><img decoding=\"async\" loading=\"lazy\" class=\"wp-image-47168 \" src=\"https:\/\/aeronet.cz\/news\/wp-content\/uploads\/ConingsMedals-1024x683.jpg\" sizes=\"(max-width: 700px) 100vw, 700px\" srcset=\"https:\/\/aeronet.cz\/news\/wp-content\/uploads\/ConingsMedals-1024x683.jpg 1024w, https:\/\/aeronet.cz\/news\/wp-content\/uploads\/ConingsMedals-300x200.jpg 300w, https:\/\/aeronet.cz\/news\/wp-content\/uploads\/ConingsMedals-768x512.jpg 768w, https:\/\/aeronet.cz\/news\/wp-content\/uploads\/ConingsMedals-700x467.jpg 700w, https:\/\/aeronet.cz\/news\/wp-content\/uploads\/ConingsMedals-535x357.jpg 535w, https:\/\/aeronet.cz\/news\/wp-content\/uploads\/ConingsMedals-724x483.jpg 724w, https:\/\/aeronet.cz\/news\/wp-content\/uploads\/ConingsMedals.jpg 1100w\" alt=\"\" width=\"573\" height=\"382\" \/><\/a><figcaption class=\"wp-caption-text\">Jurgen Conings s celu \u0159adou v\u00e1le\u010dn\u00fdch vyznamen\u00e1n\u00ed. A tenhle man\u00edk pr\u00fd sp\u00e1chal sebevra\u017edu v osam\u011bn\u00ed n\u011bkde v les\u00edku? Maj\u00ed n\u00e1s global\u010diky v\u00e1\u017en\u011b za idioty?<\/figcaption><\/figure>\n<p>Coningsovo auto bylo nalezeno na okraji n\u00e1rodn\u00edho parku Hoge Kempen nedaleko nizozemsk\u00fdch hranic jen n\u011bkolik hodin po jeho zmizen\u00ed. A tady cel\u00fd p\u0159\u00edb\u011bh za\u010d\u00edn\u00e1 smrd\u011bt. Ale opravdu hodn\u011b. Uvnit\u0159 auta se toti\u017e nach\u00e1zely raketomety a \u00fadajn\u011b v\u0161e bylo nastra\u017eeno gran\u00e1tem spojen\u00fdm se dve\u0159mi pomoc\u00ed dr\u00e1t\u016f. Pozd\u011bji p\u00e1tra\u010di narazili v lese na m\u00edsto, kde se voj\u00e1k mohl ut\u00e1bo\u0159it. P\u00e1tr\u00e1n\u00ed nep\u0159ineslo \u017e\u00e1dn\u00e9 nov\u00e9 stopy o tom, kde se Conings, kter\u00e9ho m\u00e9dia naz\u00fdvala \u201cRambo\u201d kv\u016fli jist\u00e9 podobnosti jeho p\u0159\u00edb\u011bhu s ak\u010dn\u00edm filmem Sylvestera Stalloneho z roku 1982, nach\u00e1z\u00ed.<\/p>\n<h6><span style=\"font-size: 14pt;\">Starosta si vyjel do lesa a uc\u00edtil smrad. Lovec narazil na voj\u00e1kovu nohu. M\u00edsto akce se voj\u00e1k pr\u00fd odjel zab\u00edt do les\u00edka, ale a\u017e potom, co vykradl muni\u010dn\u00ed sklad a rozeslal pap\u00edry o sv\u00fdch \u00famyslech<\/span><\/h6>\n<p>To platilo a\u017e do ned\u011ble, kdy se starosta (jak\u00e1 to n\u00e1hoda, \u017ee zrovna starosta) m\u011bsta Maaseik Johan Tollenaere vydal do n\u00e1rodn\u00edho parku na proj\u00ed\u017e\u010fku na kole. Podle \u00fa\u0159edn\u00edka v ur\u010dit\u00e9m okam\u017eiku uc\u00edtil z k\u0159ov\u00ed siln\u00fd z\u00e1pach rozkl\u00e1daj\u00edc\u00edho se masa a informoval o tom z\u00e1chrannou slu\u017ebu a arm\u00e1du. M\u00edstn\u00ed m\u00e9dia v\u0161ak uvedla, \u017ee to nebyl starosta, ale m\u00edstn\u00ed lovec Leonard Houben, kdo na t\u011blo narazil jako prvn\u00ed a zalarmoval policii. Houben tvrd\u00ed, \u017ee p\u0159i p\u00e1tr\u00e1n\u00ed po z\u00e1pachu narazil na Coningsovu nohu.<\/p>\n<p>Prokuratura uvedla, \u017ee z\u00e1pach poch\u00e1zel z lidsk\u00e9ho t\u011bla a \u017ee podle prvn\u00edch zji\u0161t\u011bn\u00ed pat\u0159ilo Coningsovi. Zb\u011bhl\u00fd voj\u00e1k si z\u0159ejm\u011b vzal \u017eivot, ale bude zapot\u0159eb\u00ed dal\u0161\u00edho vy\u0161et\u0159ov\u00e1n\u00ed, aby se to dalo s jistotou ur\u010dit, dodali. Belgick\u00e9 ministerstvo obrany pozd\u011bji opravdu potvrdilo, \u017ee t\u011blo pat\u0159ilo Coningsovi. Jen\u017ee probl\u00e9m je v tom, \u017ee cel\u00fd tento p\u0159\u00edb\u011bh ned\u00e1v\u00e1 smysl.\u00a0<strong>Pokud by veter\u00e1n a sniper z Afgh\u00e1nist\u00e1nu do\u0161el do bodu radikalizace, tak by rozhodn\u011b neukradl z vojensk\u00e9ho skladu munici a zbran\u011b, aby s nimi dojel k les\u00edku, a tam sp\u00e1chal sebevra\u017edu.<\/strong><\/p>\n<figure id=\"attachment_47173\" class=\"wp-caption aligncenter\" style=\"width: 632px;\"><a href=\"https:\/\/aeronet.cz\/news\/wp-content\/uploads\/ConningsManhunt.jpg\"><img decoding=\"async\" loading=\"lazy\" class=\"wp-image-47173 \" src=\"https:\/\/aeronet.cz\/news\/wp-content\/uploads\/ConningsManhunt-1024x696.jpg\" sizes=\"(max-width: 700px) 100vw, 700px\" srcset=\"https:\/\/aeronet.cz\/news\/wp-content\/uploads\/ConningsManhunt-1024x696.jpg 1024w, https:\/\/aeronet.cz\/news\/wp-content\/uploads\/ConningsManhunt-300x204.jpg 300w, https:\/\/aeronet.cz\/news\/wp-content\/uploads\/ConningsManhunt-768x522.jpg 768w, https:\/\/aeronet.cz\/news\/wp-content\/uploads\/ConningsManhunt-700x476.jpg 700w, https:\/\/aeronet.cz\/news\/wp-content\/uploads\/ConningsManhunt-525x357.jpg 525w, https:\/\/aeronet.cz\/news\/wp-content\/uploads\/ConningsManhunt-711x483.jpg 711w, https:\/\/aeronet.cz\/news\/wp-content\/uploads\/ConningsManhunt.jpg 1280w\" alt=\"\" width=\"632\" height=\"430\" \/><\/a><figcaption class=\"wp-caption-text\">Belgick\u00e1 arm\u00e1da zah\u00e1jila na Coningse obrovsk\u00fd hon i za pou\u017eit\u00ed obrn\u011bn\u00fdch transport\u00e9r\u016f<\/figcaption><\/figure>\n<p>Takov\u00e9 dezinforma\u010dn\u00ed chucpe m\u016f\u017ee vymyslet jen debil, a krom\u011b debila samoz\u0159ejm\u011b mainstreamov\u00ed novin\u00e1\u0159i. Tento p\u0159\u00edb\u011bh toti\u017e ned\u00e1v\u00e1 naprosto \u017e\u00e1dn\u00fd smysl. Voj\u00e1k, kter\u00fd p\u0159iprav\u00ed pl\u00e1n, se neodjede zab\u00edt do lesa s autem pln\u00fdm odcizen\u00fdch zbran\u00ed. Pro\u010d by se voj\u00e1k zab\u00edjel, ani\u017e by nejprve odd\u011blal n\u011bkoho z organiz\u00e1tor\u016f covidov\u00e9ho teroru? V\u017edy\u0165 to ned\u00e1v\u00e1 smysl. A pro\u010d by za sebou nech\u00e1val n\u011bjak\u00fd stupidn\u00ed pap\u00edr, ve kter\u00e9m by dop\u0159edu odhaloval, co m\u00e1 v pl\u00e1nu? Co je to za poh\u00e1dky? A jak tento p\u0159\u00edpad skon\u010dil?<\/p>\n<p><strong>Ano, skon\u010dil mrtvolou v rozkladu a podle patologie je to pr\u00fd on. Nikomu se tedy nic nestalo, krom\u011b voj\u00e1ka, ale Belgie je na nohou a vl\u00e1da se hodl\u00e1 zab\u00fdvat radikalizac\u00ed ob\u010dan\u016f odporuj\u00edc\u00edch covidov\u00e9mu teroru.<\/strong>\u00a0Nyn\u00ed m\u00e1 vl\u00e1da z\u00e1minku, \u0161\u00edlen\u00e9ho voj\u00e1ka, kter\u00fd pr\u00fd cht\u011bl vra\u017edit. Z\u00e1minka je tedy na sv\u011bt\u011b a belgick\u00e1 vl\u00e1da u\u017e zkoum\u00e1 50 000 \u00fa\u010dt\u016f na Facebooku a brzy se do\u010dk\u00e1me pre-crime opat\u0159en\u00ed v Belgii proti lidem, kte\u0159\u00ed by se mohli v budoucnu radikalizovat. A jako d\u016fkaz se lidem p\u0159edhod\u00ed kauza zradikalizovan\u00e9ho a nyn\u00ed pr\u00fd mrtv\u00e9ho voj\u00e1ka. U\u017e v\u00e1m to doch\u00e1z\u00ed?<\/p>\n<h6><span style=\"font-size: 14pt;\">Fale\u0161n\u00e1 vlajka s c\u00edlem legislativn\u011b uz\u00e1konit preventivn\u00ed kriminalizaci do trestn\u00edho \u0159\u00e1du Belgie a v\u0161ech dal\u0161\u00edch evropsk\u00fdch zem\u00ed<\/span><\/h6>\n<p>Ti dobytkov\u00e9 globalist\u00e9 od Klause Schwaba se sna\u017e\u00ed t\u011bmito fale\u0161n\u00fdmi vlajkami z\u00edskat z\u00e1minky a ospravedln\u011bn\u00ed v o\u010d\u00edch ve\u0159ejnosti pro nemlich ty sam\u00e9 z\u00e1kony a policejn\u00ed pre-crime pravomoci, jak\u00e9 si odhlasovali v referendu \u0160v\u00fdca\u0159i v domovsk\u00e9 zemi \u0161\u00e9fa Sv\u011btov\u00e9ho ekonomick\u00e9ho f\u00f3ra. Naprosto dokonale to zapad\u00e1 do mozaiky, \u010dasov\u011b je to synchronizov\u00e1no do jednoho segmentu.<\/p>\n<p><strong>Global\u010diky v\u011bd\u00ed, \u017ee \u010d\u00e1st ve\u0159ejnosti nep\u0159ijme Total Control a bude se radikalizovat, ale nelze \u010dekat na to, a\u017e jich budou miliony, to by globalist\u00e9 nemuseli ust\u00e1t.<\/strong>\u00a0A tak se hledaj\u00ed cesty k dystopick\u00e9 vizi programovac\u00edho filmu Minority Report. Globalist\u00e9 cht\u011bj\u00ed preventivn\u011b kriminalizovat kohokoliv, koho po\u010d\u00edta\u010de, um\u011bl\u00e1 inteligence a algoritmy soci\u00e1ln\u00edch s\u00edt\u00ed odhadnou, \u017ee by se mohl v bl\u00edzk\u00e9 dob\u011b radikalizovat.<\/p>\n<figure id=\"attachment_47172\" class=\"wp-caption aligncenter\" style=\"width: 610px;\"><a href=\"https:\/\/aeronet.cz\/news\/wp-content\/uploads\/ConingsHero.jpg\"><img decoding=\"async\" loading=\"lazy\" class=\"wp-image-47172 \" src=\"https:\/\/aeronet.cz\/news\/wp-content\/uploads\/ConingsHero-1024x684.jpg\" sizes=\"(max-width: 700px) 100vw, 700px\" srcset=\"https:\/\/aeronet.cz\/news\/wp-content\/uploads\/ConingsHero-1024x684.jpg 1024w, https:\/\/aeronet.cz\/news\/wp-content\/uploads\/ConingsHero-300x200.jpg 300w, https:\/\/aeronet.cz\/news\/wp-content\/uploads\/ConingsHero-768x513.jpg 768w, https:\/\/aeronet.cz\/news\/wp-content\/uploads\/ConingsHero-700x468.jpg 700w, https:\/\/aeronet.cz\/news\/wp-content\/uploads\/ConingsHero-534x357.jpg 534w, https:\/\/aeronet.cz\/news\/wp-content\/uploads\/ConingsHero-723x483.jpg 723w, https:\/\/aeronet.cz\/news\/wp-content\/uploads\/ConingsHero.jpg 1280w\" alt=\"\" width=\"610\" height=\"408\" \/><\/a><figcaption class=\"wp-caption-text\">Lid\u00e9 mezit\u00edm demonstrovali na Coningsovu podporu, \u017ee je hrdina<\/figcaption><\/figure>\n<p>A takov\u00e1 osoba bude monitorov\u00e1na, sledov\u00e1na, odposlouch\u00e1v\u00e1na, bude j\u00ed omezeno pr\u00e1vo svobodn\u00e9ho pohybu a vstupu do objekt\u016f s vy\u0161\u0161\u00edm po\u010dtem lid\u00ed, bude j\u00ed zak\u00e1z\u00e1no opou\u0161t\u011bt byt ve stanoven\u00e9 no\u010dn\u00ed hodiny, bude j\u00ed zak\u00e1z\u00e1no opustit m\u011bsto, opustit okres, m\u011bstskou \u010dtvr\u0165, bude sledov\u00e1na mobiln\u00edm telefonem, n\u00e1ramkem na ruce, pozd\u011bji \u010dipem. Osoba je\u0161t\u011b p\u0159itom nic nesp\u00e1chala, ale algoritmus policie vypo\u010d\u00edtal, \u017ee by v bl\u00edzk\u00e9 dob\u011b mohla. A k tomu jsou pot\u0159eba p\u0159ijmout z\u00e1kony.<\/p>\n<p><strong>Ve Swissu je hotovo, vymalov\u00e1no, tam m\u016f\u017ee posledn\u00ed zhasnout. V Belgii po t\u00e9to false flag operaci rovn\u011b\u017e. A ostatn\u00ed zem\u011b to \u010dek\u00e1 v p\u0159\u00ed\u0161t\u00edch m\u011bs\u00edc\u00edch<\/strong>. Total Control je pr\u00e1v\u011b nasunov\u00e1n v jednotliv\u00fdch zem\u00edch do proces\u016f \u0159\u00edzen\u00ed a global\u010diky se nezastav\u00ed a p\u016fjdou i p\u0159es mrtvoly, a\u0165 u\u017e voj\u00e1k\u016f z Afgh\u00e1nist\u00e1nu, nebo p\u0159es mrtvoly herc\u016f a here\u010dek, kte\u0159\u00ed z\u00e1hadn\u011b jako oto\u010den\u00edm kontroln\u00edho knofl\u00edku um\u00edraj\u00ed v posledn\u00edch dnech jako na povel, jako na z\u00e1klad\u011b odvys\u00edl\u00e1n\u00ed vyp\u00ednac\u00edho sign\u00e1lu. Nemyslete si, \u017ee oni se zastav\u00ed. Pod\u0159ezat krky n\u00e1rod\u016fm lze i bez jedin\u00e9 kapky krve a je\u0161t\u011b si to budou mnoz\u00ed pochvalovat.<\/p>\n<p>-VK- \u0160\u00e9fredaktor AE News<\/p>\n<p><a href=\"https:\/\/aeronet.cz\/news\/mutace-delta-slovensko-nebude-lidem-na-hranicich-uznavat-prodelani-nemoci-covid-19-pouze-ockovani-farmaceutickymi-roztoky-imunita-ziskana-z-nemoci-pry-nemusi-proti-delta-mutaci-fungovat\/\">ZDROJ<\/a><\/p>\n<p>&nbsp;<\/p>\n","protected":false},"excerpt":{"rendered":"<p>Mutace Delta: Slovensko nebude lidem na hranic\u00edch uzn\u00e1vat prod\u011bl\u00e1n\u00ed nemoci Covid-19, pouze o\u010dkov\u00e1n\u00ed farmaceutick\u00fdmi roztoky!&#8230;<\/p>\n","protected":false},"author":2,"featured_media":2713,"comment_status":"closed","ping_status":"closed","sticky":false,"template":"","format":"standard","meta":[],"categories":[7],"tags":[261,687,686,345,688,203,463,48,580],"_links":{"self":[{"href":"https:\/\/www.infokuryr.cz\/n\/wp-json\/wp\/v2\/posts\/2712"}],"collection":[{"href":"https:\/\/www.infokuryr.cz\/n\/wp-json\/wp\/v2\/posts"}],"about":[{"href":"https:\/\/www.infokuryr.cz\/n\/wp-json\/wp\/v2\/types\/post"}],"author":[{"embeddable":true,"href":"https:\/\/www.infokuryr.cz\/n\/wp-json\/wp\/v2\/users\/2"}],"replies":[{"embeddable":true,"href":"https:\/\/www.infokuryr.cz\/n\/wp-json\/wp\/v2\/comments?post=2712"}],"version-history":[{"count":0,"href":"https:\/\/www.infokuryr.cz\/n\/wp-json\/wp\/v2\/posts\/2712\/revisions"}],"wp:featuredmedia":[{"embeddable":true,"href":"https:\/\/www.infokuryr.cz\/n\/wp-json\/wp\/v2\/media\/2713"}],"wp:attachment":[{"href":"https:\/\/www.infokuryr.cz\/n\/wp-json\/wp\/v2\/media?parent=2712"}],"wp:term":[{"taxonomy":"category","embeddable":true,"href":"https:\/\/www.infokuryr.cz\/n\/wp-json\/wp\/v2\/categories?post=2712"},{"taxonomy":"post_tag","embeddable":true,"href":"https:\/\/www.infokuryr.cz\/n\/wp-json\/wp\/v2\/tags?post=2712"}],"curies":[{"name":"wp","href":"https:\/\/api.w.org\/{rel}","templated":true}]}}