{"id":27115,"date":"2023-04-29T07:23:59","date_gmt":"2023-04-29T05:23:59","guid":{"rendered":"http:\/\/www.infokuryr.cz\/n\/?p=27115"},"modified":"2023-04-29T07:23:59","modified_gmt":"2023-04-29T05:23:59","slug":"dalsi-ukrajinsky-region-se-zameruje-na-likvidaci-pravoslavnych-krestanu","status":"publish","type":"post","link":"https:\/\/www.infokuryr.cz\/n\/2023\/04\/29\/dalsi-ukrajinsky-region-se-zameruje-na-likvidaci-pravoslavnych-krestanu\/","title":{"rendered":"Dal\u0161\u00ed ukrajinsk\u00fd region se zam\u011b\u0159uje na likvidaci pravoslavn\u00fdch k\u0159es\u0165an\u016f"},"content":{"rendered":"<div id=\"fb-root\"><\/div>\n<p><span style=\"font-size: 18pt;\"><strong>Vinnitsa se p\u0159ipojila k p\u011bti dal\u0161\u00edm provinci\u00edm, kter\u00e9 ji\u017e zak\u00e1zaly kanonickou ukrajinskou pravoslavnou c\u00edrkev<\/strong><\/span><\/p>\n<p><span>Spr\u00e1va z\u00e1padoukrajinsk\u00e9ho regionu Vinnitsa v p\u00e1tek odhlasovala z\u00e1kaz ve\u0161ker\u00e9 \u010dinnosti Ukrajinsk\u00e9 pravoslavn\u00e9 c\u00edrkve (UOC) a zabaven\u00ed jej\u00edho majetku.\u00a0T\u0159etina ukrajinsk\u00fdch region\u016f v tuto chv\u00edli postavila kanonickou c\u00edrkev mimo z\u00e1kon ve prosp\u011bch Kyjevem podporovan\u00e9 ukrajinsk\u00e9 pravoslavn\u00e9 c\u00edrkve (OCU).<\/span><\/p>\n<p><span>Vinnitsk\u00e9 \u00fa\u0159ady byly instruov\u00e1ny, aby provedly soupis ve\u0161ker\u00e9ho majetku ve st\u00e1tn\u00edm, soukrom\u00e9m a obecn\u00edm vlastnictv\u00ed, kter\u00fd byl pronajat UOC k pou\u017eit\u00ed, a prohl\u00e1sily v\u0161echny takov\u00e9 dohody za\u00a0<\/span><em><span>\u201eukon\u010den\u00e9\u201c<\/span><\/em><span>\u00a0s okam\u017eitou platnost\u00ed.\u00a0<\/span><\/p>\n<p><span>Vl\u00e1da v Kyjev\u011b obvinila UOC, \u017ee je prorusk\u00e1 a p\u0159edstavuje potenci\u00e1ln\u00ed hrozbu pro bezpe\u010dnost a spiritualitu zem\u011b, p\u0159esto\u017ee c\u00edrkev vyhl\u00e1sila nez\u00e1vislost na Moskv\u011b a dokonce odsoudila ruskou \u201einvazi\u201c\u00a0<\/span><em><span>.\u00a0<\/span><\/em><span>UOC z\u016fst\u00e1v\u00e1 v kanonick\u00e9m spole\u010denstv\u00ed s Ruskou pravoslavnou c\u00edrkv\u00ed.\u00a0<\/span><\/p>\n<p><span>OCU, z\u0159\u00edzen\u00e9 ukrajinskou vl\u00e1dou v roce 2018, uznaly pouze t\u0159i dal\u0161\u00ed pravoslavn\u00e9 c\u00edrkve. Ukrajinsk\u00e9 pravoslavn\u00e1\u00a0c\u00edrkev to pova\u017euje za kac\u00ed\u0159sk\u00e9.\u00a0<\/span><\/p>\n<p><span>Vl\u00e1da prezidenta Vladimira Zelensk\u00e9ho p\u0159ipravila n\u00e1vrh z\u00e1kona, kter\u00fd by zak\u00e1zal Ukrajinskou pravoslavnou\u00a0c\u00edrkev na Ukrajin\u011b, ale parlament o n\u011bm je\u0161t\u011b mus\u00ed hlasovat. M\u00edsto toho se regiony na z\u00e1padn\u00ed Ukrajin\u011b rozhodly uz\u00e1konit politiku z\u00e1kazu samy. Dosud \u0161est z nich zak\u00e1zalo UOC a bu\u010f zabavilo jejich kostely a majetky, nebo je p\u0159edalo druh\u00e9 provl\u00e1dn\u00ed OCU. <\/span><a href=\"https:\/\/www.rt.com\/russia\/574323-lviv-bans-orthodox-church\/\"><span>Lvov<\/span><\/a><span>\u00a0tak u\u010dinil 6. dubna, o t\u00fdden pozd\u011bji\u00a0n\u00e1sledovalo\u00a0<\/span><a href=\"https:\/\/www.rt.com\/russia\/574549-ukraine-regions-ban-orthodox-church\/\"><span>Rovno a Voly\u0148 .\u00a0<\/span><\/a><span>\u017ditomirsk\u00e9 a Chmelnick\u00e9 regiony od t\u00e9 doby ud\u011blaly tot\u00e9\u017e.<\/span><\/p>\n<p><span>Zelenskij se tak\u00e9 pokusil p\u0159evz\u00edt Kyjevskope\u010derskou l\u00e1vru, nejposv\u00e1tn\u011bj\u0161\u00ed pravoslavn\u00fd kl\u00e1\u0161ter v zemi, kter\u00fd poch\u00e1z\u00ed z 11. stolet\u00ed. Ukrajinsk\u00e1 vl\u00e1da technicky vlastn\u00ed kl\u00e1\u0161ter jako historickou rezervaci a v dohod\u011b z roku 2013 poskytla kl\u00e1\u0161ter k vyu\u017eit\u00ed pravoslavn\u00e9\u00a0c\u00edrkvi.\u00a0<\/span><\/p>\n<p><span>Kyjev obvinil UOC z nespecifikovan\u00fdch poru\u0161en\u00ed a dal mnich\u016fm do 29. b\u0159ezna ultim\u00e1tum, aby opustili prostory nebo se p\u0159idali k provl\u00e1dn\u00ed OCU. Zat\u00edm to mni\u0161i odm\u00edtali.\u00a0<strong>Tis\u00edce ukrajinsk\u00fdch v\u011b\u0159\u00edc\u00edch bd\u00ed kolem kl\u00e1\u0161tera, kter\u00fd v sou\u010dasnosti hl\u00eddaj\u00ed ozbrojen\u00ed bezpe\u010dnostn\u00ed d\u016fstojn\u00edc<\/strong>i.\u00a0<\/span><\/p>\n<p><span>Rusko protestovalo proti pron\u00e1sledov\u00e1n\u00ed pravoslavn\u00fdch k\u0159es\u0165an\u016f ze strany ukrajinsk\u00fdch \u00fa\u0159ad\u016f, ale \u017e\u00e1dn\u00fd z org\u00e1n\u016f pro lidsk\u00e1 pr\u00e1va na Z\u00e1pad\u011b zat\u00edm nereagoval.\u00a0Americk\u00e9 ministerstvo zahrani\u010d\u00ed nem\u011blo \u017e\u00e1dn\u00fd koment\u00e1\u0159 k neut\u011b\u0161en\u00e9 situaci pravoslavn\u00fdch v\u011b\u0159\u00edc\u00edch, ani ve sv\u00e9 zpr\u00e1v\u011b o n\u00e1bo\u017eensk\u00e9 svobod\u011b, ani v nejnov\u011bj\u0161\u00ed <\/span><a href=\"https:\/\/www.rt.com\/russia\/573324-ukraine-human-rights-report\/\"><span>zpr\u00e1v\u011b o lidsk\u00fdch pr\u00e1vech<\/span><\/a><span>\u00a0na Ukrajin\u011b.<\/span><\/p>\n<p>\u010cesk\u00e1 vl\u00e1da jakby jsme, ticho po p\u011b\u0161in\u011b. Kr\u00e1sn\u00e1 uk\u00e1zka liber\u00e1ln\u011b-korpor\u00e1tn\u00edho fa\u0161ismu.<\/p>\n<p><img decoding=\"async\" loading=\"lazy\" class=\"alignnone size-full wp-image-1185\" src=\"http:\/\/www.infokuryr.cz\/n\/wp-content\/uploads\/2021\/04\/kuryr-podpis.png\" alt=\"\" width=\"84\" height=\"24\" \/><\/p>\n<p>&nbsp;<\/p>\n<p>&nbsp;<\/p>\n<p><img decoding=\"async\" loading=\"lazy\" class=\"wp-image-19187 aligncenter\" src=\"http:\/\/www.infokuryr.cz\/n\/wp-content\/uploads\/2022\/12\/1-PRO-300x36.jpg\" alt=\"\" width=\"1300\" height=\"156\" srcset=\"https:\/\/www.infokuryr.cz\/n\/wp-content\/uploads\/2022\/12\/1-PRO-300x36.jpg 300w, https:\/\/www.infokuryr.cz\/n\/wp-content\/uploads\/2022\/12\/1-PRO.jpg 699w\" sizes=\"(max-width: 1300px) 100vw, 1300px\" \/><\/p>\n<p>&nbsp;<\/p>\n<p>&nbsp;<\/p>\n","protected":false},"excerpt":{"rendered":"<p>Vinnitsa se p\u0159ipojila k p\u011bti dal\u0161\u00edm provinci\u00edm, kter\u00e9 ji\u017e zak\u00e1zaly kanonickou ukrajinskou pravoslavnou c\u00edrkev Spr\u00e1va&#8230;<\/p>\n","protected":false},"author":2,"featured_media":25211,"comment_status":"closed","ping_status":"closed","sticky":false,"template":"","format":"standard","meta":[],"categories":[7],"tags":[167,1131,1757,26],"_links":{"self":[{"href":"https:\/\/www.infokuryr.cz\/n\/wp-json\/wp\/v2\/posts\/27115"}],"collection":[{"href":"https:\/\/www.infokuryr.cz\/n\/wp-json\/wp\/v2\/posts"}],"about":[{"href":"https:\/\/www.infokuryr.cz\/n\/wp-json\/wp\/v2\/types\/post"}],"author":[{"embeddable":true,"href":"https:\/\/www.infokuryr.cz\/n\/wp-json\/wp\/v2\/users\/2"}],"replies":[{"embeddable":true,"href":"https:\/\/www.infokuryr.cz\/n\/wp-json\/wp\/v2\/comments?post=27115"}],"version-history":[{"count":0,"href":"https:\/\/www.infokuryr.cz\/n\/wp-json\/wp\/v2\/posts\/27115\/revisions"}],"wp:featuredmedia":[{"embeddable":true,"href":"https:\/\/www.infokuryr.cz\/n\/wp-json\/wp\/v2\/media\/25211"}],"wp:attachment":[{"href":"https:\/\/www.infokuryr.cz\/n\/wp-json\/wp\/v2\/media?parent=27115"}],"wp:term":[{"taxonomy":"category","embeddable":true,"href":"https:\/\/www.infokuryr.cz\/n\/wp-json\/wp\/v2\/categories?post=27115"},{"taxonomy":"post_tag","embeddable":true,"href":"https:\/\/www.infokuryr.cz\/n\/wp-json\/wp\/v2\/tags?post=27115"}],"curies":[{"name":"wp","href":"https:\/\/api.w.org\/{rel}","templated":true}]}}