{"id":2710,"date":"2021-06-22T06:25:52","date_gmt":"2021-06-22T04:25:52","guid":{"rendered":"http:\/\/www.infokuryr.cz\/n\/?p=2710"},"modified":"2021-06-22T06:25:52","modified_gmt":"2021-06-22T04:25:52","slug":"operace-barbarossa-22-6-1941","status":"publish","type":"post","link":"https:\/\/www.infokuryr.cz\/n\/2021\/06\/22\/operace-barbarossa-22-6-1941\/","title":{"rendered":"Operace Barbarossa 22.6.1941"},"content":{"rendered":"<div id=\"fb-root\"><\/div>\n<section class=\"perex\"><strong>V\u010dera skon\u010dil nejdel\u0161\u00ed den a dne\u0161n\u00ed noc je nejkrat\u0161\u00ed v\u00a0roce. Dnes je tomu u\u017e 80 let. I tenkr\u00e1t vych\u00e1zelo slunce ve 4 hodiny r\u00e1no, ale od 3.15 u\u017e sv\u00edtalo. A pr\u00e1v\u011b za \u00fasvitu ve 3.15 za\u010dal Blitzkrieg, bleskov\u00e1 v\u00e1lka, kdy se t\u0159\u00edmilionov\u00e9 arm\u00e1dn\u00ed uskupen\u00ed nacistick\u00e9ho N\u011bmecka a jeho satelit\u016f dalo do pohybu a p\u0159ekro\u010dilo v Polsku tzv. \u201eMolotovovu linii\u201c a ji\u017en\u00ed hranice SSSR s\u00a0Ma\u010farskem a Rumunskem. Boje byly pl\u00e1nov\u00e1ny tak, aby c\u00edl\u016f v\u00e1lky bylo dosa\u017eeno do za\u010d\u00e1tku prosince 1941, jinak se N\u011bmecko dostane do v\u00e1\u017en\u00fdch pot\u00ed\u017e\u00ed. Hrozbou byla rusk\u00e1 zima a \u00fa\u010dinn\u00fd odpor (nezni\u010den\u00ed) Rud\u00e9 arm\u00e1dy do konce\u00a0r. 1941.<\/strong><\/p>\n<\/section>\n<section class=\"clanek-obsah\">S\u00edly N\u011bmeck\u00e9ho ta\u017een\u00ed byly rozd\u011bleny do 3 skupin:<\/p>\n<p>&#8211; skupina arm\u00e1d sever (tvo\u0159ena 9. a 4. arm\u00e1dou) vyrazila z\u00a0n\u011bmeck\u00e9 oblasti V\u00fdchodn\u00edho Pruska na hlavn\u00edm strategick\u00e9m sm\u011bru na Leningrad, podporovan\u00e1 ze severu z\u00a0Finska finskou arm\u00e1dou<\/p>\n<p>&#8211; skupina arm\u00e1d st\u0159ed (tvo\u0159ena 6. arm\u00e1dou) vyrazila z\u00a0\u00fazem\u00ed Polska na hlavn\u00edch strategick\u00fdch sm\u011brech na Moskvu, a v\u00a0sou\u010dinnosti se skupinou arm\u00e1d jih dob\u00edt Kyjev a d\u00e1le jih SSSR ve sm\u011bru na ropn\u00e1 pole Baku<\/p>\n<p>&#8211; skupina arm\u00e1d jih (tvo\u0159ena 11. arm\u00e1dou a rumunskou arm\u00e1dou) vyrazila z\u00a0\u00fazem\u00ed Ma\u010farska a Rumunska, \u010d\u00e1ste\u010dn\u011b obch\u00e1zela Karpaty a \u00fato\u010dila na strategick\u00e9m sm\u011bru na jih SSSR.<\/p>\n<p>N\u011bmci postupovali z po\u010d\u00e1tku pom\u011brn\u011b rychle, za m\u011bs\u00edc postoupili o 300-600 km. SSSR m\u011bl velk\u00e9 ztr\u00e1ty v\u00a0letectvu, v boj\u00edch se projevila kombinace hrub\u00fdch nedostatk\u016f v\u00a0z\u00e1sobov\u00e1n\u00ed, v\u00a0organizaci velen\u00ed a v\u00a0nedostate\u010dn\u00fdch bojov\u00fdch zku\u0161enostech, co\u017e m\u011blo za n\u00e1sledek zna\u010dn\u00e9 ztr\u00e1ty v boj\u00edch i zajet\u00ed v\u00a0obkl\u00ed\u010den\u00ed. Ale u\u010dili se. Velen\u00ed se zkonsolidovalo, voj\u00e1ci v\u00a0bojov\u00fdch zku\u0161enostech brzo dohnali agresora, vlasteneck\u00e1 bojov\u00e1 mor\u00e1lka byla velmi v\u00fdznamn\u00e1 a sou\u010dasn\u011b nab\u00edhala v\u00fdroba v\u00a0evakuovan\u00fdch tov\u00e1rn\u00e1ch za Uralem.<\/p>\n<p>Vyhl\u00e1\u0161en\u00ed \u201eVelk\u00e9 vlasteneck\u00e9 v\u00e1lky\u201c a heslo \u201eV\u0161e pro frontu\u201c p\u0159in\u00e1\u0161elo v\u00fdsledky za cenu obrovsk\u00e9ho \u00fasil\u00ed, ale i nezm\u011brn\u00e9ho str\u00e1d\u00e1n\u00ed obyvatelstva napaden\u00e9ho st\u00e1tu v\u00a0tov\u00e1rn\u00e1ch, v t\u00fdlu i hrdinstv\u00ed voj\u00e1k\u016f na front\u00e1ch.<\/p>\n<p>Ob\u011b hrozby pro hitlerovsk\u00e9 N\u011bmecko zm\u00edn\u011bn\u00e9 v\u00fd\u0161e, se naplnily. Leningrad odol\u00e1val v\u00a0obkl\u00ed\u010den\u00ed, v\u00a0listopadu 1941 museli N\u011bmci poprv\u00e9 ustoupit z\u00a0Rostova, ofenz\u00edva u Moskvy je vrhla o t\u00e9m\u011b\u0159 400 km zp\u011bt. Nastala rusk\u00e1 zima, pot\u00ed\u017ee v\u00a0z\u00e1sobov\u00e1n\u00ed fronty vzd\u00e1len\u00e9 2000 km se obr\u00e1tily proti agresorovi.<\/p>\n<p>Tak skon\u010dil \u201eBlitzkrieg\u201c. Pro hitlerovce n\u00e1sledoval Stalingradsk\u00fd kotel a nejv\u011bt\u0161\u00ed tankov\u00e1 bitva v\u0161ech dob u Kurska, kter\u00e9 definitivn\u011b zastavily mo\u017enost N\u011bmeck\u00fdch vojsk p\u0159evz\u00edt iniciativu a n\u00e1sledovaly \u00fastupov\u00e9 boje a\u017e do kapitulace N\u011bmeck\u00e9 \u0159\u00ed\u0161e v\u00a0Berl\u00edn\u011b.<\/p>\n<p>Pozn.: P\u0159i psan\u00ed \u010dl\u00e1nku jsem narazil na mno\u017estv\u00ed trochu jednostrann\u00fdch informac\u00ed na internetu, kter\u00e9 ale v\u0161echny maj\u00ed spole\u010dn\u00e9 to, \u017ee d\u011bj popisuj\u00ed, ale nejdou k\u00a0podstat\u011b a ke skute\u010dn\u00fdm organiz\u00e1tor\u016fm toho stra\u0161n\u00e9ho v\u00e1le\u010dn\u00e9ho masakru (2.WW.) P\u0159i t\u00e9 p\u0159\u00edle\u017eitosti bych r\u00e1d upozornil na skv\u011blou knihu N.V.Starikova:\u00a0<i>Kdo p\u0159inutil Hitlera p\u0159epadnout Stalina<\/i>, kter\u00e1 poodkr\u00fdv\u00e1 temn\u00e9 s\u00edly, kter\u00e9 st\u00e1ly za objeven\u00edm Hitlera, jeho vyzvednut\u00ed k\u00a0moci v N\u011bmecku, jeho financov\u00e1n\u00ed a financov\u00e1n\u00ed p\u0159\u00edprav na v\u00e1lku a jej\u00ed sm\u011b\u0159ov\u00e1n\u00ed a usm\u011br\u0148ov\u00e1n\u00ed k\u00a0jedin\u00e9mu c\u00edli, a t\u00edm bylo zlomen\u00ed a zni\u010den\u00ed t\u011bm sil\u00e1m (samozvan\u00fdch ELIT) se nepod\u0159izuj\u00edc\u00edho Sov\u011btsk\u00e9ho svazu. A tak\u00e9 pl\u00e1nu n\u00e1sledn\u00e9ho, u\u017e snadn\u00e9ho, osvobozen\u00ed SV\u011aTA od v\u00e1lkou oslaben\u00e9ho zloducha Hitlera pr\u00e1v\u011b t\u011bmito silami, kter\u00e9 vyjdou &#8211; jako dosud v\u017edy \u201es\u00a0\u010dist\u00fdma rukama\u201c. Ale jejich pl\u00e1n sv\u00e9ho kone\u010dn\u00e9ho c\u00edle nedos\u00e1hl. Po p\u0159e\u010dten\u00ed se nab\u00edz\u00ed jist\u00e1 analogie i s\u00a0dne\u0161n\u00ed dobou COVIDOVOU, co\u017e je pro p\u0159em\u00fd\u0161liv\u00e9ho \u010dten\u00e1\u0159e velmi inspiruj\u00edc\u00ed.<\/p>\n<\/section>\n<p>RNDr. Ing. Vladim\u00edr Esentier<\/p>\n<p>&nbsp;<\/p>\n","protected":false},"excerpt":{"rendered":"<p>V\u010dera skon\u010dil nejdel\u0161\u00ed den a dne\u0161n\u00ed noc je nejkrat\u0161\u00ed v\u00a0roce. Dnes je tomu u\u017e 80&#8230;<\/p>\n","protected":false},"author":2,"featured_media":2711,"comment_status":"closed","ping_status":"closed","sticky":false,"template":"","format":"standard","meta":[],"categories":[6],"tags":[685,244,429,232,40],"_links":{"self":[{"href":"https:\/\/www.infokuryr.cz\/n\/wp-json\/wp\/v2\/posts\/2710"}],"collection":[{"href":"https:\/\/www.infokuryr.cz\/n\/wp-json\/wp\/v2\/posts"}],"about":[{"href":"https:\/\/www.infokuryr.cz\/n\/wp-json\/wp\/v2\/types\/post"}],"author":[{"embeddable":true,"href":"https:\/\/www.infokuryr.cz\/n\/wp-json\/wp\/v2\/users\/2"}],"replies":[{"embeddable":true,"href":"https:\/\/www.infokuryr.cz\/n\/wp-json\/wp\/v2\/comments?post=2710"}],"version-history":[{"count":0,"href":"https:\/\/www.infokuryr.cz\/n\/wp-json\/wp\/v2\/posts\/2710\/revisions"}],"wp:featuredmedia":[{"embeddable":true,"href":"https:\/\/www.infokuryr.cz\/n\/wp-json\/wp\/v2\/media\/2711"}],"wp:attachment":[{"href":"https:\/\/www.infokuryr.cz\/n\/wp-json\/wp\/v2\/media?parent=2710"}],"wp:term":[{"taxonomy":"category","embeddable":true,"href":"https:\/\/www.infokuryr.cz\/n\/wp-json\/wp\/v2\/categories?post=2710"},{"taxonomy":"post_tag","embeddable":true,"href":"https:\/\/www.infokuryr.cz\/n\/wp-json\/wp\/v2\/tags?post=2710"}],"curies":[{"name":"wp","href":"https:\/\/api.w.org\/{rel}","templated":true}]}}