{"id":27027,"date":"2023-04-28T05:50:08","date_gmt":"2023-04-28T03:50:08","guid":{"rendered":"http:\/\/www.infokuryr.cz\/n\/?p=27027"},"modified":"2023-04-28T05:50:08","modified_gmt":"2023-04-28T03:50:08","slug":"ladislav-vrabel-odsouzen-dalsi-desitky-veznu-svedomi-pani-ucitelka-bednarova-vypovida-dostane-josef-skala-hrdelni-trest","status":"publish","type":"post","link":"https:\/\/www.infokuryr.cz\/n\/2023\/04\/28\/ladislav-vrabel-odsouzen-dalsi-desitky-veznu-svedomi-pani-ucitelka-bednarova-vypovida-dostane-josef-skala-hrdelni-trest\/","title":{"rendered":"Ladislav Vrabel odsouzen: Dal\u0161\u00ed des\u00edtky v\u011bz\u0148\u016f sv\u011bdom\u00ed. Pan\u00ed u\u010ditelka Bedn\u00e1\u0159ov\u00e1 vypov\u00edd\u00e1. Dostane Josef Sk\u00e1la hrdeln\u00ed \u201etrest\u201c?"},"content":{"rendered":"<div id=\"fb-root\"><\/div>\n<div id=\"ArticleTop\"><\/div>\n<div id=\"Article\">\n<div id=\"ArticleTop\">\n<h2>Zlo\u010dinci jdou po krku nevinn\u00fdm. Te\u010f nesm\u00edme ml\u010det! Ji\u017e z\u00edtra si mohou p\u0159ij\u00edt pro ka\u017ed\u00e9ho. V\u0161ichni za jednoho!<\/h2>\n<p class=\"clkPerex\"><a class=\"clkAutor\" style=\"font-weight: bold;\" href=\"https:\/\/protiproud.info\/autor\/petr-hajek.htm\">PETR H\u00c1JEK<\/a><b>\u00a0se zd\u011b\u0161en\u00edm zaznamenal, \u017ee p\u016fvodn\u00ed hlavn\u00ed organiz\u00e1tor masov\u00fdch lidov\u00fdch protivl\u00e1dn\u00edch protest\u016f dostal (tzv. podm\u00edn\u011bn\u00fd) \u017eal\u00e1\u0159 a obrac\u00ed se na v\u0161echny, aby te\u010f dali spory stranou a p\u0159i\u0161li proti tyransk\u00e9 zv\u016fli protestovat v jednom \u0161iku<\/b><\/p>\n<\/div>\n<div id=\"Article\">\n<p>Je to nechutnost vpravd\u011b uk\u00e1zkov\u00e1. Tak\u0159\u00edkaj\u00edc exempl\u00e1rn\u00ed. Dnes jeden vl\u00e1dou (z na\u0161ich dan\u00ed) placen\u00fd \u00fa\u0159edn\u00edk, kter\u00e9mu dal re\u017eim do rukou n\u00e1stroje k\u00a0pok\u0159iven\u00e9mu v\u00fdkladu z\u00e1kon\u016f, rozhodl, \u017ee Ladislav Vrabel p\u016fjde za m\u0159\u00ed\u017ee. Naoko blahosklonn\u011b mu odlo\u017eil n\u00e1stup do \u017eal\u00e1\u0159e \u2013 s\u00a0podm\u00ednkou, \u017ee na lidov\u00fdch shrom\u00e1\u017ed\u011bn\u00edch p\u0159estane svobodn\u011b mluvit o zlo\u010dinech vl\u00e1dn\u00edch pan\u00e1k\u016f, kte\u0159\u00ed jsou na rozd\u00edl od n\u011bj beztrestn\u00ed. Zat\u00edm.<\/p>\n<p>\u010ceho se m\u011bl pan Vrabel dopustit? \u00dadajn\u011b tvrdil, protektor\u00e1tn\u00ed Fialova vl\u00e1da hodl\u00e1 \u00fato\u010dit na Rusko jadern\u00fdmi zbran\u011bmi. Nejde o to, \u017ee obvin\u011bn\u00fd lidov\u00fd v\u016fdce soudcovu formulaci odm\u00edt\u00e1 (a skute\u010dn\u011b to tak ne\u0159ekl), ale i kdyby \u2013 tak co? Soudce Lyn\u010d tvrd\u00ed, \u017ee t\u00edm pr\u00fd t\u00edm \u201eznepokojil\u201c ve\u0159ejnost ( \u00fadajn\u011b \u0161\u00ed\u0159il takzvanou popla\u0161nou zpr\u00e1vu). Jak ji mohl v\u00edc znepokojit ne\u017e premi\u00e9r Fiala (a dal\u0161\u00ed \u010dlenov\u00e9 jeho koali\u010dn\u00ed mafie), kte\u0159\u00ed opakovan\u011b z\u00a0moci st\u00e1tn\u00ed autority ji\u017e rok l\u017eiv\u011b tvrd\u00ed, \u017ee jsme ve v\u00e1lce s\u00a0Ruskem?<\/p>\n<h2><strong>Zlo\u010dinci jdou nevinn\u00fdm po krku<\/strong><\/h2>\n<p>Nemluv\u011b o tom, \u017ee \u00fadajn\u00fd v\u00fdrok, za n\u011bj\u017e byl (v\u00a0politick\u00e9m procesu par excellence) pan Vrabel odsouzen, je pravdiv\u00fd. Jak s\u00e1m \u201epolitick\u00fd v\u011bze\u0148 na podm\u00ednku\u201c po rozsudku p\u0159ipomn\u011bl, vl\u00e1da za h\u0159\u00ed\u0161n\u00e9 pen\u00edze nakupuje americk\u00e9 bombard\u00e9ry uzp\u016fsoben\u00e9 k\u00a0nesen\u00ed jadern\u00fdch zbran\u00ed. A na Hrad\u011b m\u00e1 vrchn\u00edho velitele ozbrojen\u00fdch sil, kter\u00fd opakovan\u011b vyk\u0159ikuje, \u017ee jedin\u00e9 \u0159e\u0161en\u00ed ukrajinsk\u00e9 krize (zp\u016fsoben\u00e9 Z\u00e1padem) je \u201epor\u00e1\u017eka Ruska\u201c.<\/p>\n<p>To ov\u0161em bez jadern\u00fdch zbran\u00ed nep\u016fjde. Pr\u00e1v\u011b proto fialov\u00ed m\u00edstodr\u017e\u00edc\u00ed americk\u00fdch a bruselsk\u00fdch z\u00e1jm\u016f kupuj\u00ed ta letadla (a ne daleko levn\u011bj\u0161\u00ed osv\u011bd\u010den\u00e9 \u0161v\u00e9dsk\u00e9 gripeny \u2013 kdy\u017e u\u017e v\u016fbec mus\u00edme \u201epro par\u00e1du\u201c n\u011bjak\u00e9 letectvo m\u00edt). Nemluv\u011b o tom, \u017ee za pen\u00edze protiz\u00e1konn\u011b ukraden\u00e9 d\u016fchodc\u016fm a dal\u0161\u00edm soci\u00e1ln\u011b pot\u0159ebn\u00fdm ob\u010dan\u016fm \u2013 z\u00a0jejich\u017e dan\u00ed to vl\u00e1dn\u00ed drancov\u00e1n\u00ed um\u00edraj\u00edc\u00edho \u010desk\u00e9ho st\u00e1tu bylo v\u016fbec umo\u017en\u011bno.<\/p>\n<p><iframe loading=\"lazy\" src=\"https:\/\/www.youtube.com\/embed\/hGsMTA9Odh0\" width=\"546\" height=\"410\" data-mce-fragment=\"1\"><\/iframe><\/p>\n<p><em>Ladislav Vrabel t\u011bsn\u011b po rozsudku a jeho p\u0159\u00edznivci \u2013 v\u010detn\u011b \u201etajn\u00fdch\u201c. Doporu\u010duji si t\u011bch p\u00e1r minut opravdu poslechnout<\/em><\/p>\n<p>Prost\u011b \u0159e\u010deno: Ladislav Vrabel popsal na demonstraci vcelku v\u00fdsti\u017en\u011b na\u0161i situaci a pro n\u00e1\u0161 st\u00e1t a n\u00e1rod zni\u010duj\u00edc\u00ed vl\u00e1dn\u00ed z\u00e1m\u011bry. Kdyby ho soudili za \u201evyzrazen\u00ed st\u00e1tn\u00edho tajemstv\u00ed\u201c, bylo by to vlastn\u011b p\u0159\u00edpadn\u011bj\u0161\u00ed \u2013 jakkoli jde o \u201etajemstv\u00ed\u201c u\u017e d\u00e1vno ve\u0159ejn\u00e9. Proto\u017ee tihle psychopati posedl\u00ed nen\u00e1vist\u00ed k\u00a0bratrsk\u00e9mu slovansk\u00e9mu Rusku, jsou opravdu ve sv\u00e9 bezradnosti a neschopnosti nebezpe\u010dn\u00ed. Pot\u00e9, co ztratili jedin\u00e9 primitivn\u00ed spojuj\u00edc\u00ed t\u00e9ma (obvin\u011bn\u00fd, respektive po dlouh\u00fdch letech osvobozen\u00fd premi\u00e9r Babi\u0161), na\u0161li n\u00e1hradn\u00ed:<\/p>\n<p>Drancuj\u00ed st\u00e1tn\u00ed kasu, aby platili americko-natovsk\u00e9 provokov\u00e1n\u00ed jadern\u00e9 katastrofy na rusk\u00e9 (tzv. ukrajinsk\u00e9) hranici. Vl\u00e1dnout neum\u011bj\u00ed, \u201erekt\u00e1ln\u00ed alpinismus\u201c ke \u201estr\u00fd\u010dku Joeovi\u201c je proto jejich jedin\u00fd skute\u010dn\u00fd \u201eprogram\u201c. A kdo se mu postav\u00ed, tomu bu\u010f proti\u00fastavn\u011b \u201ezav\u0159ou hubu\u201c (vypnut\u00ed Protiproudu), nebo \u017eenou disidenty rovnou p\u0159ed politick\u00e9 \u201esoudy\u201c. Soudci (\u010dest state\u010dn\u00fdm v\u00fdjimk\u00e1m potvrzuj\u00edc\u00edm pravidlo) u\u017e v\u011bd\u00ed, \u017ee z\u00e1kony neplat\u00ed, a \u017ee jejich jedinou rol\u00ed \u2013 jako v\u00a0ka\u017ed\u00e9 diktatu\u0159e \u2013 je pouze dod\u00e1vat zd\u00e1n\u00ed legality vl\u00e1dn\u00edm zlo\u010dinc\u016fm p\u0159i existen\u010dn\u00edm ni\u010den\u00ed jejich vlasteneck\u00fdch odp\u016frc\u016f.<\/p>\n<h2><strong>Procesy jedou naplno<\/strong><\/h2>\n<p>Zmanipulovan\u00e1 st\u00e1le men\u0161\u00ed \u010d\u00e1st ve\u0159ejnosti, kter\u00e1 po\u0159\u00e1d je\u0161t\u011b v\u011b\u0159\u00ed t\u00e9 sme\u010dce dosazen\u00e9 k\u00a0vl\u00e1dn\u00ed moci i za pomoci volebn\u00edch podvod\u016f spoluorganizovan\u00fdch takzvan\u00fdm \u201e\u00fastavn\u00edm soudem\u201c (pojistka moci, proti kter\u00e9 se nelze odvolat), mus\u00ed dostat svou d\u00e1vku \u201esomy\u201c (droga z\u00a0Orwellova 1984): Krev kapaj\u00edc\u00ed z\u00a0politick\u00fdch proces\u016f je tou nejobvyklej\u0161\u00ed (viz obdobn\u00e9 procesy po \u201esametov\u00e9 revoluci\u201c 1948).<\/p>\n<p>A tak pr\u00e1v\u011b dnes, v\u00a0tent\u00fd\u017e den, kdy \u201esoudce Lyn\u010d\u201c vyslovil nesl\u00fdchan\u00fd rozsudek nad Ladislavem Vrabelem, dal\u0161\u00ed \u201efialov\u00fd\u201c prokur\u00e1tor obvinil state\u010dnou pan\u00ed u\u010ditelku Martinu Bedn\u00e1\u0159ovou za \u201epop\u00edr\u00e1n\u00ed genocidy\u201c. Nem\u011bla se j\u00ed dopustit t\u00edm, \u017ee by snad pop\u00edrala t\u0159eba mu\u010den\u00ed a up\u00e1len\u00ed nevinn\u00fdch ruskojazy\u010dn\u00fdch mu\u017e\u016f a \u017een v\u00a0od\u011bsk\u00e9m Dom\u011b odbor\u016f kyjevsk\u00fdmi n\u00e1cky, pr\u00e1v\u011b naopak.<\/p>\n<p>Ve \u0161kole se pokou\u0161ela \u017e\u00e1k\u016fm nast\u00ednit, \u017ee jednostrann\u00e1 protirusk\u00e1 propaganda pr\u00e1v\u011b tato zv\u011brstva kyjevsk\u00e9ho pu\u010distick\u00e9ho re\u017eimu chce utajit \u2013 aby si nemohli ud\u011blat na situaci vlastn\u00ed n\u00e1zor. Propagandou zmasakrovan\u00e9 d\u011bti ji v\u0161ak, jak u\u017e to tak v\u00a0diktatur\u00e1ch b\u00fdv\u00e1, nato\u010dily a udaly. A pot\u00e9 co pan\u00ed u\u010ditelku zcela protipr\u00e1vn\u011b (spravedlnosti se samoz\u0159ejm\u011b nedovol\u00e1) ze \u0161koly vyhodili, te\u010f j\u00ed jeden z\u00a0d\u011bdic\u016f prokur\u00e1tora Urv\u00e1lka hroz\u00ed minim\u00e1ln\u011b t\u0159emi roky v\u011bzen\u00ed, aby n\u00e1m pro v\u00fdstrahu p\u0159edvedl, za\u010d je svobody slova v \u201eliber\u00e1ln\u00ed demokracii\u201c loket.<\/p>\n<p><iframe loading=\"lazy\" src=\"https:\/\/www.youtube.com\/embed\/e-sAX9gksbw\" width=\"546\" height=\"410\" data-mce-fragment=\"1\"><\/iframe><\/p>\n<p><em>Skv\u011bl\u00fd rozhovor s\u00a0pan\u00ed u\u010ditelkou Bedn\u00e1\u0159ovou vedl n\u00e1\u0161 state\u010dn\u00fd spolupracovn\u00edk (zpo\u010d\u00e1tku spoluorganiz\u00e1tor demonstrac\u00ed s\u00a0L. Vrabelem) Ji\u0159\u00ed Havel \u2013 a rozhodn\u011b to rovn\u011b\u017e stoj\u00ed za shl\u00e9dnut\u00ed<\/em><\/p>\n<p>Des\u00edtky lid\u00ed ji\u017e byly za obdobn\u00e9 \u201eideo-zlo\u010diny\u201c odsouzeny, na des\u00edtky \u201eklepeta\u201c Raku\u0161an\u016f-Nosk\u016f a St\u0159\u00ed\u017e\u016f-Urv\u00e1lk\u016f teprve \u010dekaj\u00ed. Historik-disident Josef Sk\u00e1la (a jeho kolegov\u00e9 z\u00a0rozhlasov\u00e9ho vys\u00edl\u00e1n\u00ed Svobodn\u00e9ho r\u00e1dia) stanuli p\u0159ed soudem u\u017e i za pouh\u00fd v\u00fdklad \u201eKaty\u0148sk\u00e9ho masakru\u201c \u2013 s\u00a0n\u00edm\u017e se ztoto\u017enil i pov\u00e1le\u010dn\u00fd Norimbersk\u00fd tribun\u00e1l \u2013 ale nikoli na\u0161i sou\u010dasn\u00ed protektor\u00e1tn\u00ed \u201ehistorikov\u00e9\u201c. Josef Sk\u00e1la u\u017e (prvoinstan\u010dn\u011b) \u201echytil flastr\u201c, kter\u00fd, pokud bude potvrzen, m\u016f\u017ee vzhledem k\u00a0jeho v\u011bku b\u00fdt tak\u00e9 faktickou popravou.<\/p>\n<h2>\u00a0<strong>Bohorovnost na zvracen\u00ed<\/strong><\/h2>\n<p>Fialov\u00ed katani jsou u\u017e zcela bohorovn\u00ed. Vyzkou\u0161eli si, \u017ee mohou cokoli, \u017ee form\u00e1ln\u00ed z\u00e1kony definitivn\u011b nic neznamenaj\u00ed (o \u00fastavn\u011b zaru\u010den\u00e9 svobod\u011b slova ani nemluv\u011b), \u00fastava \u017ee je hadr na pok\u00e1lenou podlahu \u0161pelu\u0148ky, kterou z\u00a0na\u0161\u00ed zem\u011b za posledn\u00edho p\u016fldruha roku uchvatitel\u00e9 vytvo\u0159ili. Jejich hl\u00e1sn\u00e9 trouby (placen\u00e9 miliardami samoz\u0159ejm\u011b rovn\u011b\u017e z\u00a0na\u0161ich krvav\u00fdch dan\u00ed) se \u2013 jako \u010cT \u2013 ji\u017e pln\u011b p\u0159etvo\u0159ily v\u00a0orwellovsk\u00e9 instituce Le\u017e je Pravda, V\u00e1lka je M\u00edr.<\/p>\n<p>Jen p\u00e1r des\u00edtek minut po vynesen\u00ed skand\u00e1ln\u00edho politick\u00e9ho rozsudku nad Ladislavem Vrabelem vys\u00edlala \u010cT (mezi 13 a 13:30 hod. \u2013 skoro stoj\u00ed za to si to v\u00fdjime\u010dn\u011b v\u00a0tomto kontextu naj\u00edt) rozhovor se sv\u00fdm rusk\u00fdm \u201ezpravodajem\u201c Karlem Ro\u017e\u00e1nkem. S\u00a0hr\u016fzou l\u00ed\u010dil, jak se \u2013 v\u00a0zemi, kter\u00e1 je v nevyhl\u00e1\u0161en\u00e9m v\u00e1le\u010dn\u00e9m stavu, napaden\u00e1 skrze vra\u017ed\u00edc\u00ed ruce kyjevsk\u00fdch pu\u010dist\u016f\u00a0Spojen\u00fdmi st\u00e1ty a NATO \u2013 n\u011bkte\u0159\u00ed Moskvan\u00e9 navz\u00e1jem ud\u00e1vaj\u00ed z\u00a0neloajality k\u00a0vl\u00e1d\u011b. Ale tak\u00e9 dozn\u00e1n\u00ed, jak v\u00a0t\u00e9 Putinov\u011b hr\u016fzovl\u00e1d\u011b tam navzdory v\u00e1lce lze \u010d\u00edst a poslouchat \u201eopozi\u010dn\u00ed\u201c (rozum\u011bj Z\u00e1padem financovan\u00e1) m\u00e9dia P\u00e1t\u00e9 kolony.<\/p>\n<p>A co v\u00edc: Ti kremel\u0161t\u00ed dikt\u00e1to\u0159i pr\u00fd dokonce nekladou \u017e\u00e1dn\u00e9 p\u0159ek\u00e1\u017eky k\u00a0pr\u00e1ci ani novin\u00e1\u0159\u016fm z\u00a0nep\u0159\u00e1telsk\u00fdch zem\u00ed jako je \u010cR! No hnus! Moder\u00e1torka to \u201ekupodivu\u201c nesrovnala s\u00a0podm\u00ednkami pro pr\u00e1ci rusk\u00fdch novin\u00e1\u0159\u016f u n\u00e1s. Nepochybn\u011b i proto, \u017ee je fialov\u00ed u\u017e vyhnali, proto\u017ee jsou liber\u00e1ln\u00ed a demokrat\u00e9.<\/p>\n<p><iframe loading=\"lazy\" src=\"https:\/\/www.youtube.com\/embed\/GXd6MXgHLR0\" width=\"546\" height=\"410\" data-mce-fragment=\"1\"><\/iframe><\/p>\n<h2><strong>Nesm\u00edme ml\u010det!<\/strong><\/h2>\n<p>Tohle se tu dnes v\u0161echno d\u011bje. Ka\u017ed\u00fd den do toho ti zlo\u010dinci \u0161lapou ost\u0159eji. A skute\u010dn\u00e1 opozice (p\u0159edev\u0161\u00edm ta mimoparlamentn\u00ed) se mezit\u00edm dohaduje, jestli l\u00e9pe j\u00edt s\u00a0Rajchlem, nebo Vrabelem, nebo\u2026 A jak\u00e9 m\u00e1 Rajchl boty a auto. A jak\u00e9 m\u00e1 Vrabel dluhy nebo co.<\/p>\n<p>Jsou ti, kte\u0159\u00ed tohle \u0161\u00ed\u0159\u00ed, opravdu tak nenapraviteln\u011b hloup\u00ed, nebo sp\u00ed\u0161 zaplacen\u00ed pochopy Raku\u0161anov\u00fdmi, respektive prokur\u00e1tory a soudci pat\u0159\u00edc\u00edmi pod \u201eDona Pabla\u201c (jak si s\u00e1m nech\u00e1v\u00e1 \u201e\u017eertem\u201c \u0159\u00edkat ministr \u201espravedlnosti\u201c za ODS)?<\/p>\n<p>Demonstrace, kterou Ladislav Vrabel organizuje na 6. kv\u011btna na V\u00e1clavsk\u00e9m n\u00e1m\u011bst\u00ed, tak dost\u00e1v\u00e1 zcela nov\u00fd rozm\u011br: Podpora politicky pron\u00e1sledovan\u00fdch nepodvolen\u00fdch totalitn\u00ed st\u00e1tn\u00ed moc\u00ed. Bylo by kr\u00e1sn\u00e9, kdyby se tam tentokr\u00e1t opravdu se\u0161li v\u0161ichni. I ti, kte\u0159\u00ed se pokl\u00e1daj\u00ed za Vrabelovy konkurenty (a\u010d on s\u00e1m \u017e\u00e1dn\u00e9 osobn\u00ed politick\u00e9 ambice zat\u00edm zjevn\u011b nem\u00e1).<\/p>\n<p>V\u016fbec nemus\u00ed projednou sout\u011b\u017eit o to, aby se p\u0159\u00edpadn\u011b dostali na tribunu (mimochodem spory dosti komick\u00e9, \u010di sp\u00ed\u0161e tragikomick\u00e9). Ale prost\u011b p\u0159ij\u00edt, aby jemu a dal\u0161\u00edm politicky pron\u00e1sledovan\u00fdm jako jedni z\u00a0n\u00e1s \u2013 v \u201ebezejmenn\u00e9m davu\u201c \u2013 vyj\u00e1d\u0159ili podporu a solidaritu. Ne n\u011bkde na sv\u00fdch virtu\u00e1ln\u00edch webov\u00fdch vys\u00edl\u00e1n\u00edch, ale pr\u00e1v\u011b svou fyzickou p\u0159\u00edtomnost\u00ed tam. Hodn\u011b to o mo\u017enostech (\u010di nemo\u017enostech) spolupr\u00e1ce opozice zlu \u201enap\u0159\u00ed\u010d\u201c vypov\u00ed.<\/p>\n<p>Te\u010f nesm\u00edme ml\u010det.<\/p>\n<p>Z\u00edtra si mohou p\u0159ij\u00edt pro kohokoli z\u00a0n\u00e1s!<\/p>\n<\/div>\n<p><a href=\"https:\/\/protiproud.info\/politika\/7160-ladislav-vrabel-odsouzen-dalsi-desitky-veznu-svedomi-pani-ucitelka-bednarova-vypovida-dostane-josef-skala-hrdelni-trest-zlocinci-jdou-po-krku-nevinnym-ted-nesmime-mlcet-jiz-zitra-si-mohou-prijit-pro-kazdeho-vsichni-za-jednoho.htm\">PROTIPROUD<\/a><\/p>\n<\/div>\n<p>&nbsp;<\/p>\n<p>&nbsp;<\/p>\n<p><img decoding=\"async\" loading=\"lazy\" class=\"wp-image-19187 aligncenter\" src=\"http:\/\/www.infokuryr.cz\/n\/wp-content\/uploads\/2022\/12\/1-PRO-300x36.jpg\" alt=\"\" width=\"1300\" height=\"156\" srcset=\"https:\/\/www.infokuryr.cz\/n\/wp-content\/uploads\/2022\/12\/1-PRO-300x36.jpg 300w, https:\/\/www.infokuryr.cz\/n\/wp-content\/uploads\/2022\/12\/1-PRO.jpg 699w\" sizes=\"(max-width: 1300px) 100vw, 1300px\" \/><\/p>\n<p>&nbsp;<\/p>\n","protected":false},"excerpt":{"rendered":"<p>Zlo\u010dinci jdou po krku nevinn\u00fdm. Te\u010f nesm\u00edme ml\u010det! Ji\u017e z\u00edtra si mohou p\u0159ij\u00edt pro ka\u017ed\u00e9ho&#8230;.<\/p>\n","protected":false},"author":2,"featured_media":27028,"comment_status":"closed","ping_status":"closed","sticky":false,"template":"","format":"standard","meta":[],"categories":[6],"tags":[29,520,324,3266],"_links":{"self":[{"href":"https:\/\/www.infokuryr.cz\/n\/wp-json\/wp\/v2\/posts\/27027"}],"collection":[{"href":"https:\/\/www.infokuryr.cz\/n\/wp-json\/wp\/v2\/posts"}],"about":[{"href":"https:\/\/www.infokuryr.cz\/n\/wp-json\/wp\/v2\/types\/post"}],"author":[{"embeddable":true,"href":"https:\/\/www.infokuryr.cz\/n\/wp-json\/wp\/v2\/users\/2"}],"replies":[{"embeddable":true,"href":"https:\/\/www.infokuryr.cz\/n\/wp-json\/wp\/v2\/comments?post=27027"}],"version-history":[{"count":0,"href":"https:\/\/www.infokuryr.cz\/n\/wp-json\/wp\/v2\/posts\/27027\/revisions"}],"wp:featuredmedia":[{"embeddable":true,"href":"https:\/\/www.infokuryr.cz\/n\/wp-json\/wp\/v2\/media\/27028"}],"wp:attachment":[{"href":"https:\/\/www.infokuryr.cz\/n\/wp-json\/wp\/v2\/media?parent=27027"}],"wp:term":[{"taxonomy":"category","embeddable":true,"href":"https:\/\/www.infokuryr.cz\/n\/wp-json\/wp\/v2\/categories?post=27027"},{"taxonomy":"post_tag","embeddable":true,"href":"https:\/\/www.infokuryr.cz\/n\/wp-json\/wp\/v2\/tags?post=27027"}],"curies":[{"name":"wp","href":"https:\/\/api.w.org\/{rel}","templated":true}]}}