{"id":27023,"date":"2023-04-28T05:42:28","date_gmt":"2023-04-28T03:42:28","guid":{"rendered":"http:\/\/www.infokuryr.cz\/n\/?p=27023"},"modified":"2023-04-28T05:42:28","modified_gmt":"2023-04-28T03:42:28","slug":"miroslav-kavij-ministryne-valky-jana-cernochova-druhou-reznici","status":"publish","type":"post","link":"https:\/\/www.infokuryr.cz\/n\/2023\/04\/28\/miroslav-kavij-ministryne-valky-jana-cernochova-druhou-reznici\/","title":{"rendered":"Miroslav Kavij: Ministryn\u011b v\u00e1lky  Jana \u010cernochov\u00e1  druhou  \u0159eznic\u00ed?"},"content":{"rendered":"<div id=\"fb-root\"><\/div>\n<p><strong>V\u00a0dob\u011b, kdy vl\u00e1du Petra Fialy hodnot\u00ed lid\u00e9 jako nejhor\u0161\u00ed za posledn\u00edch deset let \u00a0a\u00a0 signalista Fiala je v\u00a0Evrop\u011b mezi premi\u00e9ry nejhor\u0161\u00ed, schvaluje asoci\u00e1ln\u011b v\u00e1le\u010dnick\u00fd kabinet \u00a0\u010cesko \u2013 americkou dohodu o obrann\u00e9 spolupr\u00e1ci.<\/strong><\/p>\n<p>Smlouvu \u00a0nejtransparentn\u011bj\u0161\u00ed, nebo\u0165 musela b\u00fdt p\u0159ed ve\u0159ejnost\u00ed\u00a0 utajov\u00e1na \u00a0\u00a0do posledn\u00ed chv\u00edle. \u00a0Podpis \u00a0smlouvy\u00a0 nen\u00ed ni\u010d\u00edm jin\u00fdm, ne\u017e\u00a0 napl\u0148ov\u00e1n\u00edm\u00a0\u00a0 americk\u00e9 strategie\u00a0\u00a0 v\u00a0pod\u00e1n\u00ed\u00a0 teroristick\u00e9ho uskupen\u00ed NATO \u00a0alias \u0161t\u00edtu a me\u010de , dokon\u010den\u00edm\u00a0 mnoha des\u00edtek let americk\u00e9ho \u00fasil\u00ed \u00a0\u00a0zat\u00e1hnout evropsk\u00fd kontinent do zni\u010duj\u00edc\u00ed\u00a0 jadern\u00e9 v\u00e1lky s\u00a0Ruskem. \u010cesk\u00e1 republika se tak po jej\u00ed ratifikaci \u00a0stane\u00a0 dal\u0161\u00edm st\u00e1tem, kter\u00fd podepsal\u00a0 \u00a0v\u00e1le\u010dnou smlouvu s \u201ehrdiny\u201c vietnamsk\u00e9 v\u00e1lky\u00a0 a n\u00e1sledn\u00e9\u00a0 spousty v\u00e1lek \u00a0dal\u0161\u00edch.<\/p>\n<p>Fial\u016fv\u00a0 kabinet\u00a0 sv\u00fdmi rozhodnut\u00edmi pokra\u010duje v\u00a0pras\u00e1rn\u00e1ch proti \u00a0vlastn\u00edm ob\u010dan\u016fm, tentokr\u00e1t v\u00a0oblasti bezpe\u010dnosti st\u00e1tu. Sv\u00fdm rozhodnut\u00edm \u00a0ukrajinskoamerick\u00fd\u00a0 Fial\u016fv\u00a0 kabinet posunuje\u00a0 \u010cR do v\u00e1le\u010dn\u00e9 prvn\u00ed linie \u00a0a je\u0161t\u011b l\u017eiv\u011b tvrd\u00ed ( co\u017e se stalo\u00a0 normou sou\u010dasn\u00e9 vl\u00e1dy), \u017ee se t\u00edm bezpe\u010dnost na\u0161\u00ed zem\u011b zv\u00fd\u0161\u00ed !<\/p>\n<p>Historie mnohokr\u00e1t uk\u00e1zala, \u017ee USA nemaj\u00ed \u017e\u00e1dn\u00e9 p\u0159\u00e1tele, ale jen poslu\u0161n\u00e9 lokaje a neposlu\u0161n\u00e9 p\u0159\u00e1tele.<\/p>\n<p>Ministryn\u011b\u00a0 v\u00e1lky \u00a0Jana \u010cernochov\u00e1 \u00a0si \u201edota\u017een\u00edm\u201c obrann\u00e9 smlouvy splnila \u00a0sv\u016fj \u017eivotn\u00ed sen. \u201eDnes\u201c\u00a0 je \u00a0oslavov\u00e1na\u00a0 americk\u00fdmi\u00a0\u00a0 (a zcela jist\u011b i ukrajinsk\u00fdmi)\u00a0 spojenci\u00a0 v\u00fdraznou postavou \u00a0\u010desk\u00e9 politick\u00e9 reprezentace prosazuj\u00edc\u00ed m\u00edrotvornou politiku NATO.<\/p>\n<p>Dost mo\u017en\u00e1, \u017ee v\u00a0budoucnosti se d\u00edky sv\u00e9 krvela\u010dnosti stane po Madeleine Albrightov\u00e9 \u00a0druhou krvavou \u00a0b\u00e1bou\u00a0 a \u0159eznici !<\/p>\n<p><a href=\"https:\/\/www.pokec24.cz\/blog\/ministryne-valky-jana-cernochova-druhou-reznici\/\">Miroslav Kavij<\/a><\/p>\n<p>&nbsp;<\/p>\n<p>&nbsp;<\/p>\n<p><img decoding=\"async\" loading=\"lazy\" class=\"wp-image-19187 aligncenter\" src=\"http:\/\/www.infokuryr.cz\/n\/wp-content\/uploads\/2022\/12\/1-PRO-300x36.jpg\" alt=\"\" width=\"1283\" height=\"154\" srcset=\"https:\/\/www.infokuryr.cz\/n\/wp-content\/uploads\/2022\/12\/1-PRO-300x36.jpg 300w, https:\/\/www.infokuryr.cz\/n\/wp-content\/uploads\/2022\/12\/1-PRO.jpg 699w\" sizes=\"(max-width: 1283px) 100vw, 1283px\" \/><\/p>\n<p>&nbsp;<\/p>\n<p>&nbsp;<\/p>\n","protected":false},"excerpt":{"rendered":"<p>V\u00a0dob\u011b, kdy vl\u00e1du Petra Fialy hodnot\u00ed lid\u00e9 jako nejhor\u0161\u00ed za posledn\u00edch deset let \u00a0a\u00a0 signalista&#8230;<\/p>\n","protected":false},"author":2,"featured_media":27024,"comment_status":"closed","ping_status":"closed","sticky":false,"template":"","format":"standard","meta":[],"categories":[6],"tags":[2334,29,39,22],"_links":{"self":[{"href":"https:\/\/www.infokuryr.cz\/n\/wp-json\/wp\/v2\/posts\/27023"}],"collection":[{"href":"https:\/\/www.infokuryr.cz\/n\/wp-json\/wp\/v2\/posts"}],"about":[{"href":"https:\/\/www.infokuryr.cz\/n\/wp-json\/wp\/v2\/types\/post"}],"author":[{"embeddable":true,"href":"https:\/\/www.infokuryr.cz\/n\/wp-json\/wp\/v2\/users\/2"}],"replies":[{"embeddable":true,"href":"https:\/\/www.infokuryr.cz\/n\/wp-json\/wp\/v2\/comments?post=27023"}],"version-history":[{"count":0,"href":"https:\/\/www.infokuryr.cz\/n\/wp-json\/wp\/v2\/posts\/27023\/revisions"}],"wp:featuredmedia":[{"embeddable":true,"href":"https:\/\/www.infokuryr.cz\/n\/wp-json\/wp\/v2\/media\/27024"}],"wp:attachment":[{"href":"https:\/\/www.infokuryr.cz\/n\/wp-json\/wp\/v2\/media?parent=27023"}],"wp:term":[{"taxonomy":"category","embeddable":true,"href":"https:\/\/www.infokuryr.cz\/n\/wp-json\/wp\/v2\/categories?post=27023"},{"taxonomy":"post_tag","embeddable":true,"href":"https:\/\/www.infokuryr.cz\/n\/wp-json\/wp\/v2\/tags?post=27023"}],"curies":[{"name":"wp","href":"https:\/\/api.w.org\/{rel}","templated":true}]}}