{"id":27022,"date":"2023-04-28T05:34:59","date_gmt":"2023-04-28T03:34:59","guid":{"rendered":"http:\/\/www.infokuryr.cz\/n\/?p=27022"},"modified":"2023-04-28T05:34:59","modified_gmt":"2023-04-28T03:34:59","slug":"jiri-vyvadil-ceska-politika-vuci-rusku-a-ukrajine-tak-pitomoucka-az-je-smesna","status":"publish","type":"post","link":"https:\/\/www.infokuryr.cz\/n\/2023\/04\/28\/jiri-vyvadil-ceska-politika-vuci-rusku-a-ukrajine-tak-pitomoucka-az-je-smesna\/","title":{"rendered":"Ji\u0159\u00ed Vyvadil: \u010cesk\u00e1 politika v\u016f\u010di Rusku a Ukrajin\u011b tak pitomou\u010dk\u00e1 a\u017e je sm\u011b\u0161n\u00e1"},"content":{"rendered":"<div id=\"fb-root\"><\/div>\n<p><strong>Chud\u00e1k patriarcha Kirill. \u010cesko na n\u011bho vyhl\u00e1silo sankci z\u00e1kaz vstupu. A to zrovna v\u010dera se ve sv\u00e9m kmetsk\u00e9m v\u011bku cht\u011bl vydat cestou kolem sv\u011bta ( proto\u017ee \u017e\u00e1dn\u00e9 leteck\u00e9 spoje mezi Prahou a Moskvou neexistuje, aby si zde koupil slan\u00e9 o\u0159\u00ed\u0161ky). To ov\u0161em mus\u00ed b\u00fdt ot\u0159esen. O\u0159\u00ed\u0161ky nebudou.<\/strong><\/p>\n<p style=\"font-weight: 400;\">Stejn\u011b tak n\u00e1\u0161 roztomil\u00fd tlachal si zase u\u017eil minutu sl\u00e1vy a citovalo ho i Politico. eu, \u017ee \u010c\u00edna si p\u0159eje v\u00e1lku Ruska s\u00a0Ukrajinou, aby Rusko mohla vyd\u00edrat.<\/p>\n<p style=\"font-weight: 400;\">Ale \u0159ekn\u011bte to Zelensk\u00e9mu. Jak tato geni\u00e1ln\u00ed slova nepochopil a t\u00e9m\u011b\u0159 se klepal blahem, \u017ee mu kone\u010dn\u011b\u00a0<em>Si \u0164in<\/em>&#8211;<em>pching<\/em>\u00a0po 400 dnech zavolal.<\/p>\n<p style=\"font-weight: 400;\">A u\u017e v\u016fbec se neodv\u00e1\u017eil rozporovat my\u0161lenky \u010d\u00ednsk\u00e9ho prezidenta, \u017ee bude zapot\u0159eb\u00ed jednat s\u00a0Ruskem a bez jedn\u00e1n\u00ed nelze probl\u00e9m vy\u0159e\u0161it.<\/p>\n<p style=\"font-weight: 400;\">A n\u00e1\u0161 gener\u00e1l, kter\u00fd p\u0159evzal taktiku pl\u00e1cav\u00e9 \u010caputov\u00e9, rad\u011bji ml\u010d\u00ed.<\/p>\n<p style=\"font-weight: 400;\">To, co si \u010desk\u00fd n\u00e1rod ve sv\u00e9 v\u011bt\u0161in\u011b zvolil, tak m\u00e1. A asi je to dob\u0159e. Snad alespo\u0148 n\u011bkte\u0159\u00ed politici trpasli\u010d\u00edch stran vyst\u0159\u00edzliv\u00ed ze sv\u00e9 hlouposti p\u0159ed rokem a p\u016fl.<\/p>\n<p style=\"font-weight: 400;\">A prezidenta ne\u0159e\u0161me. Je to \u010d\u00edm d\u00e1l t\u00edm sm\u011b\u0161n\u011bj\u0161\u00ed ka\u0161p\u00e1rek, ale op\u011bt si \u010ce\u0161i tuto lekci zaslou\u017e\u00ed. Maj\u00ed jako prezidenta hyperaktivn\u00edho progresivistick\u00e9ho bl\u00e1bolila.<\/p>\n<p style=\"font-weight: 400;\">No bude dob\u0159e, a\u017e se v\u011bci oto\u010d\u00ed o 180 stup\u0148\u016f. Kdy\u017e jsou\u00a0\u00a0\u010ce\u0161i blb\u00ed, tak jsou blb\u00ed.<\/p>\n<p><a href=\"https:\/\/vasevec.info\/komentare\/ceska-politika-vuci-rusku-ukrajine-tak-pitomoucka-az-je-smesna\">Ji\u0159\u00ed Vyvadil<\/a><\/p>\n<p><img decoding=\"async\" loading=\"lazy\" class=\"alignnone size-medium wp-image-16474\" src=\"http:\/\/www.infokuryr.cz\/n\/wp-content\/uploads\/2022\/10\/jiri-vyvadil-300x200.jpg\" alt=\"\" width=\"300\" height=\"200\" srcset=\"https:\/\/www.infokuryr.cz\/n\/wp-content\/uploads\/2022\/10\/jiri-vyvadil-300x200.jpg 300w, https:\/\/www.infokuryr.cz\/n\/wp-content\/uploads\/2022\/10\/jiri-vyvadil-768x512.jpg 768w, https:\/\/www.infokuryr.cz\/n\/wp-content\/uploads\/2022\/10\/jiri-vyvadil.jpg 800w\" sizes=\"(max-width: 300px) 100vw, 300px\" \/><\/p>\n<p>_____________________________<\/p>\n<p>&nbsp;<\/p>\n<p>&nbsp;<\/p>\n<p><img decoding=\"async\" loading=\"lazy\" class=\"wp-image-19187 aligncenter\" src=\"http:\/\/www.infokuryr.cz\/n\/wp-content\/uploads\/2022\/12\/1-PRO-300x36.jpg\" alt=\"\" width=\"1267\" height=\"152\" srcset=\"https:\/\/www.infokuryr.cz\/n\/wp-content\/uploads\/2022\/12\/1-PRO-300x36.jpg 300w, https:\/\/www.infokuryr.cz\/n\/wp-content\/uploads\/2022\/12\/1-PRO.jpg 699w\" sizes=\"(max-width: 1267px) 100vw, 1267px\" \/><\/p>\n<p>&nbsp;<\/p>\n<p>&nbsp;<\/p>\n","protected":false},"excerpt":{"rendered":"<p>Chud\u00e1k patriarcha Kirill. \u010cesko na n\u011bho vyhl\u00e1silo sankci z\u00e1kaz vstupu. A to zrovna v\u010dera se&#8230;<\/p>\n","protected":false},"author":2,"featured_media":19286,"comment_status":"closed","ping_status":"closed","sticky":false,"template":"","format":"standard","meta":[],"categories":[6],"tags":[670,4167,29,125],"_links":{"self":[{"href":"https:\/\/www.infokuryr.cz\/n\/wp-json\/wp\/v2\/posts\/27022"}],"collection":[{"href":"https:\/\/www.infokuryr.cz\/n\/wp-json\/wp\/v2\/posts"}],"about":[{"href":"https:\/\/www.infokuryr.cz\/n\/wp-json\/wp\/v2\/types\/post"}],"author":[{"embeddable":true,"href":"https:\/\/www.infokuryr.cz\/n\/wp-json\/wp\/v2\/users\/2"}],"replies":[{"embeddable":true,"href":"https:\/\/www.infokuryr.cz\/n\/wp-json\/wp\/v2\/comments?post=27022"}],"version-history":[{"count":0,"href":"https:\/\/www.infokuryr.cz\/n\/wp-json\/wp\/v2\/posts\/27022\/revisions"}],"wp:featuredmedia":[{"embeddable":true,"href":"https:\/\/www.infokuryr.cz\/n\/wp-json\/wp\/v2\/media\/19286"}],"wp:attachment":[{"href":"https:\/\/www.infokuryr.cz\/n\/wp-json\/wp\/v2\/media?parent=27022"}],"wp:term":[{"taxonomy":"category","embeddable":true,"href":"https:\/\/www.infokuryr.cz\/n\/wp-json\/wp\/v2\/categories?post=27022"},{"taxonomy":"post_tag","embeddable":true,"href":"https:\/\/www.infokuryr.cz\/n\/wp-json\/wp\/v2\/tags?post=27022"}],"curies":[{"name":"wp","href":"https:\/\/api.w.org\/{rel}","templated":true}]}}