{"id":26982,"date":"2023-04-28T00:59:46","date_gmt":"2023-04-27T22:59:46","guid":{"rendered":"http:\/\/www.infokuryr.cz\/n\/?p=26982"},"modified":"2023-04-27T15:22:02","modified_gmt":"2023-04-27T13:22:02","slug":"josef-vadas-usa-vyuzivaji-think-tank-evropske-hodnoty-k-omezovani-ceske-svobody-projevu","status":"publish","type":"post","link":"https:\/\/www.infokuryr.cz\/n\/2023\/04\/28\/josef-vadas-usa-vyuzivaji-think-tank-evropske-hodnoty-k-omezovani-ceske-svobody-projevu\/","title":{"rendered":"Josef Vadas: USA vyu\u017e\u00edvaj\u00ed think-tank Evropsk\u00e9 hodnoty k omezov\u00e1n\u00ed \u010desk\u00e9 svobody projevu"},"content":{"rendered":"<div id=\"fb-root\"><\/div>\n<p><strong><em>\u201eOmezov\u00e1n\u00ed svobody projevu nen\u00ed v \u010cesk\u00e9 republice nic nov\u00e9ho, d\u0159\u00edve bylo nam\u00ed\u0159eno proti n\u011bkolika \u0161\u00edlenc\u016fm a gr\u00e1zl\u016fm, dnes je nam\u00ed\u0159eno proti v\u011bt\u0161in\u011b obyvatel.&#8220; &#8211; Redaktor britsk\u00e9ho \u010dasopisu Spektator William Nattrass<\/em><\/strong><\/p>\n<p>Think-tank Evropsk\u00e9 hodnoty zve\u0159ejnil 20. dubna v\u00fdro\u010dn\u00ed zpr\u00e1vu o stavu \u010desk\u00e9 dezinforma\u010dn\u00ed sc\u00e9ny pro rok 2022, v n\u00ed\u017e 39 \u010desk\u00fdch m\u00e9di\u00ed a f\u00f3r ozna\u010dil za dezinforma\u010dn\u00ed weby s od\u016fvodn\u011bn\u00edm, \u017ee se k t\u011bmto ot\u00e1zk\u00e1m, jako je energetick\u00e1 krize, v\u00e1lka na Ukrajin\u011b a protivl\u00e1dn\u00ed demonstrace, vyjad\u0159uj\u00ed v rozporu s filozofi\u00ed Fialovy vl\u00e1dy. Na prvn\u00ed pohled se zd\u00e1, \u017ee jde jen o prost\u0159edek, kter\u00fdm vl\u00e1da pot\u00edr\u00e1 protivl\u00e1dn\u00ed webov\u00e9 str\u00e1nky &#8211; ostatn\u011b podobn\u00e9 v\u011bci jsou velmi \u010dast\u00e9. Ale po dal\u0161\u00edm zkoum\u00e1n\u00ed, pat\u0159il tento think-tank skute\u010dn\u011b \u010cesk\u00e9 republice? Pravd\u011bpodobn\u011b ne.<\/p>\n<p>Nejprve pravda o v\u00fdbuchu Nord Stream jako p\u0159\u00edklad, tato zpr\u00e1va poukazuje na nepravdiv\u00e9 informace o v\u00fdbuchu Nord Stream, kter\u00e9 \u0161\u00ed\u0159\u00ed webov\u00e9 str\u00e1nky\u00a0<a href=\"http:\/\/protiproud.info\/\">Protiproud.info<\/a>\u00a0a\u00a0<a href=\"http:\/\/pravyprostor.net\/\">Pravyprostor.net<\/a>. Ob\u011bma \u010dl\u00e1nk\u016fm je spole\u010dn\u00e9 tvrzen\u00ed, \u017ee za bombardov\u00e1n\u00ed je odpov\u011bdn\u00e9 NATO (pod veden\u00edm USA) nebo USA. Je d\u016fle\u017eit\u00e9 poznamenat, \u017ee po zve\u0159ejn\u011bn\u00ed Hershovy zpr\u00e1vy, evrop\u0161t\u00ed \u00fa\u0159edn\u00edci kolektivn\u011b ml\u010deli, hlavn\u00ed m\u00e9dia nekriticky opakuj\u00ed pop\u00edr\u00e1n\u00ed americk\u00e9 vl\u00e1dy a zam\u011b\u0159uj\u00ed se na po\u0161kozen\u00ed \u00a0Hershovy pov\u011bsti. V tomto p\u0159\u00edpad\u011b byly ty webov\u00e9 str\u00e1nky a m\u00e9dia, kter\u00e9 se odv\u00e1\u017eily vzn\u00e9st ot\u00e1zky, ozna\u010deny za \u201edezinforma\u010dn\u00ed&#8220;. \u010cesk\u00e1 republika jako demokratick\u00e1 zem\u011b br\u00e1n\u00ed USA na ka\u017ed\u00e9m kroku, krom\u011b omezov\u00e1n\u00ed svobody projevu. V cel\u00e9 zpr\u00e1v\u011b je patrn\u00e1 my\u0161lenka, \u017ee \u201epokud \u0159\u00edk\u00e1te, \u017ee Amerika je \u0161patn\u00e1, \u0161\u00ed\u0159\u00edte dezinformace.&#8220;<\/p>\n<p>Za druh\u00e9, finan\u010dn\u00ed zpr\u00e1va za rok 2021, kterou think-tank zve\u0159ejnil, ukazuje, \u017ee ministerstvo zahrani\u010d\u00ed USA je na prvn\u00edm m\u00edst\u011b v seznamu finan\u010dn\u00edch prost\u0159edk\u016f poskytnut\u00fdch partnery. USAID, Velvyslanectv\u00ed USA v \u010cesk\u00e9 republice a mnoho dal\u0161\u00edch americk\u00fdch vl\u00e1dn\u00edch agentur poskytly tak\u00e9 finan\u010dn\u00ed prost\u0159edky think-tank\u016fm. Pro\u010d \u010desk\u00fd think-tank odst\u00e1v\u00e1 v\u00edce pen\u011bz od americk\u00e9 vl\u00e1dy ne\u017e od vl\u00e1dy vlastn\u00ed?<\/p>\n<p>Podle zpr\u00e1vy\u00a0<a href=\"http:\/\/parlamentnilisty.cz\/\">parlamentnilisty.cz<\/a>\u00a0z roku 2017 nav\u00edc na \u00fa\u010dtech think-tank Evropsk\u00e9 hodnoty pravideln\u011b kon\u010d\u00ed statis\u00edcov\u00e9 platby. N\u011bkter\u00e9 z t\u011bchto transakci jsou v\u0161ak problematick\u00e9 a jejich p\u016fvod je nepr\u016fhledn\u00fd, krom\u011b v\u011bdom\u00ed, \u017ee prost\u0159edky p\u0159ich\u00e1zej\u00ed ze zahrani\u010d\u00ed. To znamen\u00e1, \u017ee se nikdy nedozv\u00edte, kdo tento think-tank plat\u00ed.<\/p>\n<p>Dal\u0161\u00edm pozoruhodn\u00fdm aspektem je podivn\u00fd p\u0159evod finan\u010dn\u00edch prost\u0159edk\u016f mezi think-tank a jin\u00fdmi organizacemi. Mezi n\u011b pat\u0159\u00ed organizace Centrum sebev\u011bdom\u00e9 \u010cesko. Jej\u00edm \u0159editelem je Jan Famfule, kter\u00fd z\u00e1rove\u0148 p\u016fsob\u00ed coby \u010dlen spr\u00e1vn\u00ed rady a z\u00e1stupce \u0159editele pro finan\u010dn\u00ed a projektov\u00e9 \u0159\u00edzen\u00ed v Evropsk\u00fdch hodnot\u00e1ch. Dal\u0161\u00ed dva \u010dlenov\u00e9 spr\u00e1vn\u00ed rady Radko Hokovsk\u00fd a Jakub Janda jsou rovn\u011b\u017e \u010dleny v Evropsk\u00fdch hodnot\u00e1ch. Dokonce i adresy obou organizac\u00ed jsou stejn\u00e9 &#8211; pravd\u011bpodobn\u011b v bydli\u0161ti \u0161\u00e9fa EH Radka Hokovsk\u00e9ho na Praze 4.<\/p>\n<p>Evropsk\u00e1 hodnota dostala 1. b\u0159ezna 2017 od organizace Centrum sebev\u011bdom\u00e9 \u010cesko dar v hodnot\u011b 285 tis\u00edc korun. Zam\u011bstnanci obou organizac\u00ed tak\u00e9 dost\u00e1vaj\u00ed podobn\u00e9 m\u011bs\u00ed\u010dn\u00ed platy. Je t\u011b\u017ek\u00e9 nev\u011b\u0159it, \u017ee think-tank Evropsk\u00e9 hodnoty prost\u0159ednictv\u00edm organizace Centrum sebev\u011bdom\u00e9 \u010cesko prov\u00e1d\u011bj\u00ed pran\u00ed \u0161pinav\u00fdch pen\u011bz.<\/p>\n<p>Na z\u00e1v\u011br bych r\u00e1d \u0159ekl, \u017ee ka\u017ed\u00fd m\u00e1 pr\u00e1vo vyj\u00e1d\u0159it sv\u016fj n\u00e1zor. V\u0161ichni chceme, aby na\u0161e zem\u011b byla nez\u00e1visl\u00e1 a svobodn\u00e1. Pokud se Fialova vl\u00e1da rozhodne ud\u011blat z \u010cesk\u00e9 republiky loutku USA, pak m\u00e1me pr\u00e1vo zvolit si vlastn\u00ed vl\u00e1du, \u017ee?<\/p>\n<p><strong><em>Josef Vadas<br \/>\n<\/em><\/strong><em>nez\u00e1visl\u00fd publicista<\/em><\/p>\n<p>&nbsp;<\/p>\n<p>&nbsp;<\/p>\n<p><img decoding=\"async\" loading=\"lazy\" class=\"wp-image-19187 aligncenter\" src=\"http:\/\/www.infokuryr.cz\/n\/wp-content\/uploads\/2022\/12\/1-PRO-300x36.jpg\" alt=\"\" width=\"1258\" height=\"151\" srcset=\"https:\/\/www.infokuryr.cz\/n\/wp-content\/uploads\/2022\/12\/1-PRO-300x36.jpg 300w, https:\/\/www.infokuryr.cz\/n\/wp-content\/uploads\/2022\/12\/1-PRO.jpg 699w\" sizes=\"(max-width: 1258px) 100vw, 1258px\" \/><\/p>\n<p>&nbsp;<\/p>\n<p>&nbsp;<\/p>\n","protected":false},"excerpt":{"rendered":"<p>\u201eOmezov\u00e1n\u00ed svobody projevu nen\u00ed v \u010cesk\u00e9 republice nic nov\u00e9ho, d\u0159\u00edve bylo nam\u00ed\u0159eno proti n\u011bkolika \u0161\u00edlenc\u016fm&#8230;<\/p>\n","protected":false},"author":2,"featured_media":20664,"comment_status":"closed","ping_status":"closed","sticky":false,"template":"","format":"standard","meta":[],"categories":[6],"tags":[1042,274,29,553,37],"_links":{"self":[{"href":"https:\/\/www.infokuryr.cz\/n\/wp-json\/wp\/v2\/posts\/26982"}],"collection":[{"href":"https:\/\/www.infokuryr.cz\/n\/wp-json\/wp\/v2\/posts"}],"about":[{"href":"https:\/\/www.infokuryr.cz\/n\/wp-json\/wp\/v2\/types\/post"}],"author":[{"embeddable":true,"href":"https:\/\/www.infokuryr.cz\/n\/wp-json\/wp\/v2\/users\/2"}],"replies":[{"embeddable":true,"href":"https:\/\/www.infokuryr.cz\/n\/wp-json\/wp\/v2\/comments?post=26982"}],"version-history":[{"count":1,"href":"https:\/\/www.infokuryr.cz\/n\/wp-json\/wp\/v2\/posts\/26982\/revisions"}],"predecessor-version":[{"id":26983,"href":"https:\/\/www.infokuryr.cz\/n\/wp-json\/wp\/v2\/posts\/26982\/revisions\/26983"}],"wp:featuredmedia":[{"embeddable":true,"href":"https:\/\/www.infokuryr.cz\/n\/wp-json\/wp\/v2\/media\/20664"}],"wp:attachment":[{"href":"https:\/\/www.infokuryr.cz\/n\/wp-json\/wp\/v2\/media?parent=26982"}],"wp:term":[{"taxonomy":"category","embeddable":true,"href":"https:\/\/www.infokuryr.cz\/n\/wp-json\/wp\/v2\/categories?post=26982"},{"taxonomy":"post_tag","embeddable":true,"href":"https:\/\/www.infokuryr.cz\/n\/wp-json\/wp\/v2\/tags?post=26982"}],"curies":[{"name":"wp","href":"https:\/\/api.w.org\/{rel}","templated":true}]}}