{"id":26978,"date":"2023-04-27T10:08:22","date_gmt":"2023-04-27T08:08:22","guid":{"rendered":"http:\/\/www.infokuryr.cz\/n\/?p=26978"},"modified":"2023-04-27T10:08:22","modified_gmt":"2023-04-27T08:08:22","slug":"londyn-a-peking-na-pokraji-skandalu-kolem-korunovace-karla-iii","status":"publish","type":"post","link":"https:\/\/www.infokuryr.cz\/n\/2023\/04\/27\/londyn-a-peking-na-pokraji-skandalu-kolem-korunovace-karla-iii\/","title":{"rendered":"Lond\u00fdn a Peking na pokraji skand\u00e1lu kolem korunovace Karla III."},"content":{"rendered":"<div id=\"fb-root\"><\/div>\n<p class=\"lead\"><strong>Peking m\u016f\u017ee vyvolat diplomatick\u00fd skand\u00e1l, pokud \u010c\u00ednu zastoup\u00ed \u010d\u00ednsk\u00fd viceprezident Han Zheng na korunovaci Karla III.\u00a0S odvol\u00e1n\u00edm na zdroje z britsk\u00e9ho ministerstva zahrani\u010d\u00ed o tom ve st\u0159edu ve\u010der p\u00ed\u0161\u00ed noviny The Daily Telegraph.<\/strong><\/p>\n<p><span>Mluv\u010d\u00ed publikace \u0159ekl, \u017ee ministerstvo zahrani\u010d\u00ed si je t\u00e9m\u011b\u0159 jist\u00e9, \u017ee Han Zheng bude posl\u00e1n do Lond\u00fdna.\u00a0Ofici\u00e1ln\u00ed pozv\u00e1n\u00ed bylo adresov\u00e1no \u010d\u00ednsk\u00e9mu prezidentovi\u00a0<\/span><strong><span>Si \u0164in-pchingovi<\/span><\/strong><span>\u00a0, ale protokol stanov\u00ed, \u017ee m\u00edsto pozvan\u00e9ho v\u016fdce m\u016f\u017ee zaujmout osoba j\u00edm vybran\u00e1.\u00a0Kandidatura poslance Si \u0164in-pchinga, kter\u00fd se t\u00e9to funkce ujal p\u0159ed m\u011bs\u00edcem, se den\u00edku The Daily Telegraph jev\u00ed jako krajn\u011b problematick\u00e1, proto\u017ee to byl Han Zheng, kdo v posledn\u00edch p\u011bti letech dohl\u00ed\u017eel na politiku pevniny v\u016f\u010di Hongkongu, co\u017e vyvolalo ostrou kritiku v Lond\u00fdn\u011b, vedlo ke zhor\u0161en\u00ed britsko-\u010d\u00ednsk\u00fdch vztah\u016f.<\/span><\/p>\n<p><strong><em>\u201eTento mu\u017e je zodpov\u011bdn\u00fd za to, \u017ee byla zni\u010dena mezin\u00e1rodn\u00ed smlouva \u2013 \u010d\u00ednsko-britsk\u00e1 spole\u010dn\u00e1 deklarace [z roku 1984 o p\u0159evodu Hongkongu do \u010cLR], v jej\u00edm\u017e pr\u016fb\u011bhu hongkongsk\u00e9 \u00fa\u0159ady pron\u00e1sledovaly pokojn\u00e9 aktivisty, kte\u0159\u00ed obhajoval demokracii. M\u00edt tady tohoto mu\u017ee je prost\u011b pobu\u0159uj\u00edc\u00ed vzhledem k roli, kterou sehr\u00e1l,&#8220; uvedl novin\u00e1\u0159\u016fm <span class=\"after-quote\">Ian Duncan Smith \u00a0, b\u00fdval\u00fd \u0161\u00e9f vl\u00e1dnouc\u00ed Konzervativn\u00ed strany Velk\u00e9 Brit\u00e1nie.<\/span><\/em><\/strong><\/p>\n<p><span>Konzervativn\u00ed poslanec\u00a0<\/span><strong><span>Tim Loughton<\/span><\/strong><span>\u00a0\u0159ekl, \u017ee volba Han Zhenga k \u00fa\u010dasti na korunovaci by byla <strong>&#8222;ur\u00e1\u017ekou svobodomysln\u00e9ho lidu&#8220;<\/strong> Brit\u00e1nie.\u00a0Proti jeho p\u0159\u00edtomnosti na ceremonii se postavil i b\u00fdval\u00fd \u010dlen kabinetu\u00a0<\/span><strong><span>Simon Clark<\/span><\/strong><span>\u00a0.\u00a0Buckinghamsk\u00fd pal\u00e1c se k t\u00e9matu zdr\u017eel koment\u00e1\u0159\u016f.<\/span><\/p>\n<p><span>Kontroverze ohledn\u011b mo\u017en\u00e9 n\u00e1v\u0161t\u011bvy Han Zhenga se rozho\u0159ela v r\u00e1mci \u0161ir\u0161\u00ed debaty o politice Lond\u00fdna v\u016f\u010di Pekingu.\u00a0Ministr zahrani\u010d\u00ed\u00a0<\/span><strong><span>James Cleverley<\/span><\/strong><span> p\u0159ednesl 26. dubna projev, ve kter\u00e9m varoval p\u0159ed studenou v\u00e1lkou s \u010c\u00ednou a uvedl, \u017ee je t\u0159eba udr\u017eovat a rozv\u00edjet vztahy s \u010c\u00ednou za p\u0159edpokladu, \u017ee kr\u00e1lovstv\u00ed bude kl\u00e1st na prvn\u00ed m\u00edsto z\u00e1jmy n\u00e1rodn\u00ed bezpe\u010dnosti a bude i nad\u00e1le otev\u0159en\u011b kritizovat Peking, pokud by <strong>\u201eporu\u0161il sv\u00e9 mezin\u00e1rodn\u00ed z\u00e1vazky\u201c<\/strong>.\u00a0Pozice \u0161\u00e9fa ministerstva zahrani\u010d\u00ed vyvolala nespokojenost \u0159ady \u010dlen\u016f vl\u00e1dnouc\u00ed strany, kte\u0159\u00ed po\u017eadovali, aby byla \u010c\u00edna ofici\u00e1ln\u011b prohl\u00e1\u0161ena za hrozbu pro kr\u00e1lovstv\u00ed a vztahy s n\u00ed byly mnohem opatrn\u011bj\u0161\u00ed.<\/span><\/p>\n<p><span>Korunovace Karla III. se uskute\u010dn\u00ed za p\u0159\u00edtomnosti 2 tis\u00edc lid\u00ed ve Westminstersk\u00e9m opatstv\u00ed v Lond\u00fdn\u011b 6. kv\u011btna, osm m\u011bs\u00edc\u016f po smrti Al\u017eb\u011bty\u00a0<\/span>II<span>\u00a0.\u00a0Pozv\u00e1n\u00ed na ceremonii p\u0159ijali v\u016fdci Ma\u010farska, Irska, Polska, Filip\u00edn, Francie, kr\u00e1lov\u00e9 \u0160pan\u011blska a \u0160v\u00e9dska, monack\u00fd princ, japonsk\u00fd c\u00edsa\u0159sk\u00fd d\u016fm, v\u016fdci EU, z\u00e1stupci britsk\u00e9ho politick\u00e9ho establishmentu a nov\u00fd prvn\u00ed ministr Skotska, Hamza Yousaf, kter\u00fd se dr\u017e\u00ed republik\u00e1nsk\u00fdch\u00a0<\/span><strong><span>n\u00e1zor\u016f<\/span><\/strong><span>\u00a0.<\/span><\/p>\n<p><span>V telefonick\u00e9m rozhovoru s Karlem III, americk\u00fd prezident\u00a0<\/span><strong><span>Joe Biden<\/span><\/strong><span>\u00a0\u0159ekl, \u017ee jeho man\u017eelka\u00a0<\/span><strong><span>Jill Biden<\/span><\/strong><span>\u00a0bude reprezentovat jeho zemi na korunovaci .\u00a0<\/span><strong><span>D\u00e1nsk\u00e1 kr\u00e1lovna Margrethe II.<\/span><\/strong><span>\u00a0ceremoni\u00e1l zme\u0161k\u00e1 kv\u016fli operaci\u00a0.\u00a0Rusk\u00fd velvyslanec ve Spojen\u00e9m kr\u00e1lovstv\u00ed\u00a0<\/span><strong><span>Andrei Kelin<\/span><\/strong><span>\u00a0\u0159ekl, \u017ee pozv\u00e1n\u00ed na korunovaci v sou\u010dasn\u00e9 politick\u00e9 realit\u011b neo\u010dek\u00e1v\u00e1.<\/span><\/p>\n<p><img decoding=\"async\" loading=\"lazy\" class=\"alignnone size-full wp-image-1185\" src=\"http:\/\/www.infokuryr.cz\/n\/wp-content\/uploads\/2021\/04\/kuryr-podpis.png\" alt=\"\" width=\"84\" height=\"24\" \/><\/p>\n<p>&nbsp;<\/p>\n<p>&nbsp;<\/p>\n<p><img decoding=\"async\" loading=\"lazy\" class=\"wp-image-19187 aligncenter\" src=\"http:\/\/www.infokuryr.cz\/n\/wp-content\/uploads\/2022\/12\/1-PRO-300x36.jpg\" alt=\"\" width=\"1258\" height=\"151\" srcset=\"https:\/\/www.infokuryr.cz\/n\/wp-content\/uploads\/2022\/12\/1-PRO-300x36.jpg 300w, https:\/\/www.infokuryr.cz\/n\/wp-content\/uploads\/2022\/12\/1-PRO.jpg 699w\" sizes=\"(max-width: 1258px) 100vw, 1258px\" \/><\/p>\n<p>&nbsp;<\/p>\n<p>&nbsp;<\/p>\n","protected":false},"excerpt":{"rendered":"<p>Peking m\u016f\u017ee vyvolat diplomatick\u00fd skand\u00e1l, pokud \u010c\u00ednu zastoup\u00ed \u010d\u00ednsk\u00fd viceprezident Han Zheng na korunovaci Karla&#8230;<\/p>\n","protected":false},"author":2,"featured_media":26979,"comment_status":"closed","ping_status":"closed","sticky":false,"template":"","format":"standard","meta":[],"categories":[7],"tags":[30,3946,1009,303],"_links":{"self":[{"href":"https:\/\/www.infokuryr.cz\/n\/wp-json\/wp\/v2\/posts\/26978"}],"collection":[{"href":"https:\/\/www.infokuryr.cz\/n\/wp-json\/wp\/v2\/posts"}],"about":[{"href":"https:\/\/www.infokuryr.cz\/n\/wp-json\/wp\/v2\/types\/post"}],"author":[{"embeddable":true,"href":"https:\/\/www.infokuryr.cz\/n\/wp-json\/wp\/v2\/users\/2"}],"replies":[{"embeddable":true,"href":"https:\/\/www.infokuryr.cz\/n\/wp-json\/wp\/v2\/comments?post=26978"}],"version-history":[{"count":0,"href":"https:\/\/www.infokuryr.cz\/n\/wp-json\/wp\/v2\/posts\/26978\/revisions"}],"wp:featuredmedia":[{"embeddable":true,"href":"https:\/\/www.infokuryr.cz\/n\/wp-json\/wp\/v2\/media\/26979"}],"wp:attachment":[{"href":"https:\/\/www.infokuryr.cz\/n\/wp-json\/wp\/v2\/media?parent=26978"}],"wp:term":[{"taxonomy":"category","embeddable":true,"href":"https:\/\/www.infokuryr.cz\/n\/wp-json\/wp\/v2\/categories?post=26978"},{"taxonomy":"post_tag","embeddable":true,"href":"https:\/\/www.infokuryr.cz\/n\/wp-json\/wp\/v2\/tags?post=26978"}],"curies":[{"name":"wp","href":"https:\/\/api.w.org\/{rel}","templated":true}]}}