{"id":26966,"date":"2023-04-27T08:11:13","date_gmt":"2023-04-27T06:11:13","guid":{"rendered":"http:\/\/www.infokuryr.cz\/n\/?p=26966"},"modified":"2023-04-27T08:11:13","modified_gmt":"2023-04-27T06:11:13","slug":"jihoafricka-republika-chce-zustat-u-mezinarodniho-soudniho-dvora-ale-zavest-pravidlo-imunity","status":"publish","type":"post","link":"https:\/\/www.infokuryr.cz\/n\/2023\/04\/27\/jihoafricka-republika-chce-zustat-u-mezinarodniho-soudniho-dvora-ale-zavest-pravidlo-imunity\/","title":{"rendered":"Jihoafrick\u00e1 republika chce z\u016fstat u Mezin\u00e1rodn\u00edho soudn\u00edho dvora, ale zav\u00e9st pravidlo imunity"},"content":{"rendered":"<div id=\"fb-root\"><\/div>\n<p><span style=\"font-size: 14pt;\"><strong>V \u00fater\u00fd bylo ozn\u00e1meno, \u017ee Jihoafrick\u00e1 republika se chce st\u00e1hnout z Mezin\u00e1rodn\u00edho soudn\u00edho dvora kv\u016fli ob\u017ealob\u011b vznesen\u00e9 Mezin\u00e1rodn\u00edm soudn\u00edm dvorem proti rusk\u00e9mu prezidentovi Putinovi.\u00a0Zpr\u00e1va byla nyn\u00ed opravena.<\/strong><\/span><\/p>\n<h3><span style=\"font-size: 18pt;\">Jihoafrick\u00e1 republika tvrd\u00ed, \u017ee z\u016fstane u Mezin\u00e1rodn\u00edho trestn\u00edho soudu, ale zva\u017euje \u00fapravu dolo\u017eky o imunit\u011b<\/span><\/h3>\n<p><strong><span>Ministr zahrani\u010dn\u00edch v\u011bc\u00ed a spolupr\u00e1ce Naledi Pandor ji\u017e d\u0159\u00edve \u0159ekl, \u017ee Jihoafrick\u00e1 republika zva\u017euje vnitrost\u00e1tn\u00ed legislativu, kter\u00e1 by zaru\u010dila \u00fa\u0159aduj\u00edc\u00edm hlav\u00e1m st\u00e1t\u016f v zemi imunitu v\u016f\u010di zatyka\u010d\u016fm Mezin\u00e1rodn\u00edho trestn\u00edho soudu.<\/span><\/strong><\/p>\n<p><span>Jihoafrick\u00e1 republika z\u016fst\u00e1v\u00e1 \u010dlenem Mezin\u00e1rodn\u00edho trestn\u00edho soudu (ICC), ale z\u00e1rove\u0148 zva\u017euje \u00fapravu n\u00e1rodn\u00ed legislativy ovliv\u0148uj\u00edc\u00ed imunitu osob ob\u017ealovan\u00fdch ICC.\u00a0Uvedla to Prezidentsk\u00e1 administrativa republiky v prohl\u00e1\u0161en\u00ed zve\u0159ejn\u011bn\u00e9m ve st\u0159edu na sv\u00e9m ofici\u00e1ln\u00edm port\u00e1lu.<\/span><\/p>\n<p><span>&#8222;Ji\u017en\u00ed Afrika z\u016fst\u00e1v\u00e1 signat\u00e1\u0159em \u0158\u00edmsk\u00e9ho statutu (zakl\u00e1daj\u00edc\u00edho dokumentu ICC) a bude se i nad\u00e1le dr\u017eet stejn\u00e9ho a konzistentn\u00edho uplat\u0148ov\u00e1n\u00ed mezin\u00e1rodn\u00edho pr\u00e1va,&#8220; uvedlo.\u00a0\u201eSou\u010dasn\u00e9 objasn\u011bn\u00ed n\u00e1sleduje po chyb\u011b v koment\u00e1\u0159i u\u010din\u011bn\u00e9m b\u011bhem tiskov\u00e9 konference vl\u00e1dnouc\u00ed strany Africk\u00e9ho n\u00e1rodn\u00edho kongresu (ANC) o postoji Ji\u017en\u00ed Afriky k ICC.\u00a0Bohu\u017eel prezident [zem\u011b Cyril Ramaposa] omylem zopakoval podobn\u00fd postoj b\u011bhem tiskov\u00e9 konference.<\/span><\/p>\n<p><span>Ramaposa v \u00fater\u00fd na tiskov\u00e9 konferenci \u0159ekl, \u017ee vl\u00e1dnouc\u00ed strana ANC se rozhodla st\u00e1hnout zemi z ICC, proto\u017ee mezin\u00e1rodn\u00ed organizace v \u0159ad\u011b p\u0159\u00edpad\u016f projevila zaujatost.<\/span><\/p>\n<p><span>Prezidentsk\u00e1 administrativa nyn\u00ed ozn\u00e1mila, \u017ee Ji\u017en\u00ed Afrika z\u016fstane \u010dlenem ICC v souladu s usnesen\u00edm kongresu ANC z prosince 2022, kter\u00e9 rozhodlo zru\u0161it d\u0159\u00edv\u011bj\u0161\u00ed rozhodnut\u00ed o vystoupen\u00ed z ICC.\u00a0&#8222;Prosincov\u00e9 usnesen\u00ed kongresu ANC bylo potvrzeno na zased\u00e1n\u00ed N\u00e1rodn\u00edho v\u00fdkonn\u00e9ho v\u00fdboru ANC ve dnech 21. a\u017e 24. dubna 2023,&#8220; stoj\u00ed v prohl\u00e1\u0161en\u00ed.\u00a0&#8222;N\u00e1rodn\u00ed v\u00fdkonn\u00fd v\u00fdbor ANC rovn\u011b\u017e zva\u017eoval mo\u017en\u00fd odchod z ICC jako mo\u017enost, kter\u00e1 by mohla nastat jako posledn\u00ed mo\u017enost p\u0159i absenci pr\u00e1vn\u00edch \u0159e\u0161en\u00ed vedouc\u00edch k rovn\u00e9mu a konzistentn\u00edmu uplat\u0148ov\u00e1n\u00ed mezin\u00e1rodn\u00edho pr\u00e1va.&#8220;<\/span><\/p>\n<p><span>&#8222;Jihoafrick\u00e1 republika nav\u00edc zva\u017euje \u00fapravu legislativy za \u00fa\u010delem implementace \u0158\u00edmsk\u00e9ho statutu do vnitrost\u00e1tn\u00edho pr\u00e1va,&#8220; stoj\u00ed v prohl\u00e1\u0161en\u00ed.\u00a0&#8222;To zahrnuje ustanoven\u00ed v \u010dl\u00e1nku 98 statutu, kter\u00e9 stanov\u00ed zbaven\u00ed imunity osob ob\u017ealovan\u00fdch ICC ve t\u0159et\u00edch zem\u00edch.&#8220;<\/span><\/p>\n<p><span>Dne 24. b\u0159ezna ministr zahrani\u010dn\u00edch v\u011bc\u00ed a spolupr\u00e1ce Naledi Pandor ozn\u00e1mil, \u017ee Jihoafrick\u00e1 republika zva\u017euje vnitrost\u00e1tn\u00ed legislativu, kter\u00e1 by zajistila \u00fa\u0159aduj\u00edc\u00edm hlav\u00e1m st\u00e1t\u016f v zemi imunitu v\u016f\u010di zatyka\u010d\u016fm ICC.<\/span><\/p>\n<p><img decoding=\"async\" loading=\"lazy\" class=\"alignnone size-full wp-image-1185\" src=\"http:\/\/www.infokuryr.cz\/n\/wp-content\/uploads\/2021\/04\/kuryr-podpis.png\" alt=\"\" width=\"84\" height=\"24\" \/><\/p>\n<p>&nbsp;<\/p>\n<p><img decoding=\"async\" loading=\"lazy\" class=\"wp-image-19187 aligncenter\" src=\"http:\/\/www.infokuryr.cz\/n\/wp-content\/uploads\/2022\/12\/1-PRO-300x36.jpg\" alt=\"\" width=\"1292\" height=\"155\" srcset=\"https:\/\/www.infokuryr.cz\/n\/wp-content\/uploads\/2022\/12\/1-PRO-300x36.jpg 300w, https:\/\/www.infokuryr.cz\/n\/wp-content\/uploads\/2022\/12\/1-PRO.jpg 699w\" sizes=\"(max-width: 1292px) 100vw, 1292px\" \/><\/p>\n<p>&nbsp;<\/p>\n","protected":false},"excerpt":{"rendered":"<p>V \u00fater\u00fd bylo ozn\u00e1meno, \u017ee Jihoafrick\u00e1 republika se chce st\u00e1hnout z Mezin\u00e1rodn\u00edho soudn\u00edho dvora kv\u016fli&#8230;<\/p>\n","protected":false},"author":2,"featured_media":24764,"comment_status":"closed","ping_status":"closed","sticky":false,"template":"","format":"standard","meta":[],"categories":[7],"tags":[454,900,4622,102],"_links":{"self":[{"href":"https:\/\/www.infokuryr.cz\/n\/wp-json\/wp\/v2\/posts\/26966"}],"collection":[{"href":"https:\/\/www.infokuryr.cz\/n\/wp-json\/wp\/v2\/posts"}],"about":[{"href":"https:\/\/www.infokuryr.cz\/n\/wp-json\/wp\/v2\/types\/post"}],"author":[{"embeddable":true,"href":"https:\/\/www.infokuryr.cz\/n\/wp-json\/wp\/v2\/users\/2"}],"replies":[{"embeddable":true,"href":"https:\/\/www.infokuryr.cz\/n\/wp-json\/wp\/v2\/comments?post=26966"}],"version-history":[{"count":0,"href":"https:\/\/www.infokuryr.cz\/n\/wp-json\/wp\/v2\/posts\/26966\/revisions"}],"wp:featuredmedia":[{"embeddable":true,"href":"https:\/\/www.infokuryr.cz\/n\/wp-json\/wp\/v2\/media\/24764"}],"wp:attachment":[{"href":"https:\/\/www.infokuryr.cz\/n\/wp-json\/wp\/v2\/media?parent=26966"}],"wp:term":[{"taxonomy":"category","embeddable":true,"href":"https:\/\/www.infokuryr.cz\/n\/wp-json\/wp\/v2\/categories?post=26966"},{"taxonomy":"post_tag","embeddable":true,"href":"https:\/\/www.infokuryr.cz\/n\/wp-json\/wp\/v2\/tags?post=26966"}],"curies":[{"name":"wp","href":"https:\/\/api.w.org\/{rel}","templated":true}]}}