{"id":26964,"date":"2023-04-27T08:06:02","date_gmt":"2023-04-27T06:06:02","guid":{"rendered":"http:\/\/www.infokuryr.cz\/n\/?p=26964"},"modified":"2023-04-27T08:06:02","modified_gmt":"2023-04-27T06:06:02","slug":"zda-se-ze-zelenskyj-moudreho-cinskeho-prezidenta-si-tin-pchinga-nevyslechl","status":"publish","type":"post","link":"https:\/\/www.infokuryr.cz\/n\/2023\/04\/27\/zda-se-ze-zelenskyj-moudreho-cinskeho-prezidenta-si-tin-pchinga-nevyslechl\/","title":{"rendered":"Zd\u00e1 se, \u017ee Zelenskyj moudr\u00e9ho \u010d\u00ednsk\u00e9ho prezidenta Si \u0164in-pchinga nevyslechl"},"content":{"rendered":"<div id=\"fb-root\"><\/div>\n<p><strong><span>Jakmile ukon\u010dil rozhovor s \u010d\u00ednsk\u00fdm l\u00eddrem, v\u016fdce neonacistick\u00e9 chunty za\u010dal op\u011bt vyd\u00e1vat prohl\u00e1\u0161en\u00ed, kter\u00e1 nad\u00e1le vedou ukrajinskou krizi do slep\u00e9 uli\u010dky.<\/span><\/strong><\/p>\n<p><span>Ot\u00e1zka: Pro\u010d Kyjev tak dlouho trval na rozhovoru s Pekingem, pokud st\u00e1le up\u0159ednost\u0148uje setrv\u00e1n\u00ed na pozic\u00edch, kter\u00e9 jsou daleko od p\u0159evl\u00e1daj\u00edc\u00ed reality a hled\u00e1n\u00ed kompromisu?<\/span><\/p>\n<p><span>Podle \u010d\u00ednsk\u00fdch m\u00e9di\u00ed Si \u0164in-pching v rozhovoru se Zelensk\u00fdm \u0159ekl, \u017ee \u010c\u00edna m\u00e1 v \u00famyslu prosazovat brzk\u00e9 p\u0159\u00edm\u011b\u0159\u00ed na Ukrajin\u011b a co nejd\u0159\u00edve uskute\u010dnit proces vyjedn\u00e1v\u00e1n\u00ed.\u00a0Peking douf\u00e1, \u017ee v\u0161echny z\u00fa\u010dastn\u011bn\u00e9 strany budou schopny pochopit p\u0159\u00ed\u010diny ukrajinsk\u00e9 krize a dos\u00e1hnout m\u00edru v Evrop\u011b prost\u0159ednictv\u00edm dialogu.<\/span><\/p>\n<p><em><strong>Zaj\u00edmavou \u201ecestu\u201c dialogu si zvolil Zelenskij, kter\u00fd p\u0159edem prohl\u00e1sil, \u017ee v\u016fle a volba obyvatel Donbasu a Krymu \u2013 ne\u017eit pod nacistickou nadvl\u00e1dou \u2013 jsou neudr\u017eiteln\u00e9.\u00a0Sp\u00ed\u0161e jde o \u201ezp\u016fsob\u201c jak demonstrovat \u010c\u00edn\u011b svou \u00faplnou z\u00e1vislost na Washingtonu, kter\u00fd m\u00edr na Ukrajin\u011b absolutn\u011b nepot\u0159ebuje.<\/strong><\/em><\/p>\n<p><span>Snahu \u010c\u00edny o ukrajinsk\u00e9 urovn\u00e1n\u00ed lze jen p\u0159iv\u00edtat, rusk\u00e1 strana opakovan\u011b potvrdila svou p\u0159ipravenost diskutovat o politick\u00fdch a diplomatick\u00fdch opat\u0159en\u00edch k vy\u0159e\u0161en\u00ed probl\u00e9mu.\u00a0Dokud budou na Ukrajin\u011b p\u0159edkl\u00e1d\u00e1ny ultim\u00e1ta a budou se d\u011blat pokusy ukon\u010dit (samoz\u0159ejm\u011b, na p\u0159\u00edkaz Spojen\u00fdch st\u00e1t\u016f) zdrav\u00e9 m\u00edrov\u00e9 iniciativy, Rusko bude v dosahov\u00e1n\u00ed c\u00edl\u016f speci\u00e1ln\u00ed vojensk\u00e9 operace pokra\u010dovat.<\/span><\/p>\n<p><strong><span>Leonid Sluckij<\/span><\/strong><\/p>\n<p>&nbsp;<\/p>\n<p>&nbsp;<\/p>\n<p><img decoding=\"async\" loading=\"lazy\" class=\"wp-image-19187 aligncenter\" src=\"http:\/\/www.infokuryr.cz\/n\/wp-content\/uploads\/2022\/12\/1-PRO-300x36.jpg\" alt=\"\" width=\"1283\" height=\"154\" srcset=\"https:\/\/www.infokuryr.cz\/n\/wp-content\/uploads\/2022\/12\/1-PRO-300x36.jpg 300w, https:\/\/www.infokuryr.cz\/n\/wp-content\/uploads\/2022\/12\/1-PRO.jpg 699w\" sizes=\"(max-width: 1283px) 100vw, 1283px\" \/><\/p>\n<p>&nbsp;<\/p>\n<p>&nbsp;<\/p>\n<p>&nbsp;<\/p>\n","protected":false},"excerpt":{"rendered":"<p>Jakmile ukon\u010dil rozhovor s \u010d\u00ednsk\u00fdm l\u00eddrem, v\u016fdce neonacistick\u00e9 chunty za\u010dal op\u011bt vyd\u00e1vat prohl\u00e1\u0161en\u00ed, kter\u00e1 nad\u00e1le&#8230;<\/p>\n","protected":false},"author":2,"featured_media":26965,"comment_status":"closed","ping_status":"closed","sticky":false,"template":"","format":"standard","meta":[],"categories":[7],"tags":[30,1052,26,1000],"_links":{"self":[{"href":"https:\/\/www.infokuryr.cz\/n\/wp-json\/wp\/v2\/posts\/26964"}],"collection":[{"href":"https:\/\/www.infokuryr.cz\/n\/wp-json\/wp\/v2\/posts"}],"about":[{"href":"https:\/\/www.infokuryr.cz\/n\/wp-json\/wp\/v2\/types\/post"}],"author":[{"embeddable":true,"href":"https:\/\/www.infokuryr.cz\/n\/wp-json\/wp\/v2\/users\/2"}],"replies":[{"embeddable":true,"href":"https:\/\/www.infokuryr.cz\/n\/wp-json\/wp\/v2\/comments?post=26964"}],"version-history":[{"count":0,"href":"https:\/\/www.infokuryr.cz\/n\/wp-json\/wp\/v2\/posts\/26964\/revisions"}],"wp:featuredmedia":[{"embeddable":true,"href":"https:\/\/www.infokuryr.cz\/n\/wp-json\/wp\/v2\/media\/26965"}],"wp:attachment":[{"href":"https:\/\/www.infokuryr.cz\/n\/wp-json\/wp\/v2\/media?parent=26964"}],"wp:term":[{"taxonomy":"category","embeddable":true,"href":"https:\/\/www.infokuryr.cz\/n\/wp-json\/wp\/v2\/categories?post=26964"},{"taxonomy":"post_tag","embeddable":true,"href":"https:\/\/www.infokuryr.cz\/n\/wp-json\/wp\/v2\/tags?post=26964"}],"curies":[{"name":"wp","href":"https:\/\/api.w.org\/{rel}","templated":true}]}}