{"id":26951,"date":"2023-04-27T05:54:35","date_gmt":"2023-04-27T03:54:35","guid":{"rendered":"http:\/\/www.infokuryr.cz\/n\/?p=26951"},"modified":"2023-04-27T05:54:35","modified_gmt":"2023-04-27T03:54:35","slug":"p-c-roberts-z-fox-news-uz-pravda-nepipne","status":"publish","type":"post","link":"https:\/\/www.infokuryr.cz\/n\/2023\/04\/27\/p-c-roberts-z-fox-news-uz-pravda-nepipne\/","title":{"rendered":"P.C.Roberts: Z Fox News u\u017e pravda nep\u00edpne"},"content":{"rendered":"<div id=\"fb-root\"><\/div>\n<p class=\"Standard\">Jak jsem mnohokr\u00e1t opakoval, jsou u n\u00e1s hlasatel\u00e9 pravdy uml\u010dov\u00e1ni. Nyn\u00ed jde o nejobl\u00edben\u011bj\u0161\u00edho televizn\u00edho moder\u00e1tora s nejv\u011bt\u0161\u00ed sledovanost\u00ed, kter\u00fd byl sv\u00fdm zam\u011bstnavatelem zavr\u017een. Je neobvykl\u00e9, ba zcela v\u00fdjime\u010dn\u00e9, aby medi\u00e1ln\u00ed spole\u010dnost n\u00e1hle propustila sv\u00e9ho nejpopul\u00e1rn\u011bj\u0161\u00edho moder\u00e1tora, zvl\u00e1\u0161\u0165 kdy\u017e se tak stane v dob\u011b, kdy jeho po\u0159ad za\u017e\u00edv\u00e1 vrchol sledovanosti, zat\u00edmco zpravodajstv\u00ed jin\u00fdch televizn\u00edch spole\u010dnost\u00ed ztr\u00e1cej\u00ed d\u016fv\u011bryhodnost i div\u00e1ky. Zde je zpr\u00e1va, kterou zve\u0159ejnil web Epoch Times:<\/p>\n<p class=\"Standard\">\u201eFox News v pond\u011bl\u00ed potvrdila, \u017ee se roze\u0161la se sv\u00fdm popul\u00e1rn\u00edm moder\u00e1torem Tuckerem Carlsonem, ani\u017e by uvedla pro\u010d. \u201e Fox News Media a Tucker Carlson se dohodli na rozchodu, D\u011bkujeme mu za jeho slu\u017ebu pro spole\u010dnost ve funkci moder\u00e1tora\u201c stoj\u00ed v tiskov\u00e9 zpr\u00e1v\u011b zpravodajsk\u00e9ho kan\u00e1lu Fox News, a d\u00e1le se zde uv\u00e1d\u00ed, \u017ee jeho odchod ze spole\u010dnosti je platn\u00fd okam\u017eit\u011b, co\u017e znamen\u00e1, \u017ee Carlson u\u017e nebude m\u00edt mo\u017enost hostit z\u00e1v\u011bre\u010dnou show Fox News a rozlou\u010dit se se sv\u00fdmi div\u00e1ky.<\/p>\n<p class=\"Standard\">Mo\u017en\u00e1 se je\u0161t\u011b objev\u00ed n\u011bjak\u00e9 vysv\u011btlen\u00ed pro\u010d se Fox News takto st\u0159elila do sv\u00e9 vlastn\u00ed nohy, a je t\u00e9\u017e mo\u017en\u00e9, \u017ee bude vykonstruov\u00e1n skand\u00e1l s n\u011bjakou pornohv\u011bzdou, kter\u00e1 potvrd\u00ed, \u017ee ji Tucker zn\u00e1silnil. Ov\u0161em vsad\u00edm se, \u017ee pravdiv\u00fdm p\u0159\u00edb\u011bhem je ten, \u017ee se spolumajitel\u00e9 Fox News Rupert \u010di Lachlan Murdoch, stali ob\u011b\u0165mi vyhro\u017eov\u00e1n\u00ed. V USA a v Brit\u00e1nii se z\u00e1kon prom\u011bnil ve zbra\u0148 mocn\u00fdch, co\u017e tamn\u00edm vl\u00e1dnouc\u00edm elit\u00e1m umo\u017e\u0148uje z\u00edskat \u201espolupr\u00e1ci\u201c, kam jen pohl\u00e9dnou. P\u0159i\u010dem\u017e tamn\u00ed m\u00e9dia u\u017e p\u0159estala v\u00e9st vl\u00e1dy k zodpov\u011bdnosti.<\/p>\n<p class=\"Standard\">Ot\u00e1zka: Z\u016fstanou fanou\u0161ci Tuckera Carlsona u Fox News i po jeho propu\u0161t\u011bn\u00ed? Pravd\u011bpodobn\u011b ano, proto\u017ee jen m\u00e1lo Ameri\u010dan\u016f se zastane t\u011bch, kte\u0159\u00ed se jich zast\u00e1vaj\u00ed. A to je d\u016fvod, pro\u010d je Amerika odsouzena k z\u00e1hub\u011b.<\/p>\n<p class=\"Standard\"><em>Vybral a p\u0159elo\u017eil Lubom\u00edr Man<\/em><\/p>\n<p>&nbsp;<\/p>\n<p>&nbsp;<\/p>\n<p><img decoding=\"async\" loading=\"lazy\" class=\"wp-image-19187 aligncenter\" src=\"http:\/\/www.infokuryr.cz\/n\/wp-content\/uploads\/2022\/12\/1-PRO-300x36.jpg\" alt=\"\" width=\"1283\" height=\"154\" srcset=\"https:\/\/www.infokuryr.cz\/n\/wp-content\/uploads\/2022\/12\/1-PRO-300x36.jpg 300w, https:\/\/www.infokuryr.cz\/n\/wp-content\/uploads\/2022\/12\/1-PRO.jpg 699w\" sizes=\"(max-width: 1283px) 100vw, 1283px\" \/><\/p>\n<p>&nbsp;<\/p>\n<p>&nbsp;<\/p>\n<p>&nbsp;<\/p>\n","protected":false},"excerpt":{"rendered":"<p>Jak jsem mnohokr\u00e1t opakoval, jsou u n\u00e1s hlasatel\u00e9 pravdy uml\u010dov\u00e1ni. Nyn\u00ed jde o nejobl\u00edben\u011bj\u0161\u00edho televizn\u00edho&#8230;<\/p>\n","protected":false},"author":2,"featured_media":810,"comment_status":"closed","ping_status":"closed","sticky":false,"template":"","format":"standard","meta":[],"categories":[7],"tags":[29,668,3405],"_links":{"self":[{"href":"https:\/\/www.infokuryr.cz\/n\/wp-json\/wp\/v2\/posts\/26951"}],"collection":[{"href":"https:\/\/www.infokuryr.cz\/n\/wp-json\/wp\/v2\/posts"}],"about":[{"href":"https:\/\/www.infokuryr.cz\/n\/wp-json\/wp\/v2\/types\/post"}],"author":[{"embeddable":true,"href":"https:\/\/www.infokuryr.cz\/n\/wp-json\/wp\/v2\/users\/2"}],"replies":[{"embeddable":true,"href":"https:\/\/www.infokuryr.cz\/n\/wp-json\/wp\/v2\/comments?post=26951"}],"version-history":[{"count":0,"href":"https:\/\/www.infokuryr.cz\/n\/wp-json\/wp\/v2\/posts\/26951\/revisions"}],"wp:featuredmedia":[{"embeddable":true,"href":"https:\/\/www.infokuryr.cz\/n\/wp-json\/wp\/v2\/media\/810"}],"wp:attachment":[{"href":"https:\/\/www.infokuryr.cz\/n\/wp-json\/wp\/v2\/media?parent=26951"}],"wp:term":[{"taxonomy":"category","embeddable":true,"href":"https:\/\/www.infokuryr.cz\/n\/wp-json\/wp\/v2\/categories?post=26951"},{"taxonomy":"post_tag","embeddable":true,"href":"https:\/\/www.infokuryr.cz\/n\/wp-json\/wp\/v2\/tags?post=26951"}],"curies":[{"name":"wp","href":"https:\/\/api.w.org\/{rel}","templated":true}]}}