{"id":26917,"date":"2023-04-27T01:15:02","date_gmt":"2023-04-26T23:15:02","guid":{"rendered":"http:\/\/www.infokuryr.cz\/n\/?p=26917"},"modified":"2023-04-26T15:40:28","modified_gmt":"2023-04-26T13:40:28","slug":"petr-hannig-v-ramci-uspor-zruste-radeji-17-listopad","status":"publish","type":"post","link":"https:\/\/www.infokuryr.cz\/n\/2023\/04\/27\/petr-hannig-v-ramci-uspor-zruste-radeji-17-listopad\/","title":{"rendered":"Petr Hannig: V r\u00e1mci \u00faspor zru\u0161te rad\u011bji 17. listopad"},"content":{"rendered":"<div id=\"fb-root\"><\/div>\n<div class=\"opener\"><strong>Vl\u00e1da se sna\u017e\u00ed \u0161et\u0159it, kde se d\u00e1. \u010cetl jsem, \u017ee m\u00edstop\u0159edseda Poslaneck\u00e9 sn\u011bmovny Jan Barto\u0161ek \u2013 KDU-\u010cSL, navrhuje z \u00fasporn\u00fdch d\u016fvod\u016f zru\u0161en\u00ed st\u00e1tn\u00edho sv\u00e1tku 1. kv\u011btna.<\/strong><\/div>\n<div id=\"art-text\" class=\"text\">\n<p>Samoz\u0159ejm\u011b, \u017ee se jedn\u00e1 zat\u00edm o z\u0159ejm\u011b osobn\u00ed n\u00e1zor tohoto politika. N\u011bkde jsem ale \u010detl, \u017ee se snad uva\u017euje tak\u00e9 o 8. kv\u011btnu, Dnu v\u00edt\u011bzstv\u00ed. Vzhledem k tomu, \u017ee se Den v\u00edt\u011bzstv\u00ed neslav\u00ed v N\u011bmecku z pochopiteln\u00fdch d\u016fvod\u016f, nebo\u0165 to byl den por\u00e1\u017eky tehdej\u0161\u00edho N\u011bmecka, ani v Ma\u010farsku se neslav\u00ed, proto\u017ee Ma\u010farsko bylo ve v\u00e1lce na stran\u011b N\u011bmecka. Takt\u00e9\u017e se neslav\u00ed v Rakousku, jednak z podobn\u00fdch d\u016fvod\u016f, proto\u017ee Rakousko bylo sou\u010d\u00e1st\u00ed T\u0159et\u00ed \u0159\u00ed\u0161e a nav\u00edc se tamn\u00ed sv\u00e1tky \u0159\u00edd\u00ed katolick\u00fdm kalend\u00e1\u0159em, pr\u00e1v\u011b tak, jako st\u00e1tn\u00ed sv\u00e1tky v Polsku. Na Slovensku se Den v\u00edt\u011bzstv\u00ed slav\u00ed i kdy\u017e byl za v\u00e1lky Slovensk\u00fd \u0161t\u00e1t na stran\u011b N\u011bmecka, a byl v podstat\u011b pora\u017een, ale d\u00edky diplomatick\u00e9 aktivit\u011b prezidenta Edvarda Bene\u0161e podpo\u0159en\u00e9 Slovensk\u00fdm n\u00e1rodn\u00edm povst\u00e1n\u00edm, se Slovensko mezin\u00e1rodn\u011b po v\u00e1lce uzn\u00e1valo jako sou\u010d\u00e1st \u010ceskoslovenska v\u010detn\u011b \u00fazem\u00ed s ma\u010farsky mluv\u00edc\u00edm obyvatelstvem, kter\u00e9 p\u0159ipadly v letech1938 -1945 Ma\u010farsku, pr\u00e1v\u011b tak, jako se navr\u00e1tila historick\u00e1 \u00fazem\u00ed \u010ceskoslovensku anulov\u00e1n\u00edm Mnichovsk\u00e9 dohody.<\/p>\n<p>Tolik k z\u00e1kladn\u00edmu popisu slaven\u00ed \u010di neslaven\u00ed Dne v\u00edt\u011bzstv\u00ed v sousedn\u00edch zem\u00edch. Sv\u00e1tek pr\u00e1ce se v\u0161ude u na\u0161ich soused\u016f slav\u00ed. A co se t\u00fdk\u00e1 Dne v\u00edt\u011bzstv\u00ed v \u010cR. Neb\u00fdt osvobozen\u00ed na\u0161\u00ed zem\u011b jak Rudou arm\u00e1dou, tak arm\u00e1dou USA, tak by n\u00e1\u0161 n\u00e1rod neexistoval. Proto je nanejv\u00fd\u0161 vhodn\u00e9 tento st\u00e1tn\u00ed sv\u00e1tek udr\u017eet, proto\u017ee pokud by nadvl\u00e1da hitlerovsk\u00e9ho N\u011bmecka pokra\u010dovala, znamenalo by to pro n\u00e1s katastrofu. Jenom mal\u00e1 korekce. Logi\u010dt\u011bj\u0161\u00ed by bylo slavit 9. kv\u011btna, proto\u017ee tehdy byla osvobozena Praha, na\u0161e hlavn\u00ed m\u011bsto. Ale do toho bych u\u017e ne\u0161\u0165oural. Bylo to zm\u011bn\u011bno z politick\u00fdch d\u016fvod\u016f, proto\u017ee Den v\u00edt\u011bzstv\u00ed se slav\u00ed v z\u00e1padn\u00ed Evrop\u011b nap\u0159. Francii pr\u00e1v\u011b 8. kv\u011btna, proto\u017ee to byla podeps\u00e1na kapitulace p\u0159\u00edmo v Berl\u00edn\u011b (i kdy\u017e fakticky byla u\u017e podeps\u00e1na 7.5. 1945).<\/p>\n<p>Ob\u010dan\u00e9 vyu\u017e\u00edvaj\u00ed sv\u00e1tky hlavn\u011b k rekreaci a mnohdy si jejich v\u00fdznam ani neuv\u011bdomuj\u00ed. A tyto dva jarn\u00ed sv\u00e1tky jsou velice p\u0159\u00edjemn\u00e9.<\/p>\n<p>Proto navrhuji, aby, pokud je to z \u00fasporn\u00fdch d\u016fvod\u016f nutn\u00e9, byl zru\u0161en jako st\u00e1tn\u00ed sv\u00e1tek 17. listopad a ponech\u00e1n pouze jako v\u00fdznamn\u00fd den. Jednak se zm\u011bnil mnoha lidem d\u016fvod, pro\u010d uct\u00edvat tento sv\u00e1tek. Nevyplnila se o\u010dek\u00e1v\u00e1n\u00ed ob\u010dan\u016f a sliby politik\u016f t\u00e9 doby, \u017ee se \u017eivotn\u00ed \u00farove\u0148 p\u0159ibl\u00ed\u017e\u00ed t\u00e9, kter\u00e1 byla ve st\u00e1tech, ke kter\u00fdm jsme v t\u00e9 dob\u011b vzhl\u00ed\u017eeli. Dos\u00e1hli jsme pouze toho, \u017ee se k n\u00e1m importovaly ty negativn\u00ed \u00fakazy, jako t\u0159eba bezdomovectv\u00ed, kriminalita, drogy, strach o zam\u011bstn\u00e1n\u00ed, strach o to, \u017ee nebudeme schopni zaplatit ve sv\u00fdch domovech drahou energii&#8230; Nem\u00e1 cenu d\u00e1le vypo\u010d\u00edt\u00e1vat negativa. V\u0161ichni o nich v\u00edme. Pozitiva jsou samoz\u0159ejm\u011b tak\u00e9. Mo\u017enost cestovat (pokud na to m\u00e1me pen\u00edze), mo\u017enost podnikat (pokud n\u00e1s nespolkne glob\u00e1ln\u00ed konkurence), mo\u017enost vyjad\u0159ovat sv\u016fj n\u00e1zor (pokud nenaraz\u00edme na z\u00e1kony, kter\u00e9 v podstat\u011b omezuj\u00ed svobodn\u00e9 vyjad\u0159ov\u00e1n\u00ed k ur\u010dit\u00fdm v\u011bcem). Pozitiv bude tak\u00e9 v\u00edce. To mi ur\u010dit\u011b p\u0159ipomenou diskutuj\u00edc\u00ed, mysl\u00edm ti, co si p\u0159e\u010dtou m\u016fj \u010dl\u00e1nek a\u017e do konce a ne pouze nadpis.<\/p>\n<p>Ani komunist\u00e9 si sv\u016fj \u201eV\u00edt\u011bzn\u00fd\u201c 25. \u00fanor neinstalovali jako st\u00e1tn\u00ed sv\u00e1tek. Nav\u00edc v listopadu je mizern\u00e9 po\u010das\u00ed, tak vl\u00e1do a v\u00edt\u011bzn\u00e1 koalice, veden\u00ed Poslaneck\u00e9 sn\u011bmovny, Sen\u00e1tu a koneckonc\u016f i prezidente, neberte lidem sv\u00e1tky, kdy je nad\u011bje na hezk\u00e9 po\u010das\u00ed. Kdy\u017e u\u017e to mus\u00ed b\u00fdt, tak zru\u0161te 17. listopad. Ten sv\u00e1tek m\u011bl svou nezastupitelnost t\u0159eba v devades\u00e1t\u00fdch letech, kdy jsme si v\u0161ichni mysleli, \u017ee n\u00e1s \u010dek\u00e1 skv\u011bl\u00e1 budoucnost. Mysl\u00edme si to nyn\u00ed?<\/p>\n<p><strong>Mgr. Petr Hannig,<\/strong> p\u0159edseda strany ROZUMN\u00cd a b\u00fdval\u00fd prezidentsk\u00fd kandid\u00e1t<\/p>\n<\/div>\n<p>&nbsp;<\/p>\n<p>&nbsp;<\/p>\n<p><img decoding=\"async\" loading=\"lazy\" class=\"wp-image-19187 aligncenter\" src=\"http:\/\/www.infokuryr.cz\/n\/wp-content\/uploads\/2022\/12\/1-PRO-300x36.jpg\" alt=\"\" width=\"1267\" height=\"152\" srcset=\"https:\/\/www.infokuryr.cz\/n\/wp-content\/uploads\/2022\/12\/1-PRO-300x36.jpg 300w, https:\/\/www.infokuryr.cz\/n\/wp-content\/uploads\/2022\/12\/1-PRO.jpg 699w\" sizes=\"(max-width: 1267px) 100vw, 1267px\" \/><\/p>\n<p>&nbsp;<\/p>\n<p>&nbsp;<\/p>\n","protected":false},"excerpt":{"rendered":"<p>Vl\u00e1da se sna\u017e\u00ed \u0161et\u0159it, kde se d\u00e1. \u010cetl jsem, \u017ee m\u00edstop\u0159edseda Poslaneck\u00e9 sn\u011bmovny Jan Barto\u0161ek&#8230;<\/p>\n","protected":false},"author":2,"featured_media":823,"comment_status":"closed","ping_status":"closed","sticky":false,"template":"","format":"standard","meta":[],"categories":[6],"tags":[4846,371,99],"_links":{"self":[{"href":"https:\/\/www.infokuryr.cz\/n\/wp-json\/wp\/v2\/posts\/26917"}],"collection":[{"href":"https:\/\/www.infokuryr.cz\/n\/wp-json\/wp\/v2\/posts"}],"about":[{"href":"https:\/\/www.infokuryr.cz\/n\/wp-json\/wp\/v2\/types\/post"}],"author":[{"embeddable":true,"href":"https:\/\/www.infokuryr.cz\/n\/wp-json\/wp\/v2\/users\/2"}],"replies":[{"embeddable":true,"href":"https:\/\/www.infokuryr.cz\/n\/wp-json\/wp\/v2\/comments?post=26917"}],"version-history":[{"count":0,"href":"https:\/\/www.infokuryr.cz\/n\/wp-json\/wp\/v2\/posts\/26917\/revisions"}],"wp:featuredmedia":[{"embeddable":true,"href":"https:\/\/www.infokuryr.cz\/n\/wp-json\/wp\/v2\/media\/823"}],"wp:attachment":[{"href":"https:\/\/www.infokuryr.cz\/n\/wp-json\/wp\/v2\/media?parent=26917"}],"wp:term":[{"taxonomy":"category","embeddable":true,"href":"https:\/\/www.infokuryr.cz\/n\/wp-json\/wp\/v2\/categories?post=26917"},{"taxonomy":"post_tag","embeddable":true,"href":"https:\/\/www.infokuryr.cz\/n\/wp-json\/wp\/v2\/tags?post=26917"}],"curies":[{"name":"wp","href":"https:\/\/api.w.org\/{rel}","templated":true}]}}