{"id":2691,"date":"2021-06-21T12:28:55","date_gmt":"2021-06-21T10:28:55","guid":{"rendered":"http:\/\/www.infokuryr.cz\/n\/?p=2691"},"modified":"2021-06-21T12:38:27","modified_gmt":"2021-06-21T10:38:27","slug":"cesky-pripad-floyd-po-brutalnim-zakroku-policistu-muz-zemrel","status":"publish","type":"post","link":"https:\/\/www.infokuryr.cz\/n\/2021\/06\/21\/cesky-pripad-floyd-po-brutalnim-zakroku-policistu-muz-zemrel\/","title":{"rendered":"\u010cesk\u00fd p\u0159\u00edpad Floyd? Po brut\u00e1ln\u00edm z\u00e1kroku policist\u016f mu\u017e zem\u0159el"},"content":{"rendered":"<div id=\"fb-root\"><\/div>\n<section class=\"c_hY\" data-dot=\"tpl-content\" data-e2e=\"tpl-royalty-content\">\n<div class=\"d_ia _608bd5f5042d89402533b190\">\n<p class=\"e_Y d_eJ\" data-dot=\"ogm-article-perex\"><strong>Po brut\u00e1ln\u00edm z\u00e1sahu policist\u016f zem\u0159el v Teplic\u00edch \u010dlov\u011bk. \u00dadajn\u011b ale nikoliv n\u00e1sledkem tvrd\u00e9ho z\u00e1kroku policist\u016f, n\u00fdbr\u017e po po\u017eit\u00ed v\u011bt\u0161\u00edho mno\u017estv\u00ed omamn\u00fdch l\u00e1tek. Opravdu zaj\u00edmav\u00e9 vysv\u011btlen\u00ed! To, \u017ee americk\u00fd \u010dernoch a krimin\u00e1ln\u00edk Floyd byl tak\u00e9 zdrogov\u00e1n v\u0161ak nikdo nikde nezveli\u010duje, ale u n\u00e1s najednou tento \u010dlov\u011bk zdrogov\u00e1n byl!<\/strong><\/p>\n<\/div>\n<p data-dot=\"ogm-article-perex\">V sobotu odpoledne na jedn\u00e9 z teplick\u00fdch ulic museli policist\u00e9 zadr\u017eet vzpouzej\u00edc\u00edho se mu\u017ee. Video zve\u0159ejn\u011bn\u00e9 na soci\u00e1ln\u00ed s\u00edti Facebook ukazuje jejich z\u00e1krok. T\u0159i uniformovan\u00ed policist\u00e9 uzemn\u00ed mu\u017ee a n\u00e1sledn\u011b ho spoutaj\u00ed.<\/p>\n<div class=\"d_ia _608bd6b73316103f15d31ccc\">\n<div class=\"d_e\" data-e2e=\"ogm-article-layout\">\n<article class=\"d_f4\" role=\"article\" aria-labelledby=\"accessibility-article\">\n<div class=\"d_bd\" data-dot=\"ogm-article-content\">\n<div class=\"f_be mol-rich-content--for-article\">\n<div class=\"f_Y\" data-dot=\"mol-paragraph\">\n<p class=\"e_Y\"><span class=\"atm-text-decorator\">Jeden z\u00a0policist\u016f sed\u00ed zadr\u017een\u00e9mu na nohou, dal\u0161\u00ed mu kle\u010d\u00ed na ramenou a<strong> krku,<\/strong> proto\u017ee se odm\u00edt\u00e1 uklidnit. Posledn\u00ed policista chod\u00ed kolem nich. <\/span><\/p>\n<p class=\"e_Y\"><span class=\"atm-text-decorator\"><strong>\u201eV\u0161ak ho udus\u00ed,\u201c \u0159\u00edk\u00e1 jedna ze\u00a0\u017een ve videu. Zakleknut\u00ed trv\u00e1 n\u011bkolik minut, mu\u017e se po \u010dase vzpouzet p\u0159est\u00e1v\u00e1 a policista sev\u0159en\u00ed uvoln\u00ed.<\/strong><\/span><\/p>\n<\/div>\n<div class=\"f_Y\" data-dot=\"mol-paragraph\">\n<p class=\"e_Y\"><strong><span class=\"atm-text-decorator\">Jednotka pak p\u0159ivolala na m\u00edsto sanitku.<\/span><\/strong><\/p>\n<\/div>\n<div class=\"f_Y\" data-dot=\"mol-paragraph\">\n<p class=\"e_Y\"><strong><span class=\"atm-text-decorator\">\u201eV t\u00e9 ale n\u00e1sledn\u011b zem\u0159el,\u201c uvedla pro m\u00e9dia\u00a0mluv\u010d\u00ed policie Veronika Hy\u0161plerov\u00e1. Z\u00e1rove\u0148 odm\u00edtla, \u017ee by smrt mu\u017ee zp\u016fsobili sv\u00fdm z\u00e1krokem policist\u00e9.<\/span><\/strong><\/p>\n<\/div>\n<div class=\"f_bf\" data-dot=\"mol-self-promo\">\n<div class=\"f_e- js-ad f_bk\">Sled ud\u00e1lost\u00ed popsal tak\u00e9 mluv\u010d\u00ed Zdravotnick\u00e9 z\u00e1chrann\u00e9 slu\u017eby \u00dasteck\u00e9ho kraje Prokop Volen\u00edk.<\/div>\n<\/div>\n<div class=\"f_Y\" data-dot=\"mol-paragraph\">\n<p class=\"e_Y\"><span class=\"atm-text-decorator\">\u201eM\u011blo doj\u00edt k poty\u010dce mezi dv\u011bma narkomany, vzhledem k prob\u00edhaj\u00edc\u00edmu policejn\u00edmu vy\u0161et\u0159ov\u00e1n\u00ed ale nebudeme poskytovat bli\u017e\u0161\u00ed informace,\u201c dodal mluv\u010d\u00ed.<\/span><\/p>\n<\/div>\n<div class=\"f_Y\" data-dot=\"mol-paragraph\">\n<p class=\"e_Y\"><span class=\"atm-text-decorator\">Incident m\u016f\u017ee p\u0159ipom\u00ednat americkou\u00a0kauzu policisty Dereka Chauvina, kter\u00fd podle videoz\u00e1znamu t\u00e9m\u011b\u0159 dev\u011bt minut kle\u010del na krku Afroameri\u010dana George Floyda. Ten na n\u00e1sledky policejn\u00edho z\u00e1sahu zem\u0159el. Policistovi hroz\u00ed a\u017e \u010dty\u0159icet let v\u011bzen\u00ed.<\/span><\/p>\n<p>Narkoman je narkoman a Policie \u010cR to p\u0159ehnala a nenech\u00e1me si vra\u017edit na ulici mlad\u00e9 mu\u017ee!!! Je t\u0159eba aby Ham\u00e1\u010dek odstoupil!<\/p>\n<\/div>\n<\/div>\n<\/div>\n<\/article>\n<\/div>\n<h4>VIDEO<\/h4>\n<p><iframe loading=\"lazy\" title=\"YouTube video player\" src=\"https:\/\/www.youtube.com\/embed\/EtUffFxfeuY\" width=\"650\" height=\"366\" frameborder=\"0\" allowfullscreen=\"allowfullscreen\" data-mce-fragment=\"1\"><\/iframe><\/p>\n<\/div>\n<\/section>\n<p><img decoding=\"async\" loading=\"lazy\" class=\"alignnone size-full wp-image-1185\" src=\"http:\/\/www.infokuryr.cz\/n\/wp-content\/uploads\/2021\/04\/kuryr-podpis.png\" alt=\"\" width=\"84\" height=\"24\" \/><\/p>\n","protected":false},"excerpt":{"rendered":"<p>Po brut\u00e1ln\u00edm z\u00e1sahu policist\u016f zem\u0159el v Teplic\u00edch \u010dlov\u011bk. \u00dadajn\u011b ale nikoliv n\u00e1sledkem tvrd\u00e9ho z\u00e1kroku policist\u016f,&#8230;<\/p>\n","protected":false},"author":2,"featured_media":2482,"comment_status":"closed","ping_status":"closed","sticky":false,"template":"","format":"standard","meta":[],"categories":[6],"tags":[198,506,86,681,184],"_links":{"self":[{"href":"https:\/\/www.infokuryr.cz\/n\/wp-json\/wp\/v2\/posts\/2691"}],"collection":[{"href":"https:\/\/www.infokuryr.cz\/n\/wp-json\/wp\/v2\/posts"}],"about":[{"href":"https:\/\/www.infokuryr.cz\/n\/wp-json\/wp\/v2\/types\/post"}],"author":[{"embeddable":true,"href":"https:\/\/www.infokuryr.cz\/n\/wp-json\/wp\/v2\/users\/2"}],"replies":[{"embeddable":true,"href":"https:\/\/www.infokuryr.cz\/n\/wp-json\/wp\/v2\/comments?post=2691"}],"version-history":[{"count":0,"href":"https:\/\/www.infokuryr.cz\/n\/wp-json\/wp\/v2\/posts\/2691\/revisions"}],"wp:featuredmedia":[{"embeddable":true,"href":"https:\/\/www.infokuryr.cz\/n\/wp-json\/wp\/v2\/media\/2482"}],"wp:attachment":[{"href":"https:\/\/www.infokuryr.cz\/n\/wp-json\/wp\/v2\/media?parent=2691"}],"wp:term":[{"taxonomy":"category","embeddable":true,"href":"https:\/\/www.infokuryr.cz\/n\/wp-json\/wp\/v2\/categories?post=2691"},{"taxonomy":"post_tag","embeddable":true,"href":"https:\/\/www.infokuryr.cz\/n\/wp-json\/wp\/v2\/tags?post=2691"}],"curies":[{"name":"wp","href":"https:\/\/api.w.org\/{rel}","templated":true}]}}