{"id":26904,"date":"2023-04-26T05:55:55","date_gmt":"2023-04-26T03:55:55","guid":{"rendered":"http:\/\/www.infokuryr.cz\/n\/?p=26904"},"modified":"2023-04-26T05:55:55","modified_gmt":"2023-04-26T03:55:55","slug":"vlastimil-podracky-na-tuto-vladu-budou-vzpominat-cele-generace-pokud-to-preziji","status":"publish","type":"post","link":"https:\/\/www.infokuryr.cz\/n\/2023\/04\/26\/vlastimil-podracky-na-tuto-vladu-budou-vzpominat-cele-generace-pokud-to-preziji\/","title":{"rendered":"Vlastimil Podrack\u00fd: Na tuto vl\u00e1du budou vzpom\u00ednat cel\u00e9 generace, pokud to p\u0159e\u017eij\u00ed"},"content":{"rendered":"<div id=\"fb-root\"><\/div>\n<section class=\"perex\"><strong>Politick\u00fd avanturismus a nezodpov\u011bdnost za sv\u011b\u0159en\u00fd majetek st\u00e1tu za t\u00e9to vl\u00e1dy vrchol\u00ed. Je to skute\u010dn\u011b jen neschopnost nebo organizovan\u00e1 slu\u017eba ciz\u00edm z\u00e1jm\u016fm?<\/strong><\/p>\n<p>Fialova cesta za obchodn\u00ed spoluprac\u00ed do metropol\u00ed vzd\u00e1len\u00fdch st\u00e1t\u016f je sp\u00ed\u0161e zoufalstv\u00ed, kter\u00e9 vzniklo \u0161patnou politikou cel\u00e9 Evropsk\u00e9 unie, ale p\u0159edev\u0161\u00edm na\u0161\u00ed vl\u00e1dy, a\u017e do stavu, kdy chyb\u00ed l\u00e9ky a d\u016fle\u017eit\u00e9 pr\u016fmyslov\u00e9 komponenty. Vinou sankc\u00ed, neuv\u011b\u0159iteln\u011b naivn\u00edch sm\u011brnic Zelen\u00e9ho \u00fad\u011blu a avanturismu na\u0161\u00ed vl\u00e1dy se rozv\u00edj\u00ed st\u00e1le v\u011bt\u0161\u00ed propad st\u00e1tn\u00edho rozpo\u010dtu do ne\u00fam\u011brn\u00fdch \u010d\u00edsel a zadlu\u017eov\u00e1n\u00ed nar\u016fst\u00e1 nejv\u00edce v Evrop\u011b. Babi\u0161 sice rozd\u00e1val v\u00a0covidov\u00e9 dob\u011b pen\u00edze lidem celkem nezaslou\u017een\u011b, ale tyto pen\u00edze dnes lid\u00e9 maj\u00ed, a proto nen\u00ed jejich situace tak katastrof\u00e1ln\u00ed. Jak dlouho to ov\u0161em vydr\u017e\u00ed zvl\u00e1\u0161t\u011b vzhledem k\u00a0inflaci?<\/p>\n<\/section>\n<section class=\"clanek-obsah\">Pro\u010d to v\u0161echno vzniklo? P\u016fvodn\u00ed pr\u016fmyslov\u00e9 st\u00e1ty Z\u00e1padu se postupn\u011b b\u011bhem obdob\u00ed neoliberalismu staly zem\u011bmi s\u00a0obrovskou spot\u0159ebou a neuv\u011b\u0159iteln\u011b vysok\u00fdm pod\u00edlem slu\u017eeb, ale pr\u016fmysl postupn\u011b p\u0159e\u0161el do jin\u00fdch zem\u00ed sv\u011bta, v\u011bt\u0161inou zaostal\u00fdch s levnou pracovn\u00ed silou. Snad jedin\u011b zbran\u011b jako ucelen\u00e1 komodita z\u016fstaly na \u00fazem\u00ed Z\u00e1padu. Z\u00e1pad dnes v\u011bt\u0161inu pr\u016fmyslov\u00e9ho zbo\u017e\u00ed dov\u00e1\u017e\u00ed. Sv\u011bt se naprosto zm\u011bnil, situace se obr\u00e1tila a pr\u016fmysl, hlavn\u00ed zbra\u0148 Z\u00e1padu, dostaly do rukou jin\u00e9 zem\u011b (krom\u011b v\u00fdjimek jako jsou automobilky). Z\u00a0b\u00fdval\u00fdch pr\u016fmyslov\u00fdch z\u00f3n se staly \u201erezav\u00e9 p\u00e1sy\u201c. Vid\u00edme to i u n\u00e1s. Ka\u017ed\u00fd z\u00a0n\u00e1s jist\u011b v\u00ed, kolik b\u00fdval\u00fdch pr\u016fmyslov\u00fdch z\u00e1vod\u016f v\u00a0okol\u00ed zaniklo, ani\u017e bychom poc\u00edtili, \u017ee se n\u011bco d\u011bje, \u017eijeme si st\u00e1le nad sv\u011btov\u00fd pr\u016fm\u011br dob\u0159e. Vytvo\u0159ilo se stabiln\u00ed prost\u0159ed\u00ed obchodn\u00edch styk\u016f, kter\u00e9 nelze snadno zm\u011bnit, proto\u017ee \u010dasem se v\u017edy ust\u00e1l\u00ed ta nejproduktivn\u011bj\u0161\u00ed vazba. My jsme se uplatnili v\u00a0automobilov\u00e9m pr\u016fmyslu. V\u0161echna jedn\u00e1n\u00ed vedla v\u017edy k\u00a0utu\u017een\u00ed obchodn\u00ed spolupr\u00e1ce a prohlouben\u00ed specializace. Tato situace vytvo\u0159ila politick\u00e9 klima, ve kter\u00e9m bylo nutno p\u0159ehl\u00ed\u017eet alespo\u0148 do ur\u010dit\u00e9 m\u00edry vnit\u0159n\u00ed pom\u011bry n\u011bkter\u00fdch st\u00e1t\u016f, kter\u00e9 nebyly v\u00a0souladu s\u00a0evropsk\u00fdmi p\u0159edstavami o lidsk\u00fdch pr\u00e1vech a mo\u017en\u00e1 vznikla i ur\u010dit\u00e9 relativizace a p\u0159ehl\u00ed\u017een\u00ed pro n\u00e1s nep\u0159ijateln\u00fdch politick\u00fdch praktik. Ale v\u017edy to bylo v\u00a0jak\u00e9si m\u00ed\u0159e vyhodnoceno jako p\u0159ijateln\u00e9. Ov\u0161em je nutno si uv\u011bdomit, \u017ee Evropa, pokud m\u00e1 existovat, nem\u00e1 jinou mo\u017enost, ne\u017e relativizaci alespo\u0148 p\u0159ijateln\u00e9ho zla. Nem\u016f\u017ee dnes striktn\u011b vydat sankce na v\u0161echny, kdo se n\u011bjak odli\u0161uj\u00ed v\u00a0pojet\u00ed mor\u00e1lky a p\u0159eru\u0161it obchod.<\/p>\n<p>Obnovit n\u011bkdej\u0161\u00ed pr\u016fmyslovou v\u00fdrobu v USA se sna\u017eil u\u017e Trump, ale vid\u00edme, jak\u00e9 probl\u00e9my nastaly. Nedovedu si p\u0159edstavit dnes n\u011bkdej\u0161\u00ed pr\u016fmyslovou pr\u00e1ci u n\u00e1s. Mysl\u00edm si, \u017ee u\u017e ani nejsou lid\u00e9. V\u00a0takov\u00e9 situaci je zapot\u0159eb\u00ed ml\u010det a dob\u0159e se chovat, zvl\u00e1\u0161t\u011b u takov\u00e9ho mal\u00e9ho st\u00e1tu jako jsme my, a b\u00fdt r\u00e1di, \u017ee se m\u00e1me dob\u0159e a v\u0161e funguje.<\/p>\n<p>V\u00a0klidn\u00e9m obdob\u00ed glob\u00e1ln\u00edho obchodu bylo mo\u017eno v\u00a0Evrop\u011b pomalu vyt\u011bs\u0148ovat zne\u010di\u0161\u0165uj\u00edc\u00ed zdroje a postupn\u011b hledat na vlastn\u00edm \u00fazem\u00ed n\u00e1hradu fosiln\u00edch paliv u\u017e vzhledem ke sn\u00ed\u017een\u00ed z\u00e1vislosti na dovozech surovin z\u00a0jin\u00fdch, zvl\u00e1\u0161t\u011b riskantn\u00edch zem\u00ed. Takov\u00e1 \u010dinnost je zdlouhav\u00e1, proto\u017ee nen\u00ed p\u0159\u00edli\u0161 produktivn\u00ed, ale je nutn\u00e1. Vy\u017eadovat ov\u0161em Zelen\u00fd \u00fad\u011bl v\u00a0sou\u010dasn\u00e9 dob\u011b sankc\u00ed, propad\u016f st\u00e1tn\u00edch rozpo\u010dt\u016f, obrovsk\u00fdch dluh\u016f a sm\u011b\u0159ov\u00e1n\u00ed k\u00a0b\u00edd\u011b je nezodpov\u011bdn\u00e9 a uboh\u00e9.<\/p>\n<p>Nov\u00e1 garnitura \u010desk\u00fdch globalist\u016f reprezentovan\u00e1 skupinou, kter\u00e1 je dnes u vl\u00e1dy, st\u00e1la na prvn\u00edm m\u00edst\u011b v\u00a0rozvracen\u00ed obchod\u016f s\u00a0\u010c\u00ednou, jej\u00ed politick\u00e1 reprezentace, jakmile se postupn\u011b dost\u00e1vala k\u00a0moci, ud\u011blala provokace proti \u010c\u00edn\u011b a Rusku takov\u00e9ho charakteru, kter\u00fdch se b\u00e1li i jin\u00ed politici EU. Dozv\u00edme se snad n\u011bkdy v\u00a0\u010d\u00ed z\u00e1jmu to bylo? Na prvn\u00ed pohled to nevypad\u00e1, \u017ee by m\u011bl v\u016fbec n\u011bkdo takov\u00fd z\u00e1jem. Bylo to \u00fasil\u00ed jen \u0161kodit na\u0161im n\u00e1rodn\u00edm z\u00e1jm\u016fm? Jin\u00fd d\u016fvod vyjma neuv\u011b\u0159iteln\u00e9 hlouposti si nelze p\u0159edstavit. \u0158e\u010di o lidsk\u00fdch pr\u00e1vech jsou, jak v\u00edme, pokryteck\u00e9. Oso\u010dov\u00e1ny jsou \u00fa\u010delov\u011b n\u011bkter\u00e9 zem\u011b, jin\u00e9 nikoliv. \u00datlak Tibe\u0165an\u016f je velmi propagov\u00e1n, o genocid\u011b Srb\u016f v\u00a0Kosovu se ml\u010d\u00ed a o diskriminaci rusk\u00e9 men\u0161iny na Ukrajin\u011b od r. 2014 se t\u00e9m\u011b\u0159 nesm\u00ed promluvit. K\u00a0tureck\u00e9mu \u00fatlaku Kud\u016f se p\u0159ikyvuje. Vad\u00ed jen ten, kdo mus\u00ed vadit.<\/p>\n<p>V\u00e1lka na Ukrajin\u011b vy\u017eadovala ur\u010dit\u00e9 v\u00fddaje v\u00a0oblasti pomoci ute\u010denc\u016fm, kter\u00e9 byly sice nadnesen\u00e9, nicm\u00e9n\u011b sm\u011b\u0159ovaly k\u00a0lidem a nebyly tedy zbyte\u010dn\u00e9, nakonec se vr\u00e1tily do syst\u00e9mu n\u00e1kupem v\u011bc\u00ed. Podpora zbran\u011bmi byla sice pochopiteln\u00e1 v\u00a0prvn\u00edm obdob\u00ed, kdy se nev\u011bd\u011blo, jak se vojensk\u00e1 situace vyvine, ov\u0161em ve chv\u00edli pozi\u010dn\u00ed v\u00e1lky, kter\u00e1 u\u017e t\u00e9m\u011b\u0159 p\u016fl roku prob\u00edh\u00e1 na v\u00fdchod\u011b Ukrajiny, jsou dal\u0161\u00ed a dal\u0161\u00ed zbran\u011b jen hromad\u011bn\u00edm mrtvol. Je jasn\u00e9, \u017ee Rusov\u00e9 v\u017edy n\u011bjak svoje s\u00edly vyrovnaj\u00ed a mysl\u00edm, \u017ee lidsk\u00fdch rezerv maj\u00ed v\u00edce ne\u017e Ukrajinci. Bude se tedy bojovat do posledn\u00edho Ukrajince a na pol\u00edch Donbasu zahyne jedna generace (ostatn\u00ed se vyst\u011bhuj\u00ed)? Nen\u00ed lep\u0161\u00ed nal\u00e9hat na m\u00edrov\u00e1 jedn\u00e1n\u00ed? N\u011bkte\u0159\u00ed sv\u011btov\u00ed politici tak \u010din\u00ed nebo se alespo\u0148 sna\u017e\u00ed, vid\u00edme to v\u00a0p\u0159\u00edpad\u011b Macrona a \u010d\u00ednsk\u00fdch p\u0159edstavitel\u016f. Na\u0161i snad cht\u011bj\u00ed Rusko zni\u010dit, rozlo\u017eit na mal\u00e9 st\u00e1te\u010dky a vymazat z\u00a0mapy? Nen\u00e1vist je tak velk\u00e1 a zatem\u0148uje mozek, \u017ee ani mo\u017enost rozpout\u00e1n\u00ed jadern\u00e9 v\u00e1lky je neodrad\u00ed. Nemluv\u011b o tom, \u017ee \u010d\u00ednsk\u00fd prezident se vyj\u00e1d\u0159il, \u017ee Rusko padnout nenech\u00e1. Pokra\u010dov\u00e1n\u00edm konfliktu tedy m\u016f\u017ee doj\u00edt ke sv\u011btov\u00e9 v\u00e1lce. My ov\u0161em m\u00e1me ve vl\u00e1dn\u00ed garnitu\u0159e takov\u00e9 lidi, kter\u00fdm se asi dobr\u00e9 bydlo zaj\u00edd\u00e1 a cht\u011bli by se prom\u011bnit v\u00a0hrom\u00e1dky radioaktivn\u00edho prachu (Rumburak se kdysi prom\u011bnil v\u00a0lesn\u00ed v\u016fni, tak\u017ee byl alespo\u0148 n\u011bjak u\u017eite\u010dn\u00fd).<\/p>\n<p>Je to vina fanatick\u00fdch postoj\u016f na\u0161\u00ed vl\u00e1dy a jej\u00edch poslu\u0161n\u00fdch trabant\u016f, \u017ee ve\u0161ker\u00e9 um\u00edr\u0148uj\u00edc\u00ed postoje v\u00a0ukrajinsk\u00e9 v\u00e1lce naz\u00fdvali nep\u0159\u00e1telsk\u00fdmi a Putinovi slou\u017e\u00edc\u00edmi, i kdy\u017e se jednalo pouze o up\u0159es\u0148uj\u00edc\u00ed a skute\u010dnosti pravdiv\u011b vykl\u00e1daj\u00edc\u00ed teze. Dnes tedy chyb\u00ed diplomaticky pou\u017eiteln\u00e9 argumenty ve smyslu m\u00edrov\u00fdch jedn\u00e1n\u00ed. Na druh\u00e9 stran\u011b se Macron zab\u00fdval takov\u00fdmi argumenty t\u00e9m\u011b\u0159 v\u00a0cel\u00e9 sv\u00e9 politick\u00e9 epo\u0161e a dnes je p\u0159ipraven tak, aby i on s\u00e1m p\u0159inesl sv\u00e9 zemi n\u011bco pozitivn\u00edho. V\u00a0z\u00e1padn\u00edch sd\u011blovac\u00edch prost\u0159edc\u00edch se svobodn\u011b uva\u017euje o alternativ\u00e1ch m\u00edrov\u00fdch jedn\u00e1n\u00ed a o ukrajinsk\u00fdch re\u00e1li\u00edch, u n\u00e1s by n\u011bco takov\u00e9ho bylo na ob\u017ealobu ze schvalov\u00e1n\u00ed trestn\u00e9ho \u010dinu. Na\u0161e vl\u00e1da nen\u00ed schopna p\u0159in\u00e9st nic ne\u017e nepou\u017eiteln\u00e9 ideologick\u00e9 bl\u00e1boly a podporuje metody jak vy\u0161it\u00e9 z\u00a0bol\u0161evick\u00fdch dob (cenzuru, skandalizace oponent\u016f, l\u017eiv\u00e9 kampan\u011b).<\/p>\n<p>Tot\u00e9\u017e plat\u00ed pro jedn\u00e1n\u00ed s\u00a0\u010c\u00ednou. Macron jede na spanilou j\u00edzdu do \u010c\u00edny domlouvat obchody a investice jako jezdil kdysi Zeman (p\u0159\u00edle\u017eitosti na\u0161ich podnik\u016f, kdysi domluven\u00e9, jsou d\u00e1vno p\u0159ebr\u00e1ny n\u011bk\u00fdm jin\u00fdm). Fiala jede na d\u00e1ln\u00fd V\u00fdchod domlouvat n\u00e1hradu \u010d\u00ednsk\u00fdch v\u00fdrobk\u016f a nedostatkov\u00e9 komodity hlavn\u011b l\u00e9ky v\u00a0nev\u00fdhodn\u00e9m postaven\u00ed prosebn\u00edka, kter\u00e9ho v\u0161ichni dob\u0159\u00ed obchodn\u00edci v\u017edy oberou vysok\u00fdmi cenami. To si opravdu myslel, \u017ee je tak jednoduch\u00e9 a bezeztr\u00e1tov\u00e9 rozej\u00edt se politicky se sv\u011btovou velmoc\u00ed (\u010c\u00ednou) s\u00a0nezodpov\u011bdn\u00fdm avanturismem a nahradit obchody s\u00a0n\u00ed obchodem s\u00a0druho\u0159ad\u00fdmi nebo mal\u00fdmi zem\u011bmi? Pod\u00edvejme se do prodejen a spo\u010d\u00edtejme si kolik je tam \u010d\u00ednsk\u00fdch v\u00fdrobk\u016f! To v\u0161e je mo\u017eno n\u011bjak nahradit (n\u011bkter\u00e9 l\u00e9ky u\u017e nejsou)? Takovou chybu p\u0159ece neud\u011bl\u00e1 ani mal\u00e9 d\u00edt\u011b! Nebo je to z\u00e1m\u011br z\u00a0n\u00e1s ud\u011blat chud\u00e1ky a zem\u0159\u00edt na nedostatek l\u00e9k\u016f (kone\u010dn\u011b dokonal\u00e1 d\u016fchodov\u00e1 reforma)?<\/p>\n<p>Vl\u00e1da rozhazuje za v\u0161echno mo\u017en\u00e9, zaru\u010dila se za dluhy Ukrajiny, kupuje drahou zbrojn\u00ed v\u00fdbavu, zvy\u0161uje platy politik\u016fm a vytv\u00e1\u0159\u00ed nov\u00e9 instituce, vz\u00e1p\u011bt\u00ed ohl\u00e1s\u00ed sn\u00ed\u017een\u00ed valorizace d\u016fchod\u016f a chce zv\u00fd\u0161it dan\u011b. To si snad mysl\u00ed, \u017ee to lid\u00e9 nevid\u00ed? \u017de j\u00ed to nespo\u010d\u00edtaj\u00ed?<\/p>\n<p>Dnes vl\u00e1da nev\u00ed, jak z\u00a0bryndy. \u0158e\u0161it probl\u00e9my mu\u017ee jen na \u00fakor ob\u010dan\u016f a jejich \u017eivotn\u00ed \u00farovn\u011b. Aby to ust\u00e1la, mus\u00ed lidem tuto nutnost vysv\u011btlit. Ale jak vysv\u011btl\u00ed 80 miliard na Ukrajinu, jak vysv\u011btl\u00ed zbyte\u010dn\u00fd rozvrat obchod\u016f s\u00a0\u010c\u00ednou, jak vysv\u011btl\u00ed, \u017ee se mus\u00ed takto masivn\u011b zbrojit zrovna nyn\u00ed? Jak vysv\u011btl\u00ed nahr\u00e1v\u00e1n\u00ed sv\u011btov\u00fdm korporac\u00edm p\u0159i zastropov\u00e1n\u00ed cen energetick\u00fdch komodit. To nem\u016f\u017ee nikdo pochopit jako nutn\u00e9. Lid\u00e9 se budou c\u00edtit okradeni. Vl\u00e1da bude muset pou\u017e\u00edvat st\u00e1le v\u00edce represivn\u00edch prost\u0159edk\u016f, co\u017e v\u00a0na\u0161\u00ed zemi bylo naposledy 17. listopadu 1989. Vl\u00e1da nav\u00edc provokuje obyvatelstvo r\u016fzn\u00fdmi sign\u00e1ly. Pro\u010d mus\u00ed b\u00fdt vyv\u011b\u0161eny ukrajinsk\u00e9 vlajky? Pro\u010d jsou trest\u00e1ni ti, kte\u0159\u00ed je necht\u011bj\u00ed, nikoliv, \u017ee by byli Putinovi agenti, ale proto, \u017ee se to neslu\u010duje s\u00a0\u00fastavou? Pro\u010d neust\u00e1le stra\u0161\u00ed v\u00e1lkou a nesna\u017e\u00ed se ji ukon\u010dit, kdy\u017e v\u011bt\u0161ina lid\u00ed chce vid\u011bt snahu o ukon\u010den\u00ed v\u00e1lky?<\/p>\n<p>Lid\u00e9 pochop\u00ed svoje sn\u00ed\u017een\u00ed \u017eivotn\u00ed \u00farovn\u011b jen tenkr\u00e1t, kdy\u017e se jim pravdiv\u011b vysv\u011btl\u00ed, \u017ee jsou to okolnosti nezavin\u011bn\u00e9 vl\u00e1dou, \u017ee reakce na ud\u00e1losti nevyu\u017e\u00edvaj\u00ed zahrani\u010dn\u00ed korporace a jednotlivci ve sv\u00e9m z\u00e1jmu. K\u00a0tomu mus\u00ed ob\u010dan\u00e9 vl\u00e1d\u011b v\u011b\u0159it. Sou\u010dasn\u00e9 vl\u00e1d\u011b ov\u0161em v\u011b\u0159\u00ed podle pr\u016fzkumu okolo 20% respondent\u016f, sp\u00ed\u0161e tedy jen lid\u00e9 s\u00a0vl\u00e1dou spojen\u00ed. Kv\u016fli klidu a zachov\u00e1n\u00ed demokracie je nutno vl\u00e1du vym\u011bnit, nejl\u00e9pe mimo\u0159\u00e1dn\u00fdmi volbami. Takov\u00e1 vl\u00e1da, kter\u00e9 budou ob\u010dan\u00e9 v\u011b\u0159it a kter\u00e1 je nebude trestat pro jejich st\u00e1tnick\u00e9 my\u0161len\u00ed, ale naopak vy\u017eadovat, m\u016f\u017ee potom zah\u00e1jit nutn\u00e9 kroky k\u00a0ozdrav\u011bn\u00ed st\u00e1tn\u00edch financ\u00ed. Vl\u00e1da, kter\u00e1 provokuje, viditeln\u011b neslou\u017e\u00ed z\u00e1jm\u016fm st\u00e1tu a lidu, postupn\u011b likviduje demokracii si v\u017edy mohla dovolit ledasco jen tenkr\u00e1t, kdy\u017e lidu podmaz\u00e1vala vysokou \u017eivotn\u00ed \u00farovn\u00ed. Takov\u00e1 p\u0159\u00edle\u017eitost nen\u00ed.<\/p>\n<p><a href=\"https:\/\/zvedavec.news\/komentare\/2023\/04\/9620-na-tuto-vladu-budou-vzpominat-cele-generace-pokud-to-preziji.htm\">Vlastimil Podrack\u00fd<\/a><\/p>\n<\/section>\n<p>&nbsp;<\/p>\n<p>&nbsp;<\/p>\n<p><img decoding=\"async\" loading=\"lazy\" class=\"wp-image-19187 aligncenter\" src=\"http:\/\/www.infokuryr.cz\/n\/wp-content\/uploads\/2022\/12\/1-PRO-300x36.jpg\" alt=\"\" width=\"1292\" height=\"155\" srcset=\"https:\/\/www.infokuryr.cz\/n\/wp-content\/uploads\/2022\/12\/1-PRO-300x36.jpg 300w, https:\/\/www.infokuryr.cz\/n\/wp-content\/uploads\/2022\/12\/1-PRO.jpg 699w\" sizes=\"(max-width: 1292px) 100vw, 1292px\" \/><\/p>\n<p>&nbsp;<\/p>\n<p>&nbsp;<\/p>\n","protected":false},"excerpt":{"rendered":"<p>Politick\u00fd avanturismus a nezodpov\u011bdnost za sv\u011b\u0159en\u00fd majetek st\u00e1tu za t\u00e9to vl\u00e1dy vrchol\u00ed. Je to skute\u010dn\u011b&#8230;<\/p>\n","protected":false},"author":2,"featured_media":7727,"comment_status":"closed","ping_status":"closed","sticky":false,"template":"","format":"standard","meta":[],"categories":[6],"tags":[506,59,29,371,99],"_links":{"self":[{"href":"https:\/\/www.infokuryr.cz\/n\/wp-json\/wp\/v2\/posts\/26904"}],"collection":[{"href":"https:\/\/www.infokuryr.cz\/n\/wp-json\/wp\/v2\/posts"}],"about":[{"href":"https:\/\/www.infokuryr.cz\/n\/wp-json\/wp\/v2\/types\/post"}],"author":[{"embeddable":true,"href":"https:\/\/www.infokuryr.cz\/n\/wp-json\/wp\/v2\/users\/2"}],"replies":[{"embeddable":true,"href":"https:\/\/www.infokuryr.cz\/n\/wp-json\/wp\/v2\/comments?post=26904"}],"version-history":[{"count":0,"href":"https:\/\/www.infokuryr.cz\/n\/wp-json\/wp\/v2\/posts\/26904\/revisions"}],"wp:featuredmedia":[{"embeddable":true,"href":"https:\/\/www.infokuryr.cz\/n\/wp-json\/wp\/v2\/media\/7727"}],"wp:attachment":[{"href":"https:\/\/www.infokuryr.cz\/n\/wp-json\/wp\/v2\/media?parent=26904"}],"wp:term":[{"taxonomy":"category","embeddable":true,"href":"https:\/\/www.infokuryr.cz\/n\/wp-json\/wp\/v2\/categories?post=26904"},{"taxonomy":"post_tag","embeddable":true,"href":"https:\/\/www.infokuryr.cz\/n\/wp-json\/wp\/v2\/tags?post=26904"}],"curies":[{"name":"wp","href":"https:\/\/api.w.org\/{rel}","templated":true}]}}