{"id":26902,"date":"2023-04-26T05:50:11","date_gmt":"2023-04-26T03:50:11","guid":{"rendered":"http:\/\/www.infokuryr.cz\/n\/?p=26902"},"modified":"2023-04-26T05:50:11","modified_gmt":"2023-04-26T03:50:11","slug":"nikdo-nedovolil-zapadni-mensine-aby-mluvila-jmenem-celeho-lidstva","status":"publish","type":"post","link":"https:\/\/www.infokuryr.cz\/n\/2023\/04\/26\/nikdo-nedovolil-zapadni-mensine-aby-mluvila-jmenem-celeho-lidstva\/","title":{"rendered":"Nikdo nedovolil z\u00e1padn\u00ed men\u0161in\u011b, aby mluvila jm\u00e9nem cel\u00e9ho lidstva!"},"content":{"rendered":"<div id=\"fb-root\"><\/div>\n<h4>Nikdo nedovolil z\u00e1padn\u00ed men\u0161in\u011b, aby mluvila jm\u00e9nem cel\u00e9ho lidstva! Rusk\u00fd ministr zahrani\u010d\u00ed Sergej Lavrov se ujal p\u0159edsednictv\u00ed Rady bezpe\u010dnosti OSN a upozornil na skand\u00e1ln\u00ed v\u00fdrok ministra zahrani\u010d\u00ed EU Seppa Borrella, \u017ee NATO a EU p\u0159edstavuj\u00ed \u201cRajskou zahradu\u201d a pou\u017eij\u00ed v\u0161echny n\u00e1stroje, ekonomick\u00e9, finan\u010dn\u00ed i vojensk\u00e9 k tomu, aby ochr\u00e1nily z\u00e1jmy tzv. jedn\u00e9 miliardy lid\u00ed z\u00e1padn\u00edho sv\u011bta! Multipol\u00e1rn\u00ed sv\u011btov\u00fd \u0159\u00e1d p\u0159inese do z\u00e1padn\u00edho sv\u011bta model \u201czlat\u00e9 miliardy\u201d rozd\u011blen\u00e9 na 200 milion\u016f privilegovan\u00fdch a 800 milion\u016f spoutan\u00fdch zelenou agendou!<\/h4>\n<p>Rusk\u00fd ministr zahrani\u010d\u00ed Sergej Lavrov se ujal v New Yorku v s\u00eddle Rady bezpe\u010dnosti OSN role p\u0159edsedy a vystoupil s projevem, ve kter\u00e9m se ost\u0159e obul do kolektivn\u00edho z\u00e1padu v\u00fdrokem, \u017ee nikdo nedovolil z\u00e1padn\u00ed men\u0161in\u011b, aby mluvila jm\u00e9nem cel\u00e9ho lidstva!\u00a0<strong>Nezapomn\u011bl ani zopakovat ustanoven\u00ed ze spole\u010dn\u00e9ho prohl\u00e1\u0161en\u00ed EU a NATO z ledna tohoto roku, kde se \u0159\u00edk\u00e1, \u017ee ob\u011b z\u00e1padn\u00ed organizace pou\u017eij\u00ed v\u0161echny ekonomick\u00e9, finan\u010dn\u00ed a vojensk\u00e9 n\u00e1stroje k tomu, aby ochr\u00e1nily z\u00e1jmy tzv. jedn\u00e9 miliardy<\/strong>, co\u017e nen\u00ed nic jin\u00e9ho ne\u017e tzv. zlat\u00e1 miliarda, o kter\u00e9 se hovo\u0159\u00ed v souvislosti se star\u00fdm sv\u011btov\u00fdm \u0159\u00e1dem postaven\u00fdm na principech kolonialismu, kde posledn\u00ed koloni\u00e1ln\u00ed zem\u00ed v Evrop\u011b je v podstat\u011b N\u011bmecko, kter\u00e9 za svoji kolonii pova\u017euje \u010ceskou republiku a jej\u00ed pr\u016fmysl a rovn\u011b\u017e \u010deskou korunu, kter\u00e1 je manipulativn\u011b ovliv\u0148ov\u00e1na s c\u00edlem udr\u017een\u00ed tzv. konkuren\u010dn\u00ed parity k euru.<\/p>\n<p>&nbsp;<\/p>\n<div id=\"rumble_v2htmcy\">\n<div id=\"vid_v2htmcy\" class=\"rumble_v2htmcy-Rumble-cls\" tabindex=\"-1\">\n<div>\n<div class=\"bigPlayUI ctp\">\n<div class=\"bigPlayUIInner ctp\"><div class='videoWrapper'>\r\n\t            <iframe src='https:\/\/rumble.com\/embed\/pj.v2htmcy\/' frameborder='0' allowfullscreen><\/iframe>\r\n\t        <\/div><\/div>\n<\/div>\n<\/div>\n<\/div>\n<\/div>\n<p>&nbsp;<\/p>\n<p>Pr\u00e1v\u011b z d\u016fvodu principu neokolonialismu berou \u010ce\u0161i i 34 let po Kab\u00e1tov\u00e9 revoluci pouh\u00e9 t\u0159etinov\u00e9 a v n\u011bkter\u00fdch odv\u011btv\u00edch dokonce jen p\u011btinov\u00e9 mzdy v porovn\u00e1n\u00ed s N\u011bmeckem. Jedn\u00e1 se o klasick\u00fd neokoloni\u00e1ln\u00ed syst\u00e9m, kter\u00fd vyu\u017e\u00edv\u00e1 jednu z nov\u00fdch forem kolonialismu, tedy levnou pracovn\u00ed s\u00edlu pro zaji\u0161\u0165ov\u00e1n\u00ed sub-dod\u00e1vek a produkce pro velkou zemi, kter\u00e1 z toho profituje. Pokud se dnes \u0159ekne kolonialismus, p\u0159edstav\u00edte si plant\u00e1\u017ee s bavlnou, k\u00e1vou, s r\u00fd\u017e\u00ed a na pol\u00edch se plaho\u010d\u00ed Afri\u010dan\u00e9 a Asiat\u00e9. Ne, to je obraz star\u00e9ho sv\u011bta a z\u00e1pad se po roce 1989 posunul k tzv. neokolonialismu, tedy k nov\u00e9mu kolonialismu.<\/p>\n<h6><span style=\"font-size: 18pt;\">Neokolonialismus po 34 letech v \u010cR<\/span><\/h6>\n<p>Ten spo\u010d\u00edv\u00e1 v tom, \u017ee z\u00e1padn\u00ed zem\u011b si ud\u011blali ze zem\u00ed tzv. V\u00fdchodn\u00edho bloku de facto kolonie, kde se v\u0161ak neprodukuj\u00ed exotick\u00e9 plodiny ale n\u011bco jin\u00e9ho, a to levn\u00e1 n\u00e1mezdn\u00ed pr\u00e1ce v montovn\u00e1ch v\u0161eho mysliteln\u00e9ho i nemysliteln\u00e9ho druhu.\u00a0<strong>D\u011bln\u00edci nedost\u00e1vaj\u00ed to, co by dostali za svoji pr\u00e1ci v N\u011bmecku, ale berou jen t\u0159etinov\u00e9 a\u017e p\u011btinov\u00e9 mzdy. Proto i 34 let po\u00a0<em>Kab\u00e1tovce<\/em>\u00a0maj\u00ed \u010ce\u0161i, Slov\u00e1ci, ale i Pol\u00e1ci a dal\u0161\u00ed v podstat\u011b po\u0159\u00e1d chudobu<\/strong>, proto\u017ee zat\u00edmco mzdy jsou v porovn\u00e1n\u00ed s N\u011bmeckem jen t\u0159etinov\u00e9 a\u017e p\u011btinov\u00e9, tak v\u0161echno zbo\u017e\u00ed a slu\u017eby na trhu ji\u017e maj\u00ed d\u00e1vno ceny s N\u011bmeckem srovnan\u00e9 a v n\u011bkter\u00fdch p\u0159\u00edpadech jsou ceny i o n\u011bco vy\u0161\u0161\u00ed ne\u017e v N\u011bmecku.<\/p>\n<figure id=\"attachment_23083\" class=\"wp-caption aligncenter\" style=\"width: 696px;\"><a href=\"https:\/\/aeronet.news\/wp-content\/uploads\/germany-volkswagen630474.jpg\"><img decoding=\"async\" loading=\"lazy\" class=\"wp-image-23083 \" src=\"https:\/\/aeronet.news\/wp-content\/uploads\/germany-volkswagen630474-1024x804.jpg\" sizes=\"(max-width: 700px) 100vw, 700px\" srcset=\"https:\/\/aeronet.news\/wp-content\/uploads\/germany-volkswagen630474-1024x804.jpg 1024w, https:\/\/aeronet.news\/wp-content\/uploads\/germany-volkswagen630474-300x236.jpg 300w, https:\/\/aeronet.news\/wp-content\/uploads\/germany-volkswagen630474-768x603.jpg 768w, https:\/\/aeronet.news\/wp-content\/uploads\/germany-volkswagen630474-700x550.jpg 700w, https:\/\/aeronet.news\/wp-content\/uploads\/germany-volkswagen630474-455x357.jpg 455w, https:\/\/aeronet.news\/wp-content\/uploads\/germany-volkswagen630474-615x483.jpg 615w, https:\/\/aeronet.news\/wp-content\/uploads\/germany-volkswagen630474.jpg 1375w\" alt=\"\" width=\"696\" height=\"547\" \/><\/a><figcaption class=\"wp-caption-text\">Montovny jsou typick\u00fdm projevem neokolonialismu v zem\u00edch b\u00fdval\u00e9ho V\u00fdchodn\u00edho bloku<\/figcaption><\/figure>\n<p>Jak je mo\u017en\u00e9, \u017ee po 34 letech bere \u010desk\u00fd a slovensk\u00fd d\u011bln\u00edk jen t\u0159etinu nebo dokonce jen p\u011btinu toho, co bere d\u011bln\u00edk v N\u011bmecku, kdy\u017e ceny zbo\u017e\u00ed, slu\u017eeb, nemovitost\u00ed, n\u00e1jm\u016f a energi\u00ed jsou v \u010cR i na Slovensku u\u017e prakticky v\u00edce jak 20 let srovn\u00e1ny s cenami v N\u011bmecku?\u00a0<strong>A pokud jde o ty energie, ty jsou v \u010cR dokonce jedny z nejdra\u017e\u0161\u00edch v Evrop\u011b. Jak je to mo\u017en\u00e9, \u017ee tohle m\u016f\u017ee \u010desk\u00fd a slovensk\u00fd d\u011bln\u00edk zvl\u00e1dnout poplatit za pouh\u00e9 t\u0159etinov\u00e9 mzdy?<\/strong>\u00a0Ano, jedn\u00e1 se o vyko\u0159is\u0165ov\u00e1n\u00ed! Je to tzv. neokoloni\u00e1ln\u00ed exploitace, kter\u00e1 v ekonomii je velmi dob\u0159e pops\u00e1na jako paritn\u00ed m\u011bnov\u00e1 disproporce mezi dv\u011bma zem\u011bmi, ekonomikami, kdy jedna prov\u00e1d\u00ed exploitaci t\u00e9 druh\u00e9 s c\u00edlem z\u00edsk\u00e1n\u00ed neokoloni\u00e1ln\u00edho benefitu. Zlat\u00e1 miliarda je tak hodn\u011b pok\u0159iven\u00fd a zav\u00e1d\u011bj\u00edc\u00ed model.<\/p>\n<h6><span style=\"font-size: 18pt;\">Kolektivn\u00ed z\u00e1pad se nevzd\u00e1v\u00e1 my\u0161lenky na tzv. Zlatou miliardu, jen\u017ee ta nebude m\u00edt s blahobytem mnoho spole\u010dn\u00e9ho<\/span><\/h6>\n<p>Podle\u00a0z\u00e1stupce prezidenta Rusk\u00e9 federace ve feder\u00e1ln\u00edm okruhu D\u00e1ln\u00e9ho v\u00fdchodu\u00a0Grigorije Vladimirovi\u010de Kuranova je ten model zlat\u00e9 miliardy rozd\u011blen\u00fd na dv\u011b \u010d\u00e1sti. Zhruba 200 milion\u016f lid\u00ed se bude m\u00edt velmi dob\u0159e, nadstandardn\u011b, bude m\u00edt auta pro osobn\u00ed dopravu, pro priv\u00e1tn\u00ed cestov\u00e1n\u00ed a budou m\u00edt vysok\u00e9 p\u0159\u00edjmy, i kdy\u017e v mnoha ohledech p\u016fjde jen o zachov\u00e1n\u00ed jejich sou\u010dasn\u00e9ho statusu ne\u017e o pov\u00fd\u0161en\u00ed. T\u011bch zb\u00fdvaj\u00edc\u00edch 800 milion\u016f lid\u00e9 ve zlat\u00e9 miliard\u011b bude m\u00edt ale roli sluh\u016f, tzv. servant\u016f demokracie\u00a0<strong>[<a href=\"https:\/\/aeronet.news\/video-zmocnenec-a-poradce-vladimira-putina-varoval-ze-zapad-v-cele-s-transhumanisty-klause-schwaba-chteji-v-ramci-projektu-zlate-miliardy-snizit-populaci-ruska-na-50-milionu-pro-otrockou-praci\/\">1<\/a>]<\/strong>.<\/p>\n<p>Syst\u00e9m servant\u016f byl otestov\u00e1n v letech 2020 a\u017e 2021 v z\u00e1padn\u00edch zem\u00edch b\u011bhem tzv. covidov\u00e9 krize, kde se ov\u011b\u0159ilo, \u017ee v\u011bt\u0161ina osob, bezpe\u010dn\u00e1 popula\u010dn\u00ed v\u011bt\u0161ina, chcete-li, si nech\u00e1 pod z\u00e1minkou zdravotn\u00ed bezpe\u010dnosti sebrat ve\u0161ker\u00e1 lidsk\u00e1 pr\u00e1va a svobody pohybu, a \u017ee lze lidem odebrat naprostou v\u011bt\u0161inu pr\u00e1v, pokud se odm\u00edtnou podrobit na\u0159\u00edzen\u00ed, nap\u0159. \u0161pejlov\u00fdm test\u016fm nebo o\u010dkov\u00e1n\u00ed.<\/p>\n<figure id=\"attachment_47911\" class=\"wp-caption aligncenter\" style=\"width: 696px;\"><a href=\"https:\/\/aeronet.news\/wp-content\/uploads\/CovidSwabKid.jpg\"><img decoding=\"async\" loading=\"lazy\" class=\"wp-image-47911 \" src=\"https:\/\/aeronet.news\/wp-content\/uploads\/CovidSwabKid-1024x566.jpg\" sizes=\"(max-width: 700px) 100vw, 700px\" srcset=\"https:\/\/aeronet.news\/wp-content\/uploads\/CovidSwabKid-1024x566.jpg 1024w, https:\/\/aeronet.news\/wp-content\/uploads\/CovidSwabKid-300x166.jpg 300w, https:\/\/aeronet.news\/wp-content\/uploads\/CovidSwabKid-768x424.jpg 768w, https:\/\/aeronet.news\/wp-content\/uploads\/CovidSwabKid-700x387.jpg 700w, https:\/\/aeronet.news\/wp-content\/uploads\/CovidSwabKid-646x357.jpg 646w, https:\/\/aeronet.news\/wp-content\/uploads\/CovidSwabKid-874x483.jpg 874w, https:\/\/aeronet.news\/wp-content\/uploads\/CovidSwabKid.jpg 1280w\" alt=\"\" width=\"696\" height=\"385\" \/><\/a><figcaption class=\"wp-caption-text\">\u0160pejlovac\u00ed teror se nevyhnul ani mal\u00fdm d\u011btem<\/figcaption><\/figure>\n<p>P\u0159esto\u017ee prob\u011bhly \u0159ady demonstrac\u00ed, \u00fa\u010dastnilo se jich jen mal\u00e9 a omezen\u00e9 mno\u017estv\u00ed populace v \u0159\u00e1dech procent obyvatelstva.\u00a0<strong>Pohodln\u00e1 majoritn\u00ed v\u011bt\u0161ina ml\u010dela a nechala si bez odporu sebrat ve\u0161ker\u00e1 pr\u00e1va. Tento 2 roky trvaj\u00edc\u00ed sociologick\u00fd pokus globalist\u016f ov\u011b\u0159il, \u017ee populace nebude kl\u00e1st odpor ani p\u0159i z\u00e1kazu produkce biologick\u00fdch potravin<\/strong>, lid\u00e9 se nebudou bou\u0159it ani pot\u00e9, co se za\u010dne do obil\u00ed p\u0159im\u00edch\u00e1vat substr\u00e1t z drcen\u00e9ho hmyzu, lid\u00e9 si nechaj\u00ed bez odporu i zak\u00e1zat levn\u00e1 spalovac\u00ed auta a na drah\u00e1 elektrick\u00e1 nebudou m\u00edt pen\u00edze, tak\u017ee lid\u00e9 z\u016fstanou bez aut a budou odk\u00e1z\u00e1ni na hromadnou dopravu.<\/p>\n<h6><span style=\"font-size: 18pt;\">Vl\u00e1dy st\u00e1t\u016f se zhrout\u00ed pod mamut\u00edmi deficity a skute\u010dn\u00fdch vl\u00e1d se ujmou korporace ovl\u00e1daj\u00edc\u00ed v\u00fdrobu energi\u00ed, potravin a komer\u010dn\u00ed z\u00e1bavy<\/span><\/h6>\n<p>V Holandsku pr\u00e1v\u011b b\u011b\u017e\u00ed pilotn\u00ed projekt na vybit\u00ed 50% st\u00e1d skotu a vep\u0159ov\u00e9ho, co\u017e povede k extr\u00e9mn\u00edmu zdra\u017een\u00ed biologick\u00e9ho masa a masn\u00fdch produkt\u016f v Evrop\u011b, co\u017e otev\u0159e cestu \u201clevn\u00fdm\u201d potravin\u00e1m vyroben\u00fdm za nula nula nic\u2026 z hmyzu a \u010derv\u016f! Zisky budou plynout nadn\u00e1rodn\u00edm korporac\u00edm, kter\u00e9 z t\u011bchto profit\u016f budou moci ustanovit univerz\u00e1ln\u00ed nepodm\u00edn\u011bn\u00fd p\u0159\u00edjem a p\u0159evezmou starost o starobn\u00ed d\u016fchody od st\u00e1t\u016f a st\u00e1tn\u00edch vl\u00e1d.<\/p>\n<p>Pro\u010d si mysl\u00edte, \u017ee Fialova vl\u00e1da v \u010cR okradla d\u016fchodce na valorizac\u00edch? Proto\u017ee vl\u00e1dy ji\u017e v bl\u00edzk\u00e9 budoucnosti nebudou pl\u00e1tci d\u016fchod\u016f.\u00a0<strong>V\u00fdplaty budou plynout v budoucnu z Evropsk\u00e9 unie. A zdroje budou \u010derp\u00e1ny ze zisk\u016f korporac\u00ed, kter\u00e9 budou generovat zisk v r\u00e1mci nov\u00fdch ekonomik a tzv. udr\u017eiteln\u00e9ho rozvoje.<\/strong>\u00a0Firmy budou m\u00edt na vstupech prakticky nulov\u00e9 n\u00e1klady. Elektrick\u00e1 energie ze Slunce, z v\u011btru, potraviny z brouk\u016f a \u010derv\u016f. Pokud st\u00e1le tomu nerozum\u00edte, co je spole\u010dn\u00fdm jmenovatelem t\u011bchto proces\u016f, tak v\u00e1m to znovu zopakuji:\u00a0<strong>Spole\u010dn\u00fdm jmenovatelem jsou n\u00edzk\u00e9 a\u017e bagateln\u00ed vstupn\u00ed n\u00e1klady na v\u00fdstupn\u00ed produkt!<\/strong><\/p>\n<figure id=\"attachment_55345\" class=\"wp-caption aligncenter\" style=\"width: 746px;\"><a href=\"https:\/\/aeronet.news\/wp-content\/uploads\/FIalaDuchodyPosty.jpg\"><img decoding=\"async\" loading=\"lazy\" class=\"wp-image-55345 \" src=\"https:\/\/aeronet.news\/wp-content\/uploads\/FIalaDuchodyPosty.jpg\" sizes=\"(max-width: 750px) 100vw, 750px\" srcset=\"https:\/\/aeronet.news\/wp-content\/uploads\/FIalaDuchodyPosty.jpg 750w, https:\/\/aeronet.news\/wp-content\/uploads\/FIalaDuchodyPosty-300x256.jpg 300w, https:\/\/aeronet.news\/wp-content\/uploads\/FIalaDuchodyPosty-700x598.jpg 700w, https:\/\/aeronet.news\/wp-content\/uploads\/FIalaDuchodyPosty-418x357.jpg 418w, https:\/\/aeronet.news\/wp-content\/uploads\/FIalaDuchodyPosty-565x483.jpg 565w\" alt=\"\" width=\"746\" height=\"638\" \/><\/a><figcaption class=\"wp-caption-text\">Astronomick\u00fd deficit v \u010cR \u0159e\u0161\u00ed Fialova garnitura okr\u00e1d\u00e1n\u00edm d\u016fchodc\u016f a ru\u0161en\u00edm po\u0161t, \u010dili likvidac\u00ed slu\u017eeb st\u00e1tu ob\u010dan\u016fm<\/figcaption><\/figure>\n<p>Kdy\u017e vyr\u00e1b\u00edte energii ze Slunce, v\u011btru nebo z hydrostatick\u00e9 energie vodn\u00edho sloupce, tak na vstupu m\u00e1te n\u00e1klady limitn\u011b bl\u00edzk\u00e9 nule. Ale na v\u00fdstupu budete generovat mamut\u00ed zisky, proto\u017ee energie bude m\u00e1lo, bude \u0161\u00edlen\u011b drah\u00e1 a nedostatkov\u00e1. Korporace tak budou vyd\u011bl\u00e1vat mamut\u00ed pen\u00edze a za\u010dnou b\u00fdt bohat\u0161\u00ed a mocn\u011bj\u0161\u00ed ne\u017e st\u00e1ty a jejich st\u00e1tn\u00ed org\u00e1ny a vl\u00e1dy.\u00a0<strong>Zadlu\u017een\u00e9 vl\u00e1dy budou krachovat v deficitech, zat\u00edmco soukrom\u00e9 korporace nov\u00e9ho v\u011bku budou bohatnout do astronomick\u00fdch v\u00fd\u0161in.<\/strong>\u00a0V tomto nalad\u011bn\u00ed p\u0159ijde okam\u017eik, kdy zisky korporac\u00ed bude mo\u017en\u00e9 investovat do n\u00e1kup\u016f moci a pota\u017emo do n\u00e1kup\u016f cel\u00fdch st\u00e1t\u016f! Korporace na v\u00fdrobu energi\u00ed, potravin a medi\u00e1ln\u00edho obsahu, zejm\u00e9na z\u00e1bavy, se stanou vl\u00e1dnouc\u00edm syndik\u00e1tem nad kolektivn\u00edm z\u00e1padem.<\/p>\n<h6><span style=\"font-size: 18pt;\">Korporace ponechaj\u00ed lidem iluzi voleb, ale pouze s vlastn\u00edmi kandid\u00e1ty, kter\u00e9 jim doporu\u010d\u00ed jimi vlastn\u011bn\u00e1 m\u00e9dia<\/span><\/h6>\n<p>Prvn\u00ed vla\u0161tovkou takov\u00e9 korporace je Black Rock, kter\u00e1 de facto vlastn\u00ed vl\u00e1dy u\u017e n\u011bkolika rozvojov\u00fdch zem\u00ed, ale v posledn\u00ed dob\u011b je velk\u00fdm v\u011b\u0159itelem Francie. Soukrom\u00e9 korporace ale v budoucnu budou mnohem bohat\u0161\u00ed. Ve chv\u00edli, kdy trh p\u0159ejde na n\u00edzkon\u00e1kladov\u00e9 potraviny z \u010derv\u016f a hmyzu, a kdy dojde k odstaven\u00ed jadern\u00fdch elektr\u00e1ren jako p\u0159ed p\u00e1r dny v N\u011bmecku a trh se p\u0159eorientuje na drah\u00e9, le\u010d ekologick\u00e9 energie, za\u010dnou vznikat nov\u00e9 mamut\u00ed korporace, kter\u00e9 porostou samovoln\u011b doslova z ni\u010deho, resp. z mal\u00fdch vstupn\u00edch n\u00e1klad\u016f do astronomick\u00fdch v\u00fd\u0161in. To bude za\u010d\u00e1tek p\u0159erodu p\u016fvodn\u00edho konceptu sv\u011btov\u00e9ho \u0159\u00e1du do nov\u00e9 \u00e9ry New Age.<\/p>\n<figure id=\"attachment_47100\" class=\"wp-caption aligncenter\" style=\"width: 688px;\"><a href=\"https:\/\/aeronet.news\/wp-content\/uploads\/BlackRockSign.jpg\"><img decoding=\"async\" loading=\"lazy\" class=\"wp-image-47100 \" src=\"https:\/\/aeronet.news\/wp-content\/uploads\/BlackRockSign-1024x512.jpg\" sizes=\"(max-width: 700px) 100vw, 700px\" srcset=\"https:\/\/aeronet.news\/wp-content\/uploads\/BlackRockSign-1024x512.jpg 1024w, https:\/\/aeronet.news\/wp-content\/uploads\/BlackRockSign-300x150.jpg 300w, https:\/\/aeronet.news\/wp-content\/uploads\/BlackRockSign-768x384.jpg 768w, https:\/\/aeronet.news\/wp-content\/uploads\/BlackRockSign-700x350.jpg 700w, https:\/\/aeronet.news\/wp-content\/uploads\/BlackRockSign-714x357.jpg 714w, https:\/\/aeronet.news\/wp-content\/uploads\/BlackRockSign-966x483.jpg 966w, https:\/\/aeronet.news\/wp-content\/uploads\/BlackRockSign.jpg 1280w\" alt=\"\" width=\"688\" height=\"344\" \/><\/a><figcaption class=\"wp-caption-text\">Glob\u00e1ln\u00ed korporace BlackRock<\/figcaption><\/figure>\n<p>Korporace budou \u0159\u00eddit st\u00e1ty a n\u00e1rody, u\u017e to nebudou vl\u00e1dy z lidu. N\u011bjak\u00e1 forma voleb bude zachov\u00e1na, ale p\u016fjde o\u00a0<em>gleichschaltung<\/em>\u00a0a iluzi. O iluzi volby. Jako kdy\u017e chcete zm\u011bnu a zvol\u00edte si stranu, kter\u00e1 m\u00e1 na kandid\u00e1tce naho\u0159e recyklovan\u00e9 politiky z \u010cSSD nebo ODS. O\u010dek\u00e1v\u00e1te zm\u011bnu a nakonec se dozv\u00edte, \u017ee z NATO a EU nikdo z veden\u00ed t\u00e9 strany vystoupit nechce a Putin je agresor. Prost\u011b skute\u010dnou zm\u011bnu nedostanete.<\/p>\n<p><strong>Skute\u010dnou zm\u011bnu nab\u00eddnou jen s odpu\u0161t\u011bn\u00edm margin\u00e1ln\u00ed strany, kter\u00e9 vedou poctiv\u00ed vlastenci, ale v mnoha p\u0159\u00edpadech ty strany p\u0159ipom\u00ednaj\u00ed hospody, do kter\u00fdch nikdo moc nechod\u00ed<\/strong>, proto\u017ee o t\u00e9 hospod\u011b se vedou divn\u00e9 \u0159e\u010di a lid\u00e9 maj\u00ed strach, aby n\u00e1v\u0161t\u011bvou hospody nedostali n\u00e1lepku extr\u00e9mist\u016f. On chce \u010cesko na prvn\u00edm m\u00edst\u011b? On chce vystoupit z pevn\u00e9ho svazku s NATO? Bo\u017ee, tak to mus\u00ed b\u00fdt dezol\u00e1t, extr\u00e9mista, mus\u00edme ho vyhodit od n\u00e1s z fakulty, od n\u00e1s z podniku!<\/p>\n<h6><span style=\"font-size: 18pt;\">Spojovac\u00ed t\u00e9ma pro opozici? Drahota ano, vystoupen\u00ed z NATO ne!<\/span><\/h6>\n<p>Velk\u00e1 hnut\u00ed lidu jsou obvykle svol\u00e1v\u00e1na kv\u016fli n\u011bjak\u00e9 spojovac\u00ed my\u0161lence, jako je t\u0159eba drahota nebo b\u00edda. Na takov\u00e9 my\u0161lence se shodne i 100 000 lid\u00ed a p\u0159ijdou na demonstraci. Ale jakmile p\u0159ijdete s komplexn\u00edm t\u00e9matem, s ekonomickou a bezpe\u010dnostn\u00ed transformac\u00ed st\u00e1tu, s my\u0161lenkou odchodu z NATO a z EU, s my\u0161lenkou ukotven\u00ed n\u00e1rodn\u00edho st\u00e1tu, v tom okam\u017eiku se n\u011bco stane a t\u011bch 100 000 lid\u00ed ji\u017e na n\u00e1m\u011bst\u00ed nedostanete. Zn\u00e1me toti\u017e na\u0161e Pappenheimsk\u00e9. M\u00e9dia kontroluj\u00ed ve\u0159ejn\u00e9 m\u00edn\u011bn\u00ed, proto ta velk\u00e1 m\u00e9dia tak \u00fato\u010d\u00ed proti alternativ\u011b, proto\u017ee jim ohro\u017eujeme \u00fa\u010dinek jejich informa\u010dn\u00ed radiace.<\/p>\n<p><a href=\"https:\/\/aeronet.news\/wp-content\/uploads\/ParadoxDemo.jpg\"><img decoding=\"async\" loading=\"lazy\" class=\"wp-image-55461 aligncenter\" src=\"https:\/\/aeronet.news\/wp-content\/uploads\/ParadoxDemo.jpg\" sizes=\"(max-width: 700px) 100vw, 700px\" srcset=\"https:\/\/aeronet.news\/wp-content\/uploads\/ParadoxDemo.jpg 700w, https:\/\/aeronet.news\/wp-content\/uploads\/ParadoxDemo-300x264.jpg 300w, https:\/\/aeronet.news\/wp-content\/uploads\/ParadoxDemo-406x357.jpg 406w, https:\/\/aeronet.news\/wp-content\/uploads\/ParadoxDemo-549x483.jpg 549w\" alt=\"\" width=\"697\" height=\"613\" \/><\/a><\/p>\n<p>M\u00e9dia \u0159eknou lidem, koho maj\u00ed volit za prezidenta. M\u00e9dia \u0159eknou lidem, koho rozhodn\u011b nemaj\u00ed volit.\u00a0<strong>A lid\u00e9 s \u010desk\u00fdmi vlajkami na V\u00e1clav\u00e1ku budou obvi\u0148ov\u00e1ni jin\u00fdmi lidmi s ukrajinsk\u00fdmi vlajkami, \u017ee pr\u00fd haj\u00ed ciz\u00ed a Putinovy z\u00e1jmy v \u010cR.<\/strong>\u00a0Proto vliv velk\u00e9ho businessu a m\u00e9di\u00ed MSM se tak propojil v posledn\u00ed dob\u011b. Tak\u017ee z\u00e1padn\u00ed zlat\u00e1 miliarda bude nakonec jen 200 milion\u016f slu\u0161n\u011b zabezpe\u010den\u00fdch a 800 milion\u016f lidi v rol\u00edch servant\u016f, kte\u0159\u00ed p\u0159i\u0161li o svobodu, energie, \u017eivotn\u00ed standard, ale nevad\u00ed jim to, proto\u017ee si mysl\u00ed, \u017ee se chovaj\u00ed ekologicky. Ne n\u00e1sil\u00edm, ale ideologicky bude ve\u0159ejnost zmanipulov\u00e1na do role \u00faslu\u017en\u00fdch servant\u016f globalizace. T\u00e9 kolektivn\u011b-z\u00e1padn\u00ed, nutno dodat!<\/p>\n<p><a href=\"https:\/\/aeronet.news\/video-nikdo-nedovolil-zapadni-mensine-aby-mluvila-jmenem-celeho-lidstva-rusky-ministr-zahranici-sergej-lavrov-se-ujal-predsednictvi-rady-bezpecnosti-osn-a-upozornil-na-skandalni-vyrok-ministra\/\">-VK- \u0160\u00e9fredaktor AE News<\/a><\/p>\n<p>&nbsp;<\/p>\n<p>&nbsp;<\/p>\n<p><img decoding=\"async\" loading=\"lazy\" class=\"wp-image-19187 aligncenter\" src=\"http:\/\/www.infokuryr.cz\/n\/wp-content\/uploads\/2022\/12\/1-PRO-300x36.jpg\" alt=\"\" width=\"1283\" height=\"154\" srcset=\"https:\/\/www.infokuryr.cz\/n\/wp-content\/uploads\/2022\/12\/1-PRO-300x36.jpg 300w, https:\/\/www.infokuryr.cz\/n\/wp-content\/uploads\/2022\/12\/1-PRO.jpg 699w\" sizes=\"(max-width: 1283px) 100vw, 1283px\" \/><\/p>\n<p>&nbsp;<\/p>\n<p>&nbsp;<\/p>\n","protected":false},"excerpt":{"rendered":"<p>Nikdo nedovolil z\u00e1padn\u00ed men\u0161in\u011b, aby mluvila jm\u00e9nem cel\u00e9ho lidstva! Rusk\u00fd ministr zahrani\u010d\u00ed Sergej Lavrov se&#8230;<\/p>\n","protected":false},"author":2,"featured_media":8809,"comment_status":"closed","ping_status":"closed","sticky":false,"template":"","format":"standard","meta":[],"categories":[6],"tags":[1042,1499,189,48,365],"_links":{"self":[{"href":"https:\/\/www.infokuryr.cz\/n\/wp-json\/wp\/v2\/posts\/26902"}],"collection":[{"href":"https:\/\/www.infokuryr.cz\/n\/wp-json\/wp\/v2\/posts"}],"about":[{"href":"https:\/\/www.infokuryr.cz\/n\/wp-json\/wp\/v2\/types\/post"}],"author":[{"embeddable":true,"href":"https:\/\/www.infokuryr.cz\/n\/wp-json\/wp\/v2\/users\/2"}],"replies":[{"embeddable":true,"href":"https:\/\/www.infokuryr.cz\/n\/wp-json\/wp\/v2\/comments?post=26902"}],"version-history":[{"count":0,"href":"https:\/\/www.infokuryr.cz\/n\/wp-json\/wp\/v2\/posts\/26902\/revisions"}],"wp:featuredmedia":[{"embeddable":true,"href":"https:\/\/www.infokuryr.cz\/n\/wp-json\/wp\/v2\/media\/8809"}],"wp:attachment":[{"href":"https:\/\/www.infokuryr.cz\/n\/wp-json\/wp\/v2\/media?parent=26902"}],"wp:term":[{"taxonomy":"category","embeddable":true,"href":"https:\/\/www.infokuryr.cz\/n\/wp-json\/wp\/v2\/categories?post=26902"},{"taxonomy":"post_tag","embeddable":true,"href":"https:\/\/www.infokuryr.cz\/n\/wp-json\/wp\/v2\/tags?post=26902"}],"curies":[{"name":"wp","href":"https:\/\/api.w.org\/{rel}","templated":true}]}}