{"id":26896,"date":"2023-04-26T01:14:33","date_gmt":"2023-04-25T23:14:33","guid":{"rendered":"http:\/\/www.infokuryr.cz\/n\/?p=26896"},"modified":"2023-04-25T17:12:13","modified_gmt":"2023-04-25T15:12:13","slug":"americka-velvyslankyne-se-v-rade-bezpecnosti-osn-totalne-zostudila","status":"publish","type":"post","link":"https:\/\/www.infokuryr.cz\/n\/2023\/04\/26\/americka-velvyslankyne-se-v-rade-bezpecnosti-osn-totalne-zostudila\/","title":{"rendered":"Americk\u00e1 velvyslankyn\u011b se v Rad\u011b bezpe\u010dnosti OSN tot\u00e1ln\u011b zostudila"},"content":{"rendered":"<div id=\"fb-root\"><\/div>\n<p class=\"lead\"><span>St\u00e1l\u00e1 p\u0159edstavitelka USA p\u0159i OSN Linda Thomas-Greenfieldov\u00e1 zneuctila svou zemi t\u00edm, \u017ee b\u011bhem zased\u00e1n\u00ed Rady bezpe\u010dnosti OSN vyzvala rusk\u00e9ho ministra zahrani\u010d\u00ed Sergeje Lavrova, aby se \u201epod\u00edval do o\u010d\u00ed\u201c sest\u0159e Paula Whelana, Ameri\u010dana odsouzen\u00e9ho v Rusku za \u0161pion\u00e1\u017e., kter\u00e1 byla p\u0159iveden do s\u00e1lu. Dne 25. dubna, to ozn\u00e1mila ofici\u00e1ln\u00ed z\u00e1stupkyn\u011b rusk\u00e9ho ministerstva zahrani\u010d\u00ed Maria Zacharovov\u00e1 ve vys\u00edl\u00e1n\u00ed televizn\u00edho kan\u00e1lu Solovjov Live TV.<\/span><\/p>\n<p><em><strong>&#8222;Z\u00e1stupkyn\u011b Spojen\u00fdch st\u00e1t\u016f se ze v\u0161ech sil sna\u017eila uv\u00e9st svou zemi do rozpak\u016f takov\u00fdm divok\u00fdm, hloup\u00fdm a nezodpov\u011bdn\u00fdm prohl\u00e1\u0161en\u00edm,&#8220;<span class=\"after-quote\"> poznamenala a vyj\u00e1d\u0159ila zmatek nad kon\u00e1n\u00edm t\u00e9to akce na zased\u00e1n\u00ed Rady bezpe\u010dnosti o multilateralismu, uv\u00e1d\u00ed m\u00e9dia.<\/span><\/strong><\/em><\/p>\n<p><span>Podle Zacharovov\u00e9 je na sv\u011bt\u011b mnoho lid\u00ed, kte\u0159\u00ed by se r\u00e1di <strong>\u201epod\u00edvali americk\u00fdm z\u00e1stupc\u016fm do o\u010d\u00ed\u201c<\/strong>. Diplomat mezi nimi jmenoval obyvatele Abch\u00e1zie, Ji\u017en\u00ed Osetie, Krymu, S\u00fdrie a dal\u0161\u00edch \u201ezem\u00ed a n\u00e1rod\u016f, kter\u00e9 trp\u011bly re\u017eimy NATO\u201c a pouk\u00e1zal na to, \u017ee Spojen\u00e9 st\u00e1ty nevyd\u00e1vaj\u00ed v\u00edza ob\u010dan\u016fm t\u011bchto zem\u00ed k \u00fa\u010dasti na akc\u00edch OSN.<\/span><\/p>\n<p><span>Jak bylo ozn\u00e1meno, 24. dubna Lavrov uspo\u0159\u00e1dal zased\u00e1n\u00ed Rady bezpe\u010dnosti OSN o multilateralismu.\u00a025. dubna m\u011bl sch\u016fzku o urovn\u00e1n\u00ed na Bl\u00edzk\u00e9m v\u00fdchod\u011b.<\/span><\/p>\n<p><img decoding=\"async\" loading=\"lazy\" class=\"alignnone size-full wp-image-1185\" src=\"http:\/\/www.infokuryr.cz\/n\/wp-content\/uploads\/2021\/04\/kuryr-podpis.png\" alt=\"\" width=\"84\" height=\"24\" \/><\/p>\n<p>&nbsp;<\/p>\n<p>&nbsp;<\/p>\n<p><img decoding=\"async\" loading=\"lazy\" class=\"wp-image-19187 aligncenter\" src=\"http:\/\/www.infokuryr.cz\/n\/wp-content\/uploads\/2022\/12\/1-PRO-300x36.jpg\" alt=\"\" width=\"1250\" height=\"150\" srcset=\"https:\/\/www.infokuryr.cz\/n\/wp-content\/uploads\/2022\/12\/1-PRO-300x36.jpg 300w, https:\/\/www.infokuryr.cz\/n\/wp-content\/uploads\/2022\/12\/1-PRO.jpg 699w\" sizes=\"(max-width: 1250px) 100vw, 1250px\" \/><\/p>\n<p>&nbsp;<\/p>\n<p>&nbsp;<\/p>\n","protected":false},"excerpt":{"rendered":"<p>St\u00e1l\u00e1 p\u0159edstavitelka USA p\u0159i OSN Linda Thomas-Greenfieldov\u00e1 zneuctila svou zemi t\u00edm, \u017ee b\u011bhem zased\u00e1n\u00ed Rady&#8230;<\/p>\n","protected":false},"author":2,"featured_media":17766,"comment_status":"closed","ping_status":"closed","sticky":false,"template":"","format":"standard","meta":[],"categories":[7],"tags":[186,1408,1009,37],"_links":{"self":[{"href":"https:\/\/www.infokuryr.cz\/n\/wp-json\/wp\/v2\/posts\/26896"}],"collection":[{"href":"https:\/\/www.infokuryr.cz\/n\/wp-json\/wp\/v2\/posts"}],"about":[{"href":"https:\/\/www.infokuryr.cz\/n\/wp-json\/wp\/v2\/types\/post"}],"author":[{"embeddable":true,"href":"https:\/\/www.infokuryr.cz\/n\/wp-json\/wp\/v2\/users\/2"}],"replies":[{"embeddable":true,"href":"https:\/\/www.infokuryr.cz\/n\/wp-json\/wp\/v2\/comments?post=26896"}],"version-history":[{"count":0,"href":"https:\/\/www.infokuryr.cz\/n\/wp-json\/wp\/v2\/posts\/26896\/revisions"}],"wp:featuredmedia":[{"embeddable":true,"href":"https:\/\/www.infokuryr.cz\/n\/wp-json\/wp\/v2\/media\/17766"}],"wp:attachment":[{"href":"https:\/\/www.infokuryr.cz\/n\/wp-json\/wp\/v2\/media?parent=26896"}],"wp:term":[{"taxonomy":"category","embeddable":true,"href":"https:\/\/www.infokuryr.cz\/n\/wp-json\/wp\/v2\/categories?post=26896"},{"taxonomy":"post_tag","embeddable":true,"href":"https:\/\/www.infokuryr.cz\/n\/wp-json\/wp\/v2\/tags?post=26896"}],"curies":[{"name":"wp","href":"https:\/\/api.w.org\/{rel}","templated":true}]}}