{"id":26888,"date":"2023-04-26T01:09:32","date_gmt":"2023-04-25T23:09:32","guid":{"rendered":"http:\/\/www.infokuryr.cz\/n\/?p=26888"},"modified":"2023-04-25T16:18:29","modified_gmt":"2023-04-25T14:18:29","slug":"rusko-zacalo-pouzivat-na-ukrajine-nejmodernejsi-tanky-t-14-armata","status":"publish","type":"post","link":"https:\/\/www.infokuryr.cz\/n\/2023\/04\/26\/rusko-zacalo-pouzivat-na-ukrajine-nejmodernejsi-tanky-t-14-armata\/","title":{"rendered":"Rusko za\u010dalo pou\u017e\u00edvat na Ukrajin\u011b nejmodern\u011bj\u0161\u00ed tanky T-14 Armata"},"content":{"rendered":"<div id=\"fb-root\"><\/div>\n<p><strong>Rusk\u00e9 ozbrojen\u00e9 s\u00edly za\u010daly u\u017e\u00edvat nejnov\u011bj\u0161\u00edch tank\u016f T-14 Armata pro st\u0159elbu na ukrajinsk\u00e9 pozice, ozn\u00e1mil informovan\u00fd zdroj.<\/strong><\/p>\n<p>\u201eRusk\u00e1 vojska za\u010dala u\u017e\u00edvat nejnov\u011bj\u0161\u00edch tank\u016f Armata pro st\u0159elbu na ukrajinsk\u00e9 pozice. P\u0159\u00edm\u00fdch \u00fato\u010dn\u00fdch akc\u00ed se zat\u00edm nez\u00fa\u010dastnily,\u201c uvedl spolubesedn\u00edk agentury.<\/p>\n<p>Up\u0159esnil, \u017ee \u201etanky T-14 Armata dostaly v z\u00f3n\u011b speci\u00e1ln\u00ed vojensk\u00e9 operace dodate\u010dnou ochranu trupu p\u0159ed protitankovou munic\u00ed\u201c.<\/p>\n<p>Od konce minul\u00e9ho roku prov\u00e1d\u011bly pos\u00e1dky T-14 Armata bojov\u00e9 sla\u010fov\u00e1n\u00ed na polygonech jedn\u00e9 z n\u00e1rodn\u00edch republik Donbasu, dodal zdroj.<\/p>\n<p>Tanky Armata byly poprv\u00e9 vyzkou\u0161eny v S\u00fdrii.<\/p>\n<p>Z\u00e1kladn\u00ed tank T-14 Armata byl vyvinut v Uralsk\u00e9 konstruk\u010dn\u00ed kancel\u00e1\u0159i dopravn\u00edho stroj\u00edrenstv\u00ed (pat\u0159\u00ed do Uralvagonzavodu). Zvl\u00e1\u0161tnost\u00ed jeho se\u0159\u00edzen\u00ed je bezos\u00e1dkov\u00e1 v\u011b\u017e, t\u0159i \u010dlenov\u00e9 pos\u00e1dky se nach\u00e1zej\u00ed v izolovan\u00e9 panc\u00e9\u0159ovan\u00e9 kapsli v p\u0159edn\u00ed \u010d\u00e1sti trupu. Tank m\u00e1 kombinovan\u00e9 v\u00edcevrstv\u00e9 panc\u00e9\u0159ov\u00e1n\u00ed, novou dynamickou ochranu Malachit a komplex aktivn\u00ed ochrany Afganit.<\/p>\n<p>Hlavn\u00ed v\u00fdzbroj\u00ed tanku je 125milimetrov\u00fd kan\u00f3n s hladk\u00fdm v\u00fdvrtem hlavn\u011b 2A82-1M, kter\u00fd m\u016f\u017ee u\u017e\u00edvat nov\u00fdch \u0159\u00edzen\u00fdch st\u0159el o doletu osm kilometr\u016f.<\/p>\n<p><img decoding=\"async\" loading=\"lazy\" class=\"alignnone size-full wp-image-1185\" src=\"http:\/\/www.infokuryr.cz\/n\/wp-content\/uploads\/2021\/04\/kuryr-podpis.png\" alt=\"\" width=\"84\" height=\"24\" \/><\/p>\n<p>&nbsp;<\/p>\n<p>&nbsp;<\/p>\n<p><img decoding=\"async\" loading=\"lazy\" class=\"wp-image-19187 aligncenter\" src=\"http:\/\/www.infokuryr.cz\/n\/wp-content\/uploads\/2022\/12\/1-PRO-300x36.jpg\" alt=\"\" width=\"1258\" height=\"151\" srcset=\"https:\/\/www.infokuryr.cz\/n\/wp-content\/uploads\/2022\/12\/1-PRO-300x36.jpg 300w, https:\/\/www.infokuryr.cz\/n\/wp-content\/uploads\/2022\/12\/1-PRO.jpg 699w\" sizes=\"(max-width: 1258px) 100vw, 1258px\" \/><\/p>\n<p>&nbsp;<\/p>\n<p>&nbsp;<\/p>\n","protected":false},"excerpt":{"rendered":"<p>Rusk\u00e9 ozbrojen\u00e9 s\u00edly za\u010daly u\u017e\u00edvat nejnov\u011bj\u0161\u00edch tank\u016f T-14 Armata pro st\u0159elbu na ukrajinsk\u00e9 pozice, ozn\u00e1mil&#8230;<\/p>\n","protected":false},"author":2,"featured_media":26889,"comment_status":"closed","ping_status":"closed","sticky":false,"template":"","format":"standard","meta":[],"categories":[7],"tags":[4844,22,1549],"_links":{"self":[{"href":"https:\/\/www.infokuryr.cz\/n\/wp-json\/wp\/v2\/posts\/26888"}],"collection":[{"href":"https:\/\/www.infokuryr.cz\/n\/wp-json\/wp\/v2\/posts"}],"about":[{"href":"https:\/\/www.infokuryr.cz\/n\/wp-json\/wp\/v2\/types\/post"}],"author":[{"embeddable":true,"href":"https:\/\/www.infokuryr.cz\/n\/wp-json\/wp\/v2\/users\/2"}],"replies":[{"embeddable":true,"href":"https:\/\/www.infokuryr.cz\/n\/wp-json\/wp\/v2\/comments?post=26888"}],"version-history":[{"count":1,"href":"https:\/\/www.infokuryr.cz\/n\/wp-json\/wp\/v2\/posts\/26888\/revisions"}],"predecessor-version":[{"id":26890,"href":"https:\/\/www.infokuryr.cz\/n\/wp-json\/wp\/v2\/posts\/26888\/revisions\/26890"}],"wp:featuredmedia":[{"embeddable":true,"href":"https:\/\/www.infokuryr.cz\/n\/wp-json\/wp\/v2\/media\/26889"}],"wp:attachment":[{"href":"https:\/\/www.infokuryr.cz\/n\/wp-json\/wp\/v2\/media?parent=26888"}],"wp:term":[{"taxonomy":"category","embeddable":true,"href":"https:\/\/www.infokuryr.cz\/n\/wp-json\/wp\/v2\/categories?post=26888"},{"taxonomy":"post_tag","embeddable":true,"href":"https:\/\/www.infokuryr.cz\/n\/wp-json\/wp\/v2\/tags?post=26888"}],"curies":[{"name":"wp","href":"https:\/\/api.w.org\/{rel}","templated":true}]}}