{"id":26882,"date":"2023-04-26T01:02:37","date_gmt":"2023-04-25T23:02:37","guid":{"rendered":"http:\/\/www.infokuryr.cz\/n\/?p=26882"},"modified":"2023-04-25T16:02:43","modified_gmt":"2023-04-25T14:02:43","slug":"vrazdy-a-majetkova-trestna-cinnost-v-cesku-v-prvnim-ctvrtleti-roku-2023-narusta","status":"publish","type":"post","link":"https:\/\/www.infokuryr.cz\/n\/2023\/04\/26\/vrazdy-a-majetkova-trestna-cinnost-v-cesku-v-prvnim-ctvrtleti-roku-2023-narusta\/","title":{"rendered":"Vra\u017edy a majetkov\u00e1 trestn\u00e1 \u010dinnost v \u010cesku v prvn\u00edm \u010dtvrtlet\u00ed roku 2023 nar\u016fst\u00e1"},"content":{"rendered":"<div id=\"fb-root\"><\/div>\n<p><span style=\"font-size: 18pt;\"><strong>V \u010cesku bylo do dubna zaznamen\u00e1no 51 282 trestn\u00fdch \u010din\u016f, co\u017e je v\u00fdrazn\u011b v\u00edce ne\u017e 46 940 registrovan\u00fdch ve stejn\u00e9m obdob\u00ed lo\u0148sk\u00e9ho roku.<\/strong><\/span><\/p>\n<p>Kriminalita nap\u0159\u00ed\u010d \u010ceskou republikou vzrostla v prvn\u00edm \u010dtvrtlet\u00ed roku 2023 meziro\u010dn\u011b o v\u00edce ne\u017e 9 procent, vypl\u00fdv\u00e1 z posledn\u00edch policejn\u00edch statistik.<\/p>\n<p>Do b\u0159ezna bylo v cel\u00e9 zemi zaznamen\u00e1no celkem 51 282 trestn\u00fdch \u010din\u016f, co\u017e je v\u00fdrazn\u011b v\u00edce ne\u017e 46 940 registrovan\u00fdch ve stejn\u00e9m obdob\u00ed lo\u0148sk\u00e9ho roku.\u00a0Zat\u00edmco ekonomick\u00e9 trestn\u00e9 \u010diny, jako jsou podvody a trestn\u00e9 \u010diny souvisej\u00edc\u00ed s drogami, klesly, n\u00e1siln\u00e1 kriminalita v\u010detn\u011b vra\u017ed v\u00fdrazn\u011b vzrostla.<\/p>\n<p>Policie \u010cR za prvn\u00ed \u010dtvrtlet\u00ed roku zaznamenala 47 vra\u017ed nebo pokus\u016f o ni, o 12 v\u00edce ne\u017e ve stejn\u00e9m obdob\u00ed lo\u0148sk\u00e9ho roku.\u00a0\u00da\u0159ady potvrdily, \u017ee v\u011bt\u0161ina incident\u016f, asi 28 p\u0159\u00edpad\u016f, se t\u00fdkaly dom\u00e1c\u00edch vztah\u016f.<\/p>\n<p>N\u00e1r\u016fst hl\u00e1\u0161en\u00fdch vra\u017ed a pokus\u016f o ni je znepokojiv\u00fdm trendem nap\u0159\u00ed\u010d \u010ceskou republikou.\u00a0V lo\u0148sk\u00e9m roce bylo v zemi zaznamen\u00e1no 150 p\u0159\u00edpad\u016f, co\u017e je v\u00fdrazn\u011b v\u00edce ne\u017e 105 p\u0159\u00edpad\u016f registrovan\u00fdch v roce 2021. Policejn\u00ed prezident \u010cR Martin Vondr\u00e1\u0161ek n\u00e1r\u016fst v lednu p\u0159i\u010d\u00edtal znateln\u011b vy\u0161\u0161\u00edmu soci\u00e1ln\u00edmu nap\u011bt\u00ed, kter\u00e9 p\u0159in\u00e1\u0161\u00ed pandemie Covid-19, pokra\u010duj\u00edc\u00ed konflikt v Ukrajina a obt\u00ed\u017en\u00e9 ekonomick\u00e9 klima.<\/p>\n<p>\u010cesk\u00e9 \u00fa\u0159ady tak\u00e9 zaznamenaly v prvn\u00edm \u010dtvrtlet\u00ed roku 2023 mnohem vy\u0161\u0161\u00ed po\u010det majetkov\u00fdch trestn\u00fdch \u010din\u016f \u2013 mezi tyto trestn\u00e9 \u010diny pat\u0159\u00ed vloup\u00e1n\u00ed, kr\u00e1de\u017ee a vandalismus.\u00a0Celkem evidovali policist\u00e9 do konce b\u0159ezna 27 261 p\u0159\u00edpad\u016f majetkov\u00e9 trestn\u00e9 \u010dinnosti, o 4 089 v\u00edce ne\u017e ve stejn\u00e9m obdob\u00ed lo\u0148sk\u00e9ho roku.<\/p>\n<p>Mravnostn\u00edch trestn\u00fdch \u010din\u016f se ale letos zat\u00edm sn\u00ed\u017eilo o 81 na 946 p\u0159\u00edpad\u016f, zat\u00edmco hospod\u00e1\u0159sk\u00e9 trestn\u00e9 \u010diny klesly tak\u00e9 o 282 na 3 979 p\u0159\u00edpad\u016f.<\/p>\n<p>Navzdory n\u00e1r\u016fstu kriminality za posledn\u00ed dva roky z\u016fst\u00e1v\u00e1 celkov\u00fd po\u010det zaznamenan\u00fdch p\u0159\u00edpad\u016f ni\u017e\u0161\u00ed ne\u017e \u010d\u00edsla registrovan\u00e1 v roce 2019 p\u0159ed pandemi\u00ed Covid-19.<\/p>\n<p><img decoding=\"async\" loading=\"lazy\" class=\"alignnone size-full wp-image-1185\" src=\"http:\/\/www.infokuryr.cz\/n\/wp-content\/uploads\/2021\/04\/kuryr-podpis.png\" alt=\"\" width=\"84\" height=\"24\" \/><\/p>\n<p>&nbsp;<\/p>\n<p>&nbsp;<\/p>\n<p><img decoding=\"async\" loading=\"lazy\" class=\"wp-image-19187 aligncenter\" src=\"http:\/\/www.infokuryr.cz\/n\/wp-content\/uploads\/2022\/12\/1-PRO-300x36.jpg\" alt=\"\" width=\"1250\" height=\"150\" srcset=\"https:\/\/www.infokuryr.cz\/n\/wp-content\/uploads\/2022\/12\/1-PRO-300x36.jpg 300w, https:\/\/www.infokuryr.cz\/n\/wp-content\/uploads\/2022\/12\/1-PRO.jpg 699w\" sizes=\"(max-width: 1250px) 100vw, 1250px\" \/><\/p>\n<p>&nbsp;<\/p>\n<p>&nbsp;<\/p>\n","protected":false},"excerpt":{"rendered":"<p>V \u010cesku bylo do dubna zaznamen\u00e1no 51 282 trestn\u00fdch \u010din\u016f, co\u017e je v\u00fdrazn\u011b v\u00edce ne\u017e&#8230;<\/p>\n","protected":false},"author":2,"featured_media":26883,"comment_status":"closed","ping_status":"closed","sticky":false,"template":"","format":"standard","meta":[],"categories":[6],"tags":[369,86,96],"_links":{"self":[{"href":"https:\/\/www.infokuryr.cz\/n\/wp-json\/wp\/v2\/posts\/26882"}],"collection":[{"href":"https:\/\/www.infokuryr.cz\/n\/wp-json\/wp\/v2\/posts"}],"about":[{"href":"https:\/\/www.infokuryr.cz\/n\/wp-json\/wp\/v2\/types\/post"}],"author":[{"embeddable":true,"href":"https:\/\/www.infokuryr.cz\/n\/wp-json\/wp\/v2\/users\/2"}],"replies":[{"embeddable":true,"href":"https:\/\/www.infokuryr.cz\/n\/wp-json\/wp\/v2\/comments?post=26882"}],"version-history":[{"count":1,"href":"https:\/\/www.infokuryr.cz\/n\/wp-json\/wp\/v2\/posts\/26882\/revisions"}],"predecessor-version":[{"id":26884,"href":"https:\/\/www.infokuryr.cz\/n\/wp-json\/wp\/v2\/posts\/26882\/revisions\/26884"}],"wp:featuredmedia":[{"embeddable":true,"href":"https:\/\/www.infokuryr.cz\/n\/wp-json\/wp\/v2\/media\/26883"}],"wp:attachment":[{"href":"https:\/\/www.infokuryr.cz\/n\/wp-json\/wp\/v2\/media?parent=26882"}],"wp:term":[{"taxonomy":"category","embeddable":true,"href":"https:\/\/www.infokuryr.cz\/n\/wp-json\/wp\/v2\/categories?post=26882"},{"taxonomy":"post_tag","embeddable":true,"href":"https:\/\/www.infokuryr.cz\/n\/wp-json\/wp\/v2\/tags?post=26882"}],"curies":[{"name":"wp","href":"https:\/\/api.w.org\/{rel}","templated":true}]}}