{"id":26872,"date":"2023-04-26T00:58:08","date_gmt":"2023-04-25T22:58:08","guid":{"rendered":"http:\/\/www.infokuryr.cz\/n\/?p=26872"},"modified":"2023-04-25T15:28:00","modified_gmt":"2023-04-25T13:28:00","slug":"jindrich-kulhavy-fiala-cestuje-po-asii","status":"publish","type":"post","link":"https:\/\/www.infokuryr.cz\/n\/2023\/04\/26\/jindrich-kulhavy-fiala-cestuje-po-asii\/","title":{"rendered":"Jind\u0159ich Kulhav\u00fd: Fiala cestuje po Asii\u2026"},"content":{"rendered":"<div id=\"fb-root\"><\/div>\n<p><span class=\"anotation\">\u00a0\u2026,Pekarov\u00e1 Adamov\u00e1 s\u00a0Vystr\u010dilem z\u00edsk\u00e1vaj\u00ed z\u00a0rukou nejv\u011bt\u0161\u00edho komika ukrajinsk\u00e9 vyznamen\u00e1n\u00ed a \u010desk\u00e1 ekonomika pad\u00e1 dol\u016f. K\u00a0\u010demu jsou diplomati\u010dt\u00ed tul\u00e1ci dob\u0159\u00ed, kdy\u017e jim je \u00fapln\u011b jedno, jak se \u017eije v\u00a0zemi, kterou by m\u011bli spravovat a sna\u017eit se o jej\u00ed rozkv\u011bt?<\/span><\/p>\n<div id=\"pagetext\">\n<p>\u00a0 N\u00e1rodn\u00ed rozpo\u010det se dle v\u0161eho hrout\u00ed a chyby v\u00a0n\u011bm zakotven\u00e9 se ukazuj\u00ed b\u00fdt natolik fat\u00e1ln\u00ed, \u017ee se k\u00a0nim mus\u00ed vyjad\u0159ovat i b\u00fdval\u00ed p\u0159edstavitel\u00e9 r\u016fzn\u00fdch stran, kdysi t\u0159eba stoj\u00edc\u00ed proti sob\u011b, nyn\u00ed v\u0161ak se v\u00a0mnoh\u00e9m shoduj\u00edc\u00ed. V\u00e1clav Klaus, Miroslav Kalousek, kritika se oz\u00fdv\u00e1 i z\u00a0b\u00fdval\u00e9ho veden\u00ed \u010cNB, div\u00ed se p\u0159edn\u00ed ekonomov\u00e9. Od exprezidenta Klause by se ur\u010dit\u00e9 zd\u011b\u0161en\u00ed dalo o\u010dek\u00e1vat, ale ani b\u00fdval\u00fd mentor Pekarov\u00e9 Adamov\u00e9 z\u00a0Top09 Kalousek u\u017e se na ekonomickou str\u00e1nku chov\u00e1n\u00ed vl\u00e1dy Petra Fialy nem\u016f\u017ee d\u00edvat. Je s\u00a0podivem, \u017ee v\u011bt\u0161ina m\u00e9di\u00ed a jejich zam\u011bstnanc\u016f doslova ignoruje zadlu\u017eov\u00e1n\u00ed \u010cesk\u00e9 republiky a d\u016fvody k\u00a0n\u011bmu vedouc\u00ed. M\u00edsto d\u016fle\u017eit\u00e9 \u00falohy medi\u00e1ln\u00edch dom\u016f kritizuj\u00edc\u00edch neschopnou vl\u00e1du a zachov\u00e1vaj\u00edc\u00edch t\u00edm jistou rovnov\u00e1hu a vyv\u00e1\u017eenost, jsou tyto instituce naprosto slep\u011b k\u00a0vl\u00e1d\u011b loaj\u00e1ln\u00ed a absence kritick\u00e9ho \u010di samostatn\u00e9ho my\u0161len\u00ed je zjevn\u00e1.<\/p>\n<p>Otev\u0159ete si n\u00e1hodou Seznam a z\u00a0deseti titulk\u016f a \u010dl\u00e1nk\u016f pod nimi se skr\u00fdvaj\u00edc\u00edmi se \u0161est v\u011bnuje hanoben\u00ed Ruska \u010di vychvalov\u00e1n\u00ed Ukrajiny, dva p\u0159in\u00e1\u0161\u00ed nepodstatn\u00e9 zaj\u00edmavosti ze sv\u011bta, jeden p\u0159ibli\u017euje n\u011bjakou tragickou ud\u00e1lost, zb\u00fdvaj\u00edc\u00ed posledn\u00ed je sl\u00e1tanina \u010di nesmysl z\u00a0na\u0161\u00ed politick\u00e9 sc\u00e9ny. To je ka\u017edodenn\u00ed realita. Nikde tam neobjev\u00edte nez\u00e1visl\u00fd rozbor skute\u010dn\u00e9 ekonomick\u00e9 situace, ani nic podstatn\u00e9ho z\u00a0toho, co n\u00e1s nejv\u00edce zaj\u00edm\u00e1. \u017de by byl n\u011bjak\u00fd novin\u00e1\u0159 \u010di redaktor ,,p\u0159ipu\u0161t\u011bn\u201c k\u00a0t\u00e9mat\u016fm n\u00e1m te\u010f bl\u00edzk\u00fdm, o tom si m\u016f\u017eeme nechat jen zd\u00e1t. \u0160kodlivost Green Dealu, l\u017ei o CO2, idiocie LGBT, pedofilie, o tom se v\u00a0na\u0161ich m\u00e9di\u00edch nic nedozv\u00edte. Ostatn\u011b tato t\u00e9mata jsou pova\u017eov\u00e1na za dezinforma\u010dn\u00ed. Ani o na\u0161ich politic\u00edch a jejich amat\u00e9rismu a mizern\u00e9m charakteru se nehovo\u0159\u00ed, tedy pokud si \u010dlenov\u00e9 P\u011btikoalice neberou zrovna do \u00fast Andreje Babi\u0161e, tomu je v\u011bnov\u00e1na velk\u00e1 pozornost.<\/p>\n<p>\u010cesk\u00e1 republika v\u00a0tak tragick\u00e9 situaci nebyla od sv\u00e9ho vzniku ani jednou. M\u011bli jsme tu p\u00e1r \u0161\u00edlen\u00fdch omyl\u016f na postu premi\u00e9ra, nap\u0159\u00edklad Standu Grosse, \u0160pidlu \u010di Topol\u00e1nka, ov\u0161em to, co p\u0159edv\u00e1d\u00ed cestovatel Fiala, je skute\u010dn\u011b alarmuj\u00edc\u00ed. Sestavil vl\u00e1du z\u00a0amat\u00e9r\u016f, by\u0165 by se s\u00a0v\u00fdjimkou Pir\u00e1t\u016f jist\u011b v\u00a0P\u011btikoalici na\u0161li lep\u0161\u00ed kandid\u00e1ti. Dokonce mo\u017en\u00e1 i v\u00a0Top09 by bylo mo\u017eno l\u00e9pe vyb\u00edrat. Pod\u00edv\u00e1te li se v\u0161ak na veden\u00ed v\u0161ech p\u011bti stran vl\u00e1dn\u00ed koalice, zd\u00e1 se, \u017ee degenerace politik\u016f dos\u00e1hla vrcholu. I ODS, v\u00a0n\u00ed\u017e je na komun\u00e1ln\u00ed \u00farovni mnoho vcelku schopn\u00fdch lid\u00ed (nemysl\u00edme pra\u017eskou \u010dtvr\u0165 \u0158eporyje), m\u00e1 ve sv\u00e9m st\u0159edu daleko \u0161ikovn\u011bj\u0161\u00ed jednotlivce. Je s\u00a0podivem, kam a\u017e to klika Petra Fialy dot\u00e1hnula. Topka pro\u0161la ideologick\u00fdm mozkov\u00fdm ml\u00fdnkem a person\u00e1ln\u00ed krizi, \u010deho\u017e v\u00fdsledkem je Pekarov\u00e1 Adamov\u00e1 v\u00a0\u010dele strany. Lidovci od dob kdysi za slizk\u00e9ho hada pova\u017eovan\u00e9ho Luxe jen mor\u00e1ln\u011b klesaj\u00ed a STAN u\u017e d\u00e1vno nejsou slo\u017eeni z\u00a0progresivn\u00edch starost\u016f obc\u00ed, ale sp\u00ed\u0161e to vypad\u00e1, \u017ee je to sb\u00edrka unik\u00e1tn\u00edch parazit\u016f. Ani Pir\u00e1ti sv\u00fdm ,,modern\u00edm\u201c pojet\u00edm nejsou p\u0159\u00ednosem, proto\u017ee jsou prost\u011b odno\u017e\u00ed evropsk\u00fdch zelen\u00fdch liber\u00e1l\u016f, kte\u0159\u00ed nic nevybudovali, ov\u0161em hodn\u011b toho zlikvidovali.<\/p>\n<p>\u010cekat tedy konstruktivn\u00ed p\u0159\u00edstup p\u0159i spr\u00e1v\u011b republiky nem\u016f\u017eeme. SPD taktizuje a moc aktivn\u00ed s\u00a0v\u00fdjimkou p\u00e1r lid\u00ed na protivl\u00e1dn\u00ed sc\u00e9n\u011b nen\u00ed, spokojen\u011b si lebed\u00ed na sv\u00fdch 10% p\u0159\u00edzn\u011b voli\u010d\u016f a proplouv\u00e1 Parlamentem \u010cR, ANO asi \u010dek\u00e1 v\u00a0z\u00e1v\u011bt\u0159\u00ed na dal\u0161\u00ed volby, v\u00a0nich\u017e bude t\u011b\u017eit z\u00a0tot\u00e1ln\u00ed propad\u00e1ku P\u011btikoalice, kter\u00e1 si v\u0161ak stihne je\u0161t\u011b rozdat plno funkc\u00ed. Rozprodej \u010cesk\u00e9 po\u0161ty je pot\u00e9 zdrojem pen\u011bz, kter\u00e9 budou nav\u017edy chyb\u011bt. Podobn\u011b drancov\u00e1n\u00ed st\u00e1tn\u00edho rozpo\u010dtu. Po n\u00e1s potopa. Asi tak vypad\u00e1 vl\u00e1dnut\u00ed P\u011btikoalice.<\/p>\n<p><a href=\"https:\/\/www.inadhled.live\/uvaha-dne\/fiala-cestuje-po-asii-\/\">Jind\u0159ich Kulhav\u00fd<\/a><\/p>\n<p><img decoding=\"async\" loading=\"lazy\" class=\"alignnone size-medium wp-image-22653\" src=\"http:\/\/www.infokuryr.cz\/n\/wp-content\/uploads\/2023\/02\/jindra-kulhavy-221x300.jpg\" alt=\"\" width=\"221\" height=\"300\" srcset=\"https:\/\/www.infokuryr.cz\/n\/wp-content\/uploads\/2023\/02\/jindra-kulhavy-221x300.jpg 221w, https:\/\/www.infokuryr.cz\/n\/wp-content\/uploads\/2023\/02\/jindra-kulhavy.jpg 311w\" sizes=\"(max-width: 221px) 100vw, 221px\" \/><\/p>\n<p>_____________________<\/p>\n<\/div>\n<p>&nbsp;<\/p>\n<p>&nbsp;<\/p>\n<p><img decoding=\"async\" loading=\"lazy\" class=\"wp-image-19187 aligncenter\" src=\"http:\/\/www.infokuryr.cz\/n\/wp-content\/uploads\/2022\/12\/1-PRO-300x36.jpg\" alt=\"\" width=\"1267\" height=\"152\" srcset=\"https:\/\/www.infokuryr.cz\/n\/wp-content\/uploads\/2022\/12\/1-PRO-300x36.jpg 300w, https:\/\/www.infokuryr.cz\/n\/wp-content\/uploads\/2022\/12\/1-PRO.jpg 699w\" sizes=\"(max-width: 1267px) 100vw, 1267px\" \/><\/p>\n<p>&nbsp;<\/p>\n<p>&nbsp;<\/p>\n","protected":false},"excerpt":{"rendered":"<p>\u00a0\u2026,Pekarov\u00e1 Adamov\u00e1 s\u00a0Vystr\u010dilem z\u00edsk\u00e1vaj\u00ed z\u00a0rukou nejv\u011bt\u0161\u00edho komika ukrajinsk\u00e9 vyznamen\u00e1n\u00ed a \u010desk\u00e1 ekonomika pad\u00e1 dol\u016f. K\u00a0\u010demu&#8230;<\/p>\n","protected":false},"author":2,"featured_media":26873,"comment_status":"closed","ping_status":"closed","sticky":false,"template":"","format":"standard","meta":[],"categories":[6],"tags":[59,1497,29,122],"_links":{"self":[{"href":"https:\/\/www.infokuryr.cz\/n\/wp-json\/wp\/v2\/posts\/26872"}],"collection":[{"href":"https:\/\/www.infokuryr.cz\/n\/wp-json\/wp\/v2\/posts"}],"about":[{"href":"https:\/\/www.infokuryr.cz\/n\/wp-json\/wp\/v2\/types\/post"}],"author":[{"embeddable":true,"href":"https:\/\/www.infokuryr.cz\/n\/wp-json\/wp\/v2\/users\/2"}],"replies":[{"embeddable":true,"href":"https:\/\/www.infokuryr.cz\/n\/wp-json\/wp\/v2\/comments?post=26872"}],"version-history":[{"count":1,"href":"https:\/\/www.infokuryr.cz\/n\/wp-json\/wp\/v2\/posts\/26872\/revisions"}],"predecessor-version":[{"id":26874,"href":"https:\/\/www.infokuryr.cz\/n\/wp-json\/wp\/v2\/posts\/26872\/revisions\/26874"}],"wp:featuredmedia":[{"embeddable":true,"href":"https:\/\/www.infokuryr.cz\/n\/wp-json\/wp\/v2\/media\/26873"}],"wp:attachment":[{"href":"https:\/\/www.infokuryr.cz\/n\/wp-json\/wp\/v2\/media?parent=26872"}],"wp:term":[{"taxonomy":"category","embeddable":true,"href":"https:\/\/www.infokuryr.cz\/n\/wp-json\/wp\/v2\/categories?post=26872"},{"taxonomy":"post_tag","embeddable":true,"href":"https:\/\/www.infokuryr.cz\/n\/wp-json\/wp\/v2\/tags?post=26872"}],"curies":[{"name":"wp","href":"https:\/\/api.w.org\/{rel}","templated":true}]}}