{"id":26869,"date":"2023-04-26T01:05:47","date_gmt":"2023-04-25T23:05:47","guid":{"rendered":"http:\/\/www.infokuryr.cz\/n\/?p=26869"},"modified":"2023-04-25T15:22:51","modified_gmt":"2023-04-25T13:22:51","slug":"neobtezujte-s-ukrajinskym-obilim-dezolati-i-rakovina-se-uz-da-lecit-tak-o-co-vam-jde","status":"publish","type":"post","link":"https:\/\/www.infokuryr.cz\/n\/2023\/04\/26\/neobtezujte-s-ukrajinskym-obilim-dezolati-i-rakovina-se-uz-da-lecit-tak-o-co-vam-jde\/","title":{"rendered":"Neobt\u011b\u017eujte s ukrajinsk\u00fdm obil\u00edm dezol\u00e1ti! I rakovina se u\u017e d\u00e1 l\u00e9\u010dit! Tak o co v\u00e1m jde?"},"content":{"rendered":"<div id=\"fb-root\"><\/div>\n<div class=\"introtext\">\n<p><strong>Mnoho (<em>ve skute\u010dnosti n\u011bkolik provl\u00e1dn\u00edch<\/em>) lid\u00ed nech\u00e1pe, pro\u010d se tak b\u011bsn\u00ed nad ukrajinsk\u00fdm obil\u00edm, jako kdyby rakovina byla n\u011bco hrozn\u00e9ho. S\u00e1m V\u00e1lek \u0159\u00edk\u00e1, \u017ee putovn\u00ed l\u00e9ky pro \u010ceskou republiku n\u011bkdy doraz\u00ed. Jste jenom otravn\u00ed dezol\u00e1ti!<\/strong><\/p>\n<\/div>\n<div class=\"fulltext\">\n<p>Co jako m\u00e1 bejt, \u017ee m\u016f\u017eete dostat z ukrajinsk\u00fdch potravin rakovinu \u010di jin\u00e9 z\u00e1va\u017en\u00e9 nemoci? Co v\u00e1m na tom tak vad\u00ed?<\/p>\n<p>Dnes i V\u00e1lek \u0159\u00edk\u00e1, \u017ee rakovinu si vyl\u00e9\u010d\u00ed daleko v\u00edc lid\u00ed, ne\u017e p\u0159ed pades\u00e1ti l\u00e9ty a nyn\u00ed n\u011bjak\u00fd dezol\u00e1t dezinform\u00e1tor zase vyd\u00e1v\u00e1 popla\u0161nou zpr\u00e1vu, \u017ee p\u0159\u00edpadn\u00e1 rakovina&#8230;<\/p>\n<p><span style=\"font-size: 18pt;\"><strong>Pr\u00fd, \u017ee u n\u00e1s to m\u00e1me pod kontrolou: kl\u00eddek. A v\u00fdsledek? Bude za \u010dtrn\u00e1ct dn\u00ed! Tak\u017ee my to sn\u00edme a pak n\u00e1m \u0159eknou, co jsme sn\u011bdli?<\/strong><\/span><\/p>\n<table>\n<tbody>\n<tr>\n<td><span class=\"yt-core-attributed-string yt-core-attributed-string--white-space-pre-wrap\">Ministr zem\u011bd\u011blstv\u00ed Zden\u011bk Nekula (KDU-\u010cSL) by m\u011bl vystoupit a p\u0159edlo\u017eit jasn\u00e9 d\u016fkazy, \u017ee tu nen\u00ed riziko ohledn\u011b ohro\u017een\u00ed zdrav\u00ed na\u0161ich ob\u010dan\u016f. V po\u0159adu Nov\u00fd den na CNN Prima NEWS to uvedla \u0161\u00e9fka poslaneck\u00e9ho klubu ANO Alena Schillerov\u00e1. \u010cesk\u00e1 vl\u00e1da na rozd\u00edl od jin\u00fdch evropsk\u00fdch zem\u00ed nevid\u00ed d\u016fvod k z\u00e1kazu dovozu ukrajinsk\u00e9ho obil\u00ed. <strong>Podle Nekuly toti\u017e d\u016fkladn\u00e9 kontroly dozorov\u00fdch \u00fa\u0159ad\u016f nena\u0161ly nevyhovuj\u00edc\u00ed vzorek.<\/strong><\/span><\/td>\n<\/tr>\n<\/tbody>\n<\/table>\n<p><strong>A toto je skute\u010dn\u00e9 zv\u011brstvo: pod\u00edvejte na datum! Ten dareb\u00e1k k\u0159es\u0165an<\/strong>\u00a0Nekula tvrd\u00ed, \u017ee je to v po\u0159\u00e1dku? A KDU-\u010cSL Jure\u010dka tak\u00e9 st\u00e1le ml\u010d\u00ed?<\/p>\n<p><span style=\"font-size: 18pt;\"><strong>A ministr zhroucen\u00e9ho zdravotnictv\u00ed V\u00e1lek tak\u00e9 ml\u010d\u00ed?<\/strong><\/span><\/p>\n<p><img decoding=\"async\" loading=\"lazy\" class=\"aligncenter\" src=\"https:\/\/www.skrytapravda.cz\/images\/blogy\/805\/2023\/4duben\/ukr_obil%C3%AD_5c4ca.webp\" alt=\"ukr obil\u00ed 5c4ca\" width=\"718\" height=\"1135\" \/><\/p>\n<p>&nbsp;<\/p>\n<p><strong>Jan Veleba<\/strong><\/p>\n<p>\u201eMykotoxiny zasahuj\u00ed, respektive jejich c\u00edlov\u00fdmi org\u00e1ny jsou j\u00e1tra, ledviny, pl\u00edce, endokrinn\u00ed \u017el\u00e1zy a bu\u0148ky imunitn\u00edho syst\u00e9mu, mohou m\u00edt karcinogenn\u00ed \u00fa\u010dinky,\u201c uv\u00e1d\u00ed. Ukrajinsk\u00e1 p\u0161enice dle Veleby \u201eskon\u010dila v Polsku u nenasytn\u00fdch p\u0159ekupn\u00edk\u016f, od nich \u0161la do ml\u00fdn\u016f, kde mouku z n\u00ed vyrobenou p\u0159im\u00edch\u00e1vali v pom\u011bru 1 : 2 a\u017e 1 : 3\u201c.<\/p>\n<p>D\u011blo se to dlouh\u00e9 m\u011bs\u00edce a pou\u017e\u00edvalo se k tomu tzv. \u201etechnick\u00e9 obil\u00ed\u201c, je\u017e se na hranic\u00edch nekontroluje, neberou se z n\u011bho vzorky. Po vypuknut\u00ed skand\u00e1lu, jeho\u017e v\u00fdsledkem je s v\u00fdjimkou \u010cR z\u00e1kaz dovozu ukrajinsk\u00e9ho obil\u00ed do zem\u00ed EU, se podle polsk\u00e9ho tisku takto choval, podv\u00e1d\u011bl ka\u017ed\u00fd druh\u00fd dovozce takov\u00e9ho \u201etechnick\u00e9ho obil\u00ed\u201c. Jako takov\u00e9 nen\u00ed ur\u010den\u00e9 ke konzumaci do pek\u00e1rensk\u00fdch v\u00fdrobk\u016f, ale zm\u011bnou doklad\u016f se j\u00edm stalo. Samoz\u0159ejm\u011b obil\u00ed bez cla, d\u00e1l zlevn\u011bn\u00e9 ozna\u010den\u00edm za technick\u00e9 a uveden\u00e9 do pek\u00e1rensk\u00fdch v\u00fdrobk\u016f, kter\u00e9 jakoby byly vyrobeny z drah\u00e9ho obil\u00ed polsk\u00e9ho nebo i \u010desk\u00e9ho \u010di dal\u0161\u00ed zem\u011b EU, jeho\u017e cenu ur\u010duje burza. Tak to mus\u00ed b\u00fdt r\u00e1j pro cel\u00fd \u0159et\u011bzec dovozc\u016f, p\u0159ekupn\u00edk\u016f, kter\u00fd se nezastavil v Polsku.<\/p>\n<p><span style=\"font-size: 18pt;\"><strong>Tam to ale nebyl r\u00e1j pro ministra zem\u011bd\u011blstv\u00ed Henryka Kowalczyka, kter\u00fd byl po mohutn\u00fdch demonstrac\u00edch donucen podat demisi a dodnes to nen\u00ed r\u00e1j pro polsk\u00e9 zem\u011bd\u011blce a u n\u00e1s to nebude r\u00e1j pro v\u00e1s pane minist\u0159e Nekulo.<\/strong><\/span><\/p>\n<p>V\u00e1\u017en\u011b ti zlo\u010dinci v po\u010dtu 108 plus vl\u00e1da n\u00e1s mohou t\u0159eba i zab\u00edjet a maj\u00ed na to pr\u00e1vo? Je jich p\u0159ece 108! Pro\u010d to ned\u00e1vaj\u00ed humanit\u00e1rn\u011b ukrajinsk\u00fdm d\u011btem a mamink\u00e1m v \u010cesk\u00e9 republice a byl by klid?<\/p>\n<p><a href=\"https:\/\/www.skrytapravda.cz\/z-domova\/1193-neobtezujte-s-ukrajinskym-obilim-dezolati-i-rakovina-se-uz-da-lecit-tak-o-co-vam-jde\">Petr Pokorn\u00fd<\/a><\/p>\n<\/div>\n<p>&nbsp;<\/p>\n<p>&nbsp;<\/p>\n<p><img decoding=\"async\" loading=\"lazy\" class=\"wp-image-19187 aligncenter\" src=\"http:\/\/www.infokuryr.cz\/n\/wp-content\/uploads\/2022\/12\/1-PRO-300x36.jpg\" alt=\"\" width=\"1242\" height=\"149\" srcset=\"https:\/\/www.infokuryr.cz\/n\/wp-content\/uploads\/2022\/12\/1-PRO-300x36.jpg 300w, https:\/\/www.infokuryr.cz\/n\/wp-content\/uploads\/2022\/12\/1-PRO.jpg 699w\" sizes=\"(max-width: 1242px) 100vw, 1242px\" \/><\/p>\n<p>&nbsp;<\/p>\n<p>&nbsp;<\/p>\n","protected":false},"excerpt":{"rendered":"<p>Mnoho (ve skute\u010dnosti n\u011bkolik provl\u00e1dn\u00edch) lid\u00ed nech\u00e1pe, pro\u010d se tak b\u011bsn\u00ed nad ukrajinsk\u00fdm obil\u00edm, jako&#8230;<\/p>\n","protected":false},"author":2,"featured_media":26870,"comment_status":"closed","ping_status":"closed","sticky":false,"template":"","format":"standard","meta":[],"categories":[6],"tags":[4819,2023,26,21],"_links":{"self":[{"href":"https:\/\/www.infokuryr.cz\/n\/wp-json\/wp\/v2\/posts\/26869"}],"collection":[{"href":"https:\/\/www.infokuryr.cz\/n\/wp-json\/wp\/v2\/posts"}],"about":[{"href":"https:\/\/www.infokuryr.cz\/n\/wp-json\/wp\/v2\/types\/post"}],"author":[{"embeddable":true,"href":"https:\/\/www.infokuryr.cz\/n\/wp-json\/wp\/v2\/users\/2"}],"replies":[{"embeddable":true,"href":"https:\/\/www.infokuryr.cz\/n\/wp-json\/wp\/v2\/comments?post=26869"}],"version-history":[{"count":1,"href":"https:\/\/www.infokuryr.cz\/n\/wp-json\/wp\/v2\/posts\/26869\/revisions"}],"predecessor-version":[{"id":26871,"href":"https:\/\/www.infokuryr.cz\/n\/wp-json\/wp\/v2\/posts\/26869\/revisions\/26871"}],"wp:featuredmedia":[{"embeddable":true,"href":"https:\/\/www.infokuryr.cz\/n\/wp-json\/wp\/v2\/media\/26870"}],"wp:attachment":[{"href":"https:\/\/www.infokuryr.cz\/n\/wp-json\/wp\/v2\/media?parent=26869"}],"wp:term":[{"taxonomy":"category","embeddable":true,"href":"https:\/\/www.infokuryr.cz\/n\/wp-json\/wp\/v2\/categories?post=26869"},{"taxonomy":"post_tag","embeddable":true,"href":"https:\/\/www.infokuryr.cz\/n\/wp-json\/wp\/v2\/tags?post=26869"}],"curies":[{"name":"wp","href":"https:\/\/api.w.org\/{rel}","templated":true}]}}