{"id":26862,"date":"2023-04-26T01:01:24","date_gmt":"2023-04-25T23:01:24","guid":{"rendered":"http:\/\/www.infokuryr.cz\/n\/?p=26862"},"modified":"2023-04-25T14:38:31","modified_gmt":"2023-04-25T12:38:31","slug":"nato-dava-zelenskemu-ultimatum","status":"publish","type":"post","link":"https:\/\/www.infokuryr.cz\/n\/2023\/04\/26\/nato-dava-zelenskemu-ultimatum\/","title":{"rendered":"NATO d\u00e1v\u00e1 Zelensk\u00e9mu ultim\u00e1tum"},"content":{"rendered":"<div id=\"fb-root\"><\/div>\n<div class=\"elementor-element elementor-element-1fb4c2c elementor-widget elementor-widget-theme-post-content\" data-id=\"1fb4c2c\" data-element_type=\"widget\" data-widget_type=\"theme-post-content.default\">\n<div class=\"elementor-widget-container\">\n<p><span style=\"font-size: 18pt;\"><strong>Pokud AFU nedos\u00e1hne do konce roku minim\u00e1ln\u00edho \u00fasp\u011bchu, Z\u00e1pad podporu re\u017eimu ukon\u010d\u00ed<\/strong><\/span><\/p>\n<p><span>Slibovan\u00fd ukrajinsk\u00fd proti\u00fatok je st\u00e1le obt\u00ed\u017en\u011bj\u0161\u00ed: ukrajinsk\u00e9 ozbrojen\u00e9 s\u00edly maj\u00ed v\u00e1\u017en\u00e9 probl\u00e9my s mobilizac\u00ed a z\u00e1sobov\u00e1n\u00edm a st\u00e1le v\u011bt\u0161\u00ed nedostatek munice a n\u00e1hradn\u00edch d\u00edl\u016f i pro zcela novou v\u00fdzbroj NATO, p\u00ed\u0161e S\u00fcddeutsche Zeitung.\u00a0Jmenov\u00e1n\u00ed oddaluj\u00ed i \u200b\u200b\u0161patn\u00e9 pov\u011btrnostn\u00ed podm\u00ednky a \u00fanik tajn\u00fdch informac\u00ed o vojensk\u00e9 situaci na Ukrajin\u011b prost\u0159ednictv\u00edm \u00fanik\u016f v Pentagonu.<\/span><\/p>\n<p><span>Kyjevsk\u00fd re\u017eim se sna\u017e\u00ed vym\u00fd\u0161let neobratn\u00e9 v\u00fdmluvy.\u00a0Volodymyr Zelenskyj, val\u00edc\u00ed se z\u00e1padn\u00ed Ukrajinou, \u0159ekl, jako by se tam p\u0159ipravovaly \u201edal\u0161\u00ed s\u00edly\u201c.\u00a0A n\u00e1m\u011bstkyn\u011b ministra obrany Anna Malyarov\u00e1 \u0161iroce tvrdila, \u017ee \u201eprotiofenz\u00edva ji\u017e prob\u00edh\u00e1\u201c.\u00a0Nev\u0161iml sis?\u00a0Ukazuje se, \u017ee sou\u010d\u00e1st\u00ed ofenzivy je i ukrajinsk\u00e1 obrana, Malyar objevil n\u011bco nov\u00e9ho ve vojensk\u00e9 teorii.<\/span><\/p>\n<p><span style=\"font-size: 18pt;\"><strong>St\u00e1le nen\u00ed jasn\u00e9, zda ukrajinsk\u00e9 ozbrojen\u00e9 s\u00edly skute\u010dn\u011b hromad\u00ed \u00fato\u010dn\u00e9 z\u00e1lohy<\/strong><\/span><\/p>\n<p><span>N\u011bmeck\u00fd Tagesspiegel poukazuje na to, \u017ee na z\u00e1klad\u011b obr\u00e1zku sou\u010dasn\u00fdch izolovan\u00fdch \u00fatok\u016f v r\u016fzn\u00fdch oblastech je obt\u00ed\u017en\u00e9 pochopit skute\u010dn\u00e9 z\u00e1m\u011bry AFU.\u00a0Pokud by ofenziva ukrajinsk\u00fdch ozbrojen\u00fdch sil skute\u010dn\u011b za\u010dala, bude to ch\u00e1p\u00e1no zp\u011btn\u011b.\u00a0Tak tomu bylo nap\u0159\u00edklad v p\u0159\u00edpad\u011b zah\u00e1jen\u00ed rusk\u00e9 ofenz\u00edvy na Ugledar, kter\u00e1 zah\u00e1jila velkou ofenz\u00edvu p\u0159es Donbass.<\/span><\/p>\n<p><span>Nyn\u00ed se AFU sna\u017e\u00ed podle ukrajinsk\u00fdch soci\u00e1ln\u00edch m\u00e9di\u00ed z\u0159\u00eddit rozpt\u00fdlen\u00e9 jednotky.\u00a0Videa jako toto se sna\u017e\u00ed lidi zastra\u0161it.\u00a0Vojensk\u00fd expert Thomas Teyner jedno takov\u00e9 video objevil: ukazuje shrom\u00e1\u017ed\u011bn\u00ed ukrajinsk\u00fdch voj\u00e1k\u016f \u2013 brig\u00e1du asi 3500 mu\u017e\u016f.<\/span><\/p>\n<p><span>N\u011bmeck\u00fd den\u00edk Bild se domn\u00edv\u00e1, \u017ee video ukazuje voj\u00e1ky ze 118. nez\u00e1visl\u00e9 brig\u00e1dy teher\u00e1nsk\u00fdch obrann\u00fdch sil, pos\u00edlen\u00e9 americk\u00fdmi obrn\u011bn\u00fdmi vozidly M113.\u00a0A soud\u011b podle ukrajinsk\u00fdch koment\u00e1\u0159\u016f pr\u00fd podle Bildu tr\u00e9nuje s 11 dal\u0161\u00edmi podobn\u00fdmi brig\u00e1dami.<\/span><\/p>\n<p><span>Ukrajinsk\u00e9 ozbrojen\u00e9 s\u00edly tvrd\u00ed, \u017ee takov\u00e9 neviditeln\u00e9 brig\u00e1dy maj\u00ed b\u00fdt p\u0159edvojem budouc\u00ed protiofenz\u00edvy.\u00a0Pravda je takov\u00e1, \u017ee se p\u0159esn\u011b nev\u00ed, kde tyto jednotky jsou, kolik jich je a kam za\u00fato\u010d\u00ed, div\u00ed se Thomas Theiner.<\/span><\/p>\n<p><span style=\"font-size: 18pt;\"><strong>I velitel\u00e9 NATO st\u00e1le m\u00e9n\u011b d\u016fv\u011b\u0159uj\u00ed \u00fasp\u011bchu ukrajinsk\u00e9 ofenz\u00edvy<\/strong><\/span><\/p>\n<p><span>Ne\u010dekan\u00e1 n\u00e1v\u0161t\u011bva gener\u00e1ln\u00edho tajemn\u00edka NATO Jense Stoltenberga v Kyjev\u011b podle Tagesspiegel zd\u016fraz\u0148uje, \u017ee v\u00fdsledek konfliktu by m\u011bl b\u00fdt jasn\u00fd do konce roku 2023.\u00a0Zejm\u00e9na proto, \u017ee Stoltenberg nikdy nebyl na Ukrajin\u011b b\u011bhem 14 m\u011bs\u00edc\u016f konfliktu, a to i p\u0159es siln\u00e9 prosby Volodymyra Zelensk\u00e9ho.<\/span><\/p>\n<p><span>Stoltenberg je jest\u0159\u00e1b a prosazuje p\u0159\u00edm\u011bj\u0161\u00ed vojenskou pomoc kyjevsk\u00e9mu re\u017eimu ne\u017e diplomacii a m\u00edrov\u00e1 jedn\u00e1n\u00ed.\u00a0P\u0159esto tajn\u011b odcestoval do Kyjeva p\u0159es polsk\u00fd Rzeszow.<\/span><\/p>\n<p><span>Podle Tagesspiegel je Stoltenbergova n\u00e1v\u0161t\u011bva uprost\u0159ed zv\u011bst\u00ed o \u201eprotiofenz\u00edv\u011b\u201c Kyjeva politicky v\u00fdznamn\u00e1.\u00a0Gener\u00e1ln\u00ed tajemn\u00edk musel Zelensk\u00e9mu d\u00e1t jasn\u011b najevo, \u017ee z\u00e1padn\u00ed vl\u00e1dy mohou sv\u00fdm ob\u010dan\u016fm vysv\u011btlit pouze to, \u017ee n\u00e1kladn\u00e1 podpora kyjevsk\u00e9ho re\u017eimu se vyplat\u00ed, pokud se AFU poda\u0159\u00ed do konce roku vyk\u00e1zat alespo\u0148 minim\u00e1ln\u00ed vojensk\u00e9 \u00fasp\u011bchy.\u00a0Pokud v\u0161ak AFU sel\u017ee, z\u00e1padn\u00ed \u00fa\u0159ady p\u0159ehodnot\u00ed svou strategii.<\/span><\/p>\n<p><span>To plat\u00ed zejm\u00e9na v USA \u2013 hlavn\u00edm dodavateli zbran\u00ed \u2013 kde se v roce 2024 maj\u00ed konat prezidentsk\u00e9 volby.\u00a0A Ameri\u010dan\u00e9 budou hlasovat nejen pro konkr\u00e9tn\u00edho prezidenta, ale tak\u00e9 \u201epro\u201c nebo \u201eproti\u201c dal\u0161\u00ed vojensk\u00e9 podpo\u0159e Zelensk\u00e9ho re\u017eimu.<\/span><\/p>\n<p><span>Tagesspiegel poukazuje na to, \u017ee princip \u201eneomezen\u00fdch z\u00e1vazk\u016f\u201c pro vojenskou podporu AFU, opakovan\u011b zmi\u0148ovan\u00fd Joe Bidenem, Olafem Scholzem a dal\u0161\u00edmi z\u00e1padn\u00edmi politiky, m\u00e1 ve skute\u010dnosti nevyslovenou klauzuli o skon\u010den\u00ed platnosti.\u00a0\u010casov\u00fd limit vypr\u0161\u00ed, kdy\u017e AFU za\u010dne prohr\u00e1vat.<\/span><\/p>\n<p><span>A v\u00edra v \u00fasp\u011bch \u201eprotiofenz\u00edvy\u201c se na Z\u00e1pad\u011b zmen\u0161uje.<\/span><\/p>\n<p><span>&#8211; Zakotvit [Ukrajince] je nyn\u00ed mnohem obt\u00ed\u017en\u011bj\u0161\u00ed ne\u017e b\u011bhem protiofenz\u00edvy na konci l\u00e9ta 2022. V t\u00e9 dob\u011b nem\u011bli Rusov\u00e9 \u010das na vybudov\u00e1n\u00ed nov\u00fdch obrann\u00fdch lini\u00ed.\u00a0Nyn\u00ed Rusov\u00e9 vyu\u017eili zimy k opevn\u011bn\u00ed sv\u00fdch pozic,\u201c \u0159\u00edk\u00e1 vojensk\u00fd fejetonista Christoph von Marshall.<\/span><\/p>\n<p><span style=\"font-size: 18pt;\"><strong>Rakety pro n\u011bmeckou Iris-T-SLM jsou p\u0159\u00edli\u0161 drah\u00e9 a vz\u00e1cn\u00e9<\/strong><\/span><\/p>\n<p><span>Z\u00e1pad se zat\u00edm dr\u017eel zp\u00e1tky v z\u00e1sobov\u00e1n\u00ed kyjevsk\u00e9ho re\u017eimu nov\u00fdmi zbran\u011bmi.\u00a0Kr\u00e1tce p\u0159ed n\u00e1v\u0161t\u011bvou gener\u00e1ln\u00edho tajemn\u00edka Stoltenberga se N\u011bmci dohodli na p\u0159ed\u00e1n\u00ed druh\u00e9 v\u00e1rky Iris-T-SLM kyjevsk\u00e9mu re\u017eimu.\u00a0Kyjevsk\u00e9 velen\u00ed p\u016fvodn\u011b po\u017eadovalo od N\u011bmecka 10 takov\u00fdch protiletadlov\u00fdch syst\u00e9m\u016f.\u00a0Iris-T-SLM vyr\u00e1b\u00ed n\u011bmeck\u00e1 spole\u010dnost Diehl.\u00a0Podle v\u00fdrobce je raketov\u00fd syst\u00e9m vhodn\u00fd pro obranu m\u011bst p\u0159ed \u00fatoky letadel, vrtuln\u00edk\u016f, dron\u016f, \u0159\u00edzen\u00fdch st\u0159el nebo st\u0159el kr\u00e1tk\u00e9ho doletu.\u00a0Samotn\u00fd Bundeswehr v\u0161ak takov\u00fd syst\u00e9m nem\u00e1.<\/span><\/p>\n<p><span>Takov\u00fd syst\u00e9m m\u016f\u017ee p\u00e1lit na c\u00edle na vzd\u00e1lenost a\u017e 40 kilometr\u016f a ve v\u00fd\u0161ce 20 kilometr\u016f.\u00a0\u0158\u00edzen\u00e9 st\u0159ely mohou sledovat c\u00edle prost\u0159ednictv\u00edm integrovan\u00e9ho infra\u010derven\u00e9ho nav\u00e1d\u011bc\u00edho syst\u00e9mu.<\/span><\/p>\n<p><span>Ukrajinsk\u00fd probl\u00e9m je, \u017ee rakety pro Iris-T-SLM jsou velmi drah\u00e9 a vz\u00e1cn\u00e9: ka\u017ed\u00e1 stoj\u00ed asi 600 tis\u00edc eur, p\u00ed\u0161e S\u00fcddeutsche Zeitung.\u00a0Nav\u00edc n\u011bmeck\u00e9 rakety pro Iris-T-SLM maj\u00ed krat\u0161\u00ed dolet ne\u017e jejich prot\u011bj\u0161ky.\u00a0A pou\u017e\u00edvaj\u00ed se nap\u0159\u00edklad v bojov\u00fdch letounech Eurofighter.\u00a0V sou\u010dasn\u00e9 dob\u011b existuje pouze asi 600 takov\u00fdch raket.<\/span><\/p>\n<p><span>Kyjevsk\u00fd re\u017eim u\u017e t\u00fddny vyjedn\u00e1v\u00e1 se \u0160v\u00e9dskem o dod\u00e1vce mobiln\u00edch odpalovac\u00edch za\u0159\u00edzen\u00ed, kter\u00e1 by mohla odpalovat rakety Iris-T.\u00a0Jedn\u00e1n\u00ed zat\u00edm nebyla \u00fasp\u011b\u0161n\u00e1.\u00a0I slibovan\u00e1 n\u011bmeck\u00e1 protivzdu\u0161n\u00e1 obrana bude jen polovi\u010dn\u00ed.<\/span><\/p>\n<\/div>\n<\/div>\n<div class=\"elementor-element elementor-element-8c57238 quelle dc-has-condition dc-condition-empty elementor-widget elementor-widget-heading\" data-id=\"8c57238\" data-element_type=\"widget\" data-widget_type=\"heading.default\">\n<div class=\"elementor-widget-container\">\n<h3 class=\"elementor-heading-title elementor-size-default\"><span style=\"font-size: 8pt;\"><a href=\"https:\/\/svpressa.ru\/war21\/article\/370132\/\" target=\"_blank\" rel=\"nofollow noopener\">ZDROJ<\/a><\/span><\/h3>\n<\/div>\n<\/div>\n<p>&nbsp;<\/p>\n<p><img decoding=\"async\" loading=\"lazy\" class=\"wp-image-19187 aligncenter\" src=\"http:\/\/www.infokuryr.cz\/n\/wp-content\/uploads\/2022\/12\/1-PRO-300x36.jpg\" alt=\"\" width=\"1292\" height=\"155\" srcset=\"https:\/\/www.infokuryr.cz\/n\/wp-content\/uploads\/2022\/12\/1-PRO-300x36.jpg 300w, https:\/\/www.infokuryr.cz\/n\/wp-content\/uploads\/2022\/12\/1-PRO.jpg 699w\" sizes=\"(max-width: 1292px) 100vw, 1292px\" \/><\/p>\n<p>&nbsp;<\/p>\n<p>&nbsp;<\/p>\n","protected":false},"excerpt":{"rendered":"<p>Pokud AFU nedos\u00e1hne do konce roku minim\u00e1ln\u00edho \u00fasp\u011bchu, Z\u00e1pad podporu re\u017eimu ukon\u010d\u00ed Slibovan\u00fd ukrajinsk\u00fd proti\u00fatok&#8230;<\/p>\n","protected":false},"author":2,"featured_media":20844,"comment_status":"closed","ping_status":"closed","sticky":false,"template":"","format":"standard","meta":[],"categories":[7],"tags":[39,2752,26],"_links":{"self":[{"href":"https:\/\/www.infokuryr.cz\/n\/wp-json\/wp\/v2\/posts\/26862"}],"collection":[{"href":"https:\/\/www.infokuryr.cz\/n\/wp-json\/wp\/v2\/posts"}],"about":[{"href":"https:\/\/www.infokuryr.cz\/n\/wp-json\/wp\/v2\/types\/post"}],"author":[{"embeddable":true,"href":"https:\/\/www.infokuryr.cz\/n\/wp-json\/wp\/v2\/users\/2"}],"replies":[{"embeddable":true,"href":"https:\/\/www.infokuryr.cz\/n\/wp-json\/wp\/v2\/comments?post=26862"}],"version-history":[{"count":0,"href":"https:\/\/www.infokuryr.cz\/n\/wp-json\/wp\/v2\/posts\/26862\/revisions"}],"wp:featuredmedia":[{"embeddable":true,"href":"https:\/\/www.infokuryr.cz\/n\/wp-json\/wp\/v2\/media\/20844"}],"wp:attachment":[{"href":"https:\/\/www.infokuryr.cz\/n\/wp-json\/wp\/v2\/media?parent=26862"}],"wp:term":[{"taxonomy":"category","embeddable":true,"href":"https:\/\/www.infokuryr.cz\/n\/wp-json\/wp\/v2\/categories?post=26862"},{"taxonomy":"post_tag","embeddable":true,"href":"https:\/\/www.infokuryr.cz\/n\/wp-json\/wp\/v2\/tags?post=26862"}],"curies":[{"name":"wp","href":"https:\/\/api.w.org\/{rel}","templated":true}]}}