{"id":26861,"date":"2023-04-26T01:00:43","date_gmt":"2023-04-25T23:00:43","guid":{"rendered":"http:\/\/www.infokuryr.cz\/n\/?p=26861"},"modified":"2023-04-25T14:33:37","modified_gmt":"2023-04-25T12:33:37","slug":"ukrajina-dostala-varovani-od-usa-ve-stylu-afghanistanu","status":"publish","type":"post","link":"https:\/\/www.infokuryr.cz\/n\/2023\/04\/26\/ukrajina-dostala-varovani-od-usa-ve-stylu-afghanistanu\/","title":{"rendered":"Ukrajina dostala varov\u00e1n\u00ed od USA ve stylu Afgh\u00e1nist\u00e1nu"},"content":{"rendered":"<div id=\"fb-root\"><\/div>\n<p><span style=\"font-size: 18pt;\"><strong>Washington \u00fadajn\u011b doru\u010dil Kyjevu stejn\u00fd druh zpr\u00e1vy, jak\u00fd poslal do K\u00e1bulu p\u0159ed sta\u017een\u00edm v roce 2021\u00a0<\/strong><\/span><\/p>\n<p><span>B\u00edl\u00fd d\u016fm dal Ukrajin\u011b stejn\u00e9 varov\u00e1n\u00ed, jak\u00e9 vydal re\u017eimu v Afgh\u00e1nist\u00e1nu podporovan\u00e9m USA v roce 2021,\u00a0<\/span><a href=\"https:\/\/www.politico.com\/news\/2023\/04\/24\/biden-ukraine-russia-counteroffensive-defense-00093384\" target=\"_blank\" rel=\"noopener noreferrer\"><span>uvedlo<\/span><\/a><span>\u00a0v pond\u011bl\u00ed Politico s odvol\u00e1n\u00edm na anonymn\u00ed zdroje z administrativy prezidenta Joea Bidena.<\/span><\/p>\n<p><span>Podle den\u00edku Washington vyzval Kyjev, aby sv\u00e9 jednotky p\u0159\u00edli\u0161 neroz\u0161i\u0159oval a nep\u0159eh\u00e1n\u011bl sv\u00e9 ambice.\u00a0To je to, co Biden \u00fadajn\u011b \u0159ekl afgh\u00e1nsk\u00e9mu prezidentovi Ashrafu Ghanimu v ur\u010dit\u00e9m okam\u017eiku, ne\u017e se USA st\u00e1hly z Afgh\u00e1nist\u00e1nu a Taliban p\u0159evzal vl\u00e1du nad zem\u00ed.<\/span><\/p>\n<p><span>Varov\u00e1n\u00ed p\u0159i\u0161lo v souvislosti s obavami USA, \u017ee\u00a0<\/span><em><span>\u201ev\u017edy hroz\u00edc\u00ed protiofenz\u00edva\u201c<\/span><\/em><span>\u00a0kyjevsk\u00fdch sil by mohla daleko zaostat za o\u010dek\u00e1v\u00e1n\u00edm a nechat Bidena otev\u0159en\u00e9ho kritice ze strany jest\u0159\u00e1b\u016f i holubic doma i v Evrop\u011b.<\/span><\/p>\n<p><span>Politico p\u016fvodn\u011b informovalo, \u017ee Ukrajina za posledn\u00edch 14 m\u011bs\u00edc\u016f utrp\u011bla 100 000 zabit\u00fdch voj\u00e1k\u016f, pozd\u011bji to upravilo tak, aby odkazovalo na celkov\u00e9 ob\u011bti, v\u010detn\u011b zran\u011bn\u00fdch a nezv\u011bstn\u00fdch.\u00a0Mnoho z nejvy\u0161\u0161\u00edch kyjevsk\u00fdch voj\u00e1k\u016f bylo\u00a0<\/span><em><span>\u201ebu\u010f odstaveno, nebo vy\u010derpan\u00fdch,\u201c<\/span><\/em><span>\u00a0uvedl port\u00e1l, proto\u017ee pro\u0161li\u00a0<\/span><em><span>\u201ehistorick\u00fdm mno\u017estv\u00edm\u201c zbran\u00ed a munice, s nimi\u017e ani\u00a0<\/span><\/em><em><span>\u201e\u00fa\u017easn\u00e1 produkce\u201c<\/span><\/em><span>\u00a0Z\u00e1padu\u00a0nedok\u00e1zala dr\u017eet krok.<\/span><\/p>\n<p><span>N\u011bkte\u0159\u00ed ameri\u010dt\u00ed p\u0159edstavitel\u00e9 \u00fadajn\u011b p\u0159edlo\u017eili my\u0161lenku vyjednan\u00e9ho p\u0159\u00edm\u011b\u0159\u00ed a nechali Kyjevu otev\u0159en\u00e9 dve\u0159e k obnoven\u00ed nep\u0159\u00e1telstv\u00ed po p\u0159ezbrojen\u00ed a zotaven\u00ed.<\/span><\/p>\n<p><span>Podle m\u00edrov\u00e9 dohody, kterou Biden\u016fv p\u0159edch\u016fdce Donald Trump uzav\u0159el s Talibanem, m\u011bly USA opustit Afgh\u00e1nist\u00e1n do kv\u011btna 2021.\u00a0Biden jednostrann\u011b oddaloval odjezd o n\u011bkolik m\u011bs\u00edc\u016f.\u00a0Kdy\u017e se ameri\u010dt\u00ed voj\u00e1ci za\u010dali stahovat, Biden i jeho pomocn\u00edci opakovan\u011b novin\u00e1\u0159\u016fm \u0159\u00edkali, \u017ee afgh\u00e1nsk\u00e9 vl\u00e1dn\u00ed s\u00edly jsou schopny zadr\u017eet Taliban alespo\u0148 n\u011bkolik m\u011bs\u00edc\u016f.<\/span><\/p>\n<p><span>Za\u010d\u00e1tkem tohoto m\u011bs\u00edce B\u00edl\u00fd d\u016fm vydal\u00a0<\/span><a href=\"https:\/\/www.rt.com\/news\/574330-white-house-blames-trump-afghan-withdrawal-chaos\/\"><span>zpr\u00e1vu,<\/span><\/a><span>\u00a0v n\u00ed\u017e ml\u010dky p\u0159ipustil, \u017ee s sta\u017een\u00edm se mnoho v\u011bc\u00ed pokazilo, ale v\u0161e p\u0159ipisuje Trumpovi a samotn\u00fdm Afgh\u00e1nc\u016fm.\u00a0<\/span><\/p>\n<p><em><span>&#8222;\u017d\u00e1dn\u00e1 agentura nep\u0159edpov\u011bd\u011bla, \u017ee Taliban p\u0159evezme vl\u00e1du do dev\u00edti dn\u016f,&#8220;<\/span><\/em><span>\u00a0\u0159ekl novin\u00e1\u0159\u016fm mluv\u010d\u00ed N\u00e1rodn\u00ed bezpe\u010dnostn\u00ed rady John Kirby.\u00a0<\/span><em><span>\u201e\u017d\u00e1dn\u00e1 agentura nep\u0159edpov\u011bd\u011bla rychl\u00fd \u00fat\u011bk prezidenta [A\u0161rafa] Ghan\u00edho&#8230; A \u017e\u00e1dn\u00e1 agentura nep\u0159edpov\u011bd\u011bla, \u017ee v\u00edce ne\u017e 300 000 vycvi\u010den\u00fdch a vybaven\u00fdch afgh\u00e1nsk\u00fdch n\u00e1rodn\u00edch bezpe\u010dnostn\u00edch a obrann\u00fdch sil sel\u017ee v boji za svou zemi, zvl\u00e1\u0161t\u011b po 20 letech americk\u00e9 podpory. \u201c<\/span><\/em><\/p>\n<p><span>Afgh\u00e1nsk\u00e1 arm\u00e1da vyzbrojen\u00e1 a financovan\u00e1 USA se bez v\u011bt\u0161\u00edho boje vzdala Talibanu a K\u00e1bul padl 15. srpna, ne\u017e se USA poda\u0159ilo dokon\u010dit evakuaci.\u00a0<\/span><\/p>\n<p><img decoding=\"async\" loading=\"lazy\" class=\"alignnone size-full wp-image-1185\" src=\"http:\/\/www.infokuryr.cz\/n\/wp-content\/uploads\/2021\/04\/kuryr-podpis.png\" alt=\"\" width=\"84\" height=\"24\" \/><\/p>\n<p>&nbsp;<\/p>\n<p>&nbsp;<\/p>\n<p><img decoding=\"async\" loading=\"lazy\" class=\"wp-image-19187 aligncenter\" src=\"http:\/\/www.infokuryr.cz\/n\/wp-content\/uploads\/2022\/12\/1-PRO-300x36.jpg\" alt=\"\" width=\"1283\" height=\"154\" srcset=\"https:\/\/www.infokuryr.cz\/n\/wp-content\/uploads\/2022\/12\/1-PRO-300x36.jpg 300w, https:\/\/www.infokuryr.cz\/n\/wp-content\/uploads\/2022\/12\/1-PRO.jpg 699w\" sizes=\"(max-width: 1283px) 100vw, 1283px\" \/><\/p>\n<p>&nbsp;<\/p>\n<p>&nbsp;<\/p>\n","protected":false},"excerpt":{"rendered":"<p>Washington \u00fadajn\u011b doru\u010dil Kyjevu stejn\u00fd druh zpr\u00e1vy, jak\u00fd poslal do K\u00e1bulu p\u0159ed sta\u017een\u00edm v roce&#8230;<\/p>\n","protected":false},"author":2,"featured_media":17513,"comment_status":"closed","ping_status":"closed","sticky":false,"template":"","format":"standard","meta":[],"categories":[7],"tags":[72,26,37,4433],"_links":{"self":[{"href":"https:\/\/www.infokuryr.cz\/n\/wp-json\/wp\/v2\/posts\/26861"}],"collection":[{"href":"https:\/\/www.infokuryr.cz\/n\/wp-json\/wp\/v2\/posts"}],"about":[{"href":"https:\/\/www.infokuryr.cz\/n\/wp-json\/wp\/v2\/types\/post"}],"author":[{"embeddable":true,"href":"https:\/\/www.infokuryr.cz\/n\/wp-json\/wp\/v2\/users\/2"}],"replies":[{"embeddable":true,"href":"https:\/\/www.infokuryr.cz\/n\/wp-json\/wp\/v2\/comments?post=26861"}],"version-history":[{"count":0,"href":"https:\/\/www.infokuryr.cz\/n\/wp-json\/wp\/v2\/posts\/26861\/revisions"}],"wp:featuredmedia":[{"embeddable":true,"href":"https:\/\/www.infokuryr.cz\/n\/wp-json\/wp\/v2\/media\/17513"}],"wp:attachment":[{"href":"https:\/\/www.infokuryr.cz\/n\/wp-json\/wp\/v2\/media?parent=26861"}],"wp:term":[{"taxonomy":"category","embeddable":true,"href":"https:\/\/www.infokuryr.cz\/n\/wp-json\/wp\/v2\/categories?post=26861"},{"taxonomy":"post_tag","embeddable":true,"href":"https:\/\/www.infokuryr.cz\/n\/wp-json\/wp\/v2\/tags?post=26861"}],"curies":[{"name":"wp","href":"https:\/\/api.w.org\/{rel}","templated":true}]}}