{"id":26854,"date":"2023-04-25T06:36:16","date_gmt":"2023-04-25T04:36:16","guid":{"rendered":"http:\/\/www.infokuryr.cz\/n\/?p=26854"},"modified":"2023-04-25T06:36:16","modified_gmt":"2023-04-25T04:36:16","slug":"facebook-oznacil-hershuv-vyzkum-vybuchu-nord-stream-za-hoax","status":"publish","type":"post","link":"https:\/\/www.infokuryr.cz\/n\/2023\/04\/25\/facebook-oznacil-hershuv-vyzkum-vybuchu-nord-stream-za-hoax\/","title":{"rendered":"Facebook ozna\u010dil Hersh\u016fv v\u00fdzkum v\u00fdbuchu Nord Stream za \u201ehoax\u201c"},"content":{"rendered":"<div id=\"fb-root\"><\/div>\n<p><span style=\"font-size: 14pt;\"><strong>Facebook ozna\u010dil v\u00fdzkum Seymoura Hershe ohledn\u011b v\u00fdbuchu americk\u00e9 vl\u00e1dy v Nord Streamu za \u201ehoax\u201c a omezuje dosah p\u0159\u00edsp\u011bvk\u016f obsahuj\u00edc\u00edch odkaz.\u00a0Zde uv\u00e1d\u00edm pozad\u00ed tohoto rozhodnut\u00ed.<\/strong><\/span><\/p>\n<p><span>Pokud chcete na Facebooku sd\u00edlet odkaz na prvn\u00ed\u00a0<\/span><a href=\"https:\/\/seymourhersh.substack.com\/p\/how-america-took-out-the-nord-stream\" target=\"_blank\" rel=\"noreferrer noopener\"><span>\u010dl\u00e1nek Seymoura Hershe z 8. \u00fanora 2023<\/span><\/a><span>\u00a0(\u00a0<\/span><a href=\"https:\/\/www.anti-spiegel.ru\/2023\/die-details-werden-bekannt-wie-die-usa-nord-stream-gesprengt-haben\/\" target=\"_blank\" rel=\"noreferrer noopener\"><span>zde najdete n\u011bmeck\u00fd p\u0159eklad<\/span><\/a><span>\u00a0) o v\u00fdbuchu Nord Stream americkou vl\u00e1dou, Facebook zobraz\u00ed tuto varovnou zpr\u00e1vu, na kterou se\u00a0<\/span><a href=\"https:\/\/www.faktisk.no\/artikler\/zw8np\/flere-feil-om-norsk-innblanding-i-nord-stream-sabotasjen\" target=\"_blank\" rel=\"noreferrer noopener\"><span>tato \u010cl\u00e1nek<\/span><\/a><span>\u00a0norsk\u00e9 \u201efact checker\u201c platformy faktisk je propojen.<\/span><\/p>\n<figure class=\"wp-block-image size-large\"><img decoding=\"async\" loading=\"lazy\" class=\"wp-image-30756 aligncenter\" src=\"https:\/\/www.anti-spiegel.ru\/wp-content\/uploads\/2023\/04\/facebook-hersh.png\" sizes=\"(max-width: 1030px) 100vw, 1030px\" srcset=\"https:\/\/www.anti-spiegel.ru\/wp-content\/uploads\/2023\/04\/facebook-hersh.png 1030w, https:\/\/www.anti-spiegel.ru\/wp-content\/uploads\/2023\/04\/facebook-hersh-768x432.png 768w\" alt=\"\" width=\"1030\" height=\"580\" \/><\/figure>\n<p><span>Abychom pochopili, co se za t\u00edmto upozorn\u011bn\u00edm na Facebooku skr\u00fdv\u00e1, mus\u00edme se pod\u00edvat na n\u011bkolik t\u00e9mat.\u00a0Nejprve mus\u00edme porozum\u011bt tomu, jak funguje \u201eov\u011b\u0159en\u00ed fakt\u016f\u201c na Facebooku, pak si mus\u00edme stru\u010dn\u011b p\u0159ipomenout st\u011b\u017eejn\u00ed tvrzen\u00ed Hershova v\u00fdzkumu a pak se mus\u00edme pod\u00edvat na fakta.\u00a0Nakonec se mus\u00edme kr\u00e1tce pod\u00edvat na p\u016fvod samotn\u00e9ho Facebooku.\u00a0Kdy\u017e jsme to v\u0161echno ud\u011blali, je jasn\u00e9, pro\u010d nen\u00ed p\u0159ekvapiv\u00e9, \u017ee faktisk v\u0161ech lid\u00ed promluvil a pro\u010d je zpr\u00e1va faktisk d\u016fvodem, aby Facebook reagoval varovnou zpr\u00e1vou pro ka\u017ed\u00e9ho, kdo si p\u0159e\u010dte Hersh\u016fv \u010dl\u00e1nek, kter\u00fd chce zve\u0159ejnit na Facebooku.<\/span><\/p>\n<p><span>Tak\u017ee to v\u0161echno te\u010f ud\u011bl\u00e1me popo\u0159ad\u011b.<\/span><\/p>\n<h3><span style=\"font-size: 18pt;\">&#8222;Fact Checker&#8220;: Ministerstvo pravdy na Facebooku<\/span><\/h3>\n<p><span>Samozvan\u00ed ov\u011b\u0159ovatel\u00e9 fakt\u016f se dnes stali nov\u00fdm ministerstvem pravdy, ur\u010duj\u00edc\u00edm, co je (\u00fadajn\u011b) pravda a co ne.\u00a0Ov\u011b\u0159ovatel\u00e9 fakt\u016f nejsou v \u017e\u00e1dn\u00e9m p\u0159\u00edpad\u011b nez\u00e1visl\u00ed, jak r\u00e1di tvrd\u00ed, ale jsou placeni vl\u00e1dami, nadacemi a korporacemi.\u00a0U\u017e jsem o tom mnohokr\u00e1t informoval, viz nap\u0159\u00edklad\u00a0<\/span><a href=\"https:\/\/www.anti-spiegel.ru\/2022\/die-macht-des-bill-gates-teil-4-gekaufte-faktenchecker\/\" target=\"_blank\" rel=\"noreferrer noopener\"><span>zde<\/span><\/a><span>\u00a0.<\/span><\/p>\n<p><span>Facebook se chlub\u00ed, \u017ee obsah kontroluj\u00ed \u201enez\u00e1visl\u00ed ov\u011b\u0159ovatel\u00e9 fakt\u016f\u201c a Facebook s t\u00edm nem\u00e1 nic spole\u010dn\u00e9ho.\u00a0Jednoduch\u00fd p\u0159\u00edklad ukazuje, pro\u010d je to problematick\u00e9.\u00a0Nap\u0159\u00edklad mnoho z\u00e1padn\u00edch tiskov\u00fdch agentur funguje jako \u201eov\u011b\u0159ova\u010de fakt\u016f\u201c na Facebooku.\u00a0Pokud n\u011bkdo u\u010din\u00ed tvrzen\u00ed, kter\u00e9 je v rozporu s t\u00edm, co tyto zpravodajsk\u00e9 zdroje uv\u00e1d\u011bj\u00ed, nen\u00ed t\u011b\u017ek\u00e9 uhodnout, jak\u00fd bude v\u00fdsledek \u201eov\u011b\u0159en\u00ed fakt\u016f\u201c tiskov\u00e9 agentury.\u00a0To znamen\u00e1, \u017ee u\u017e nem\u016f\u017ee b\u00fdt \u0159e\u010d o \u201enez\u00e1vislosti\u201c, pokud m\u016f\u017ee zpravodajsk\u00e1 agentura na Facebooku vystupovat jako soudce o pravdivosti sv\u00fdch vlastn\u00edch zpr\u00e1v.<\/span><\/p>\n<p><span>Existuj\u00ed ale i jin\u00e9 \u2013 \u00fadajn\u011b nez\u00e1visl\u00e9 \u2013 \u201eov\u011b\u0159ova\u010de fakt\u016f\u201c, jako je faktisk.<\/span><\/p>\n<p><span>Ve sv\u00e9 pr\u00e1ci jsem se hodn\u011b zab\u00fdval silou z\u00e1padn\u00edch nevl\u00e1dn\u00edch organizac\u00ed a nadac\u00ed.\u00a0Pot\u00e9, co jsem tomu v\u011bnoval tolik \u010dasu, zn\u00e1m i finan\u010dn\u00edky t\u011bchto samozvan\u00fdch str\u00e1\u017ec\u016f pravdy &#8211; a to je docela mal\u00e1 skupina mo\u017en\u00e1 20 nadac\u00ed (a samoz\u0159ejm\u011b internetov\u00fdch korporac\u00ed), z nich\u017e jednu nebo v\u00edce v \u010d\u00e1sti Naj\u00edt finan\u010dn\u00ed sponzory.<\/span><\/p>\n<p><span>M\u016f\u017eete se na to pod\u00edvat s ka\u017ed\u00fdm medi\u00e1ln\u011b uzn\u00e1van\u00fdm &#8222;fact checkerem&#8220; na sv\u011bt\u011b, a kdy\u017e se pod\u00edv\u00e1te na jejich finan\u010dn\u00edky, uvid\u00edte, \u017ee vznik\u00e1 skupina asi 20 nadac\u00ed (a samoz\u0159ejm\u011b internetov\u00fdch spole\u010dnost\u00ed), kter\u00e9 sv\u00fdmi finan\u010dn\u00edmi p\u0159\u00edsp\u011bvky aby zajistil, \u017ee str\u00e1\u017eci pravdy prohl\u00e1s\u00ed pravdu o tom, co si p\u0159eje p\u00e1r superbohat\u00fdch, kte\u0159\u00ed stoj\u00ed za z\u00e1klady.\u00a0Ka\u017ed\u00fd rok se v tom st\u0159\u00eddaj\u00ed a tuto hru lze pozorovat u v\u0161ech mezin\u00e1rodn\u00edch ov\u011b\u0159ovatel\u016f fakt\u016f, kter\u00e9 jsou citov\u00e1ny v hlavn\u00edm proudu: mezi jejich finan\u010dn\u00edky, vedle \u201emal\u00fdch\u201c n\u00e1rodn\u00edch organizac\u00ed, je v\u017edy stejn\u00fdch 20 velk\u00fdch mezin\u00e1rodn\u00edch d\u00e1rc\u016f.<\/span><\/p>\n<p><span>Aby to vypadalo je\u0161t\u011b v\u00e1\u017en\u011bji, existuje dokonce celosv\u011btov\u00e1 zast\u0159e\u0161uj\u00edc\u00ed organizace \u201efact checker\u016f\u201c.\u00a0V USA zalo\u017eily noviny na Florid\u011b ji\u017e v roce 1975 vlastn\u00ed \u201efact checker\u201c, tzv. Poynter\u016fv institut.\u00a0Dnes je to mocn\u00e1 organizace v kruhu samozvan\u00fdch str\u00e1\u017ec\u016f pravdy a v roce 2015 Poynter zalo\u017eil International Fact-Checking Network, kter\u00e1 tvrd\u00ed, \u017ee ud\u011bluje mezin\u00e1rodn\u00edm \u201efact-checker\u016fm\u201c vyznamen\u00e1n\u00ed.\u00a0Aktu\u00e1ln\u011b\u00a0<\/span><a href=\"https:\/\/www.poynter.org\/ifcn\/\" target=\"_blank\" rel=\"noreferrer noopener\"><span>na sv\u00e9 str\u00e1nce<\/span><\/a><span>\u00a0hl\u00e1s\u00ed , \u017ee m\u00e1 p\u0159es 100 \u201eov\u011b\u0159en\u00fdch\u201c \u010dlen\u016f.<\/span><\/p>\n<p><span>Poynter je financov\u00e1n r\u016fzn\u00fdmi nevl\u00e1dn\u00edmi organizacemi a nadacemi, kter\u00e9 pou\u017e\u00edvaj\u00ed samozvan\u00e9 \u201eov\u011b\u0159ova\u010de fakt\u016f\u201c, aby zajistily, \u017ee projekty, kter\u00e9 podporuj\u00ed, budou n\u00e1le\u017eit\u011b vn\u00edm\u00e1ny.\u00a0Obzvl\u00e1\u0161t\u011b zaj\u00edmav\u00fd je\u00a0<\/span><a href=\"https:\/\/www.poynter.org\/major-funders\/\" target=\"_blank\" rel=\"noreferrer noopener\"><span>Poynter\u016fv seznam partner\u016f<\/span><\/a><span>\u00a0navr\u017een\u00fdch tak, aby pomohli \u201eov\u011b\u0159ovatel\u016fm fakt\u016f\u201c s medi\u00e1ln\u00ed gramotnost\u00ed.\u00a0Krom\u011b Googlu a Microsoftu mezi n\u011b pat\u0159\u00ed tak\u00e9 mate\u0159sk\u00e1 spole\u010dnost Facebooku Meta a jej\u00ed dce\u0159in\u00e1 spole\u010dnost \u201eWhatsApp\u201c.<\/span><\/p>\n<p><span>Mimochodem, Poynter ned\u00e1vno\u00a0<\/span><a href=\"https:\/\/www.poynter.org\/news-release\/2023\/12-million-global-fact-check-fund-opens-applications-for-first-grants-global-fact-check-fund-ifcn\/\" target=\"_blank\" rel=\"noreferrer noopener\"><span>ozn\u00e1mil<\/span><\/a><span>\u00a0, \u017ee byl zalo\u017een \u201eGlobal Fact Check Fund\u201c s v\u00edce ne\u017e 12 miliony dolar\u016f od spole\u010dnosti Google (internetov\u00e9 spole\u010dnosti jsou v\u017edy p\u0159\u00edtomny na Ministerstvu pravdy), kter\u00fd bude financovat \u201easi 135 organizac\u00ed v 65 zem\u00edch\u201c.<\/span><\/p>\n<p><span>A mezi Poynterov\u00fdmi finan\u010dn\u00edky samoz\u0159ejm\u011b nem\u016f\u017ee chyb\u011bt National Endowment for Democracy (NED).\u00a0NED je klasick\u00fdm p\u0159\u00edkladem \u201enevl\u00e1dn\u00edch organizac\u00ed\u201c, kter\u00e9 nejsou.\u00a0Mus\u00edme m\u00edt na pam\u011bti, \u017ee \u201eNGO\u201c znamen\u00e1 \u201e\u00a0<\/span><strong><span>nevl\u00e1dn\u00ed<\/span><\/strong><span>\u00a0organizace\u201c.\u00a0Ale jak lze mluvit o\u00a0<\/span><strong><span>nevl\u00e1dn\u00ed<\/span><\/strong><span>\u00a0organizaci, pokud byla zalo\u017eena a je financov\u00e1na vl\u00e1dou?\u00a0NED je americk\u00e1 nadace zalo\u017een\u00e1 Kongresem USA ve Washingtonu v roce 1983 a na svou \u010dinnost dost\u00e1v\u00e1 ro\u010dn\u00ed finan\u010dn\u00ed prost\u0159edky z feder\u00e1ln\u00edho rozpo\u010dtu USA.\u00a0V\u00edce podrobnost\u00ed o NED naleznete\u00a0<\/span><a href=\"https:\/\/www.anti-spiegel.ru\/2021\/ein-telefonat-zeigt-wie-die-regimechange-spezialisten-der-us-regierung-arbeiten\/\" target=\"_blank\" rel=\"noreferrer noopener\"><span>zde<\/span><\/a><span>\u00a0.<\/span><\/p>\n<p><span>Vl\u00e1da USA je jedin\u00fdm sponzorem NED a NED je navr\u017eena tak, aby podporovala vl\u00e1du USA a jej\u00ed politick\u00e9 c\u00edle.\u00a0A tato organizace financuje \u00fadajn\u011b \u201enez\u00e1visl\u00e9 ov\u011b\u0159ova\u010de fakt\u016f\u201c jak prost\u0159ednictv\u00edm zast\u0159e\u0161uj\u00edc\u00ed organizace Poynter, tak p\u0159\u00edmo.\u00a0Proto \u017e\u00e1dn\u00fd z t\u011bchto \u00fadajn\u011b \u201enez\u00e1visl\u00fdch ov\u011b\u0159ovatel\u016f fakt\u016f\u201c nikdy v\u00e1\u017en\u011b nekritizoval ani nezpochyb\u0148oval americkou politiku, ale kritika c\u00edl\u016f vl\u00e1dy USA je \u201eov\u011b\u0159ovateli fakt\u016f\u201c ozna\u010dena jako \u201ekonspira\u010dn\u00ed teorie\u201c nebo jako \u201erusk\u00e1 (nebo dokonce \u010d\u00ednsk\u00e1 ) propaganda\u201c.<\/span><\/p>\n<p><span>Poznamen\u00e1v\u00e1me: Samozvan\u00ed \u201eov\u011b\u0159ovatel\u00e9 fakt\u016f\u201c jsou v\u0161ichni financov\u00e1ni stejnou malou skupinou d\u00e1rc\u016f, z nich\u017e v\u0161ichni maj\u00ed \u00fazk\u00e9 vazby na americkou vl\u00e1du.\u00a0Nav\u00edc Facebook s\u00e1m financuje \u201efact checkers\u201c, kte\u0159\u00ed ur\u010duj\u00ed, jak\u00e1 je na Facebooku pravda (pr\u00fd nez\u00e1visle na Facebooku), nemal\u00fdmi pen\u011bzi.<\/span><\/p>\n<h3><span style=\"font-size: 18pt;\">Hersh\u016fv v\u00fdzkum<\/span><\/h3>\n<p><span>Hershov\u00fdm v\u00fdzkumem se m\u016f\u017eeme kr\u00e1tce zab\u00fdvat, proto\u017ee v\u011bt\u0161ina z nich by ho m\u011bla zn\u00e1t.\u00a0Legend\u00e1rn\u00ed americk\u00fd novin\u00e1\u0159 Seymour Hersh publikoval 8. \u00fanora 2023 \u010dl\u00e1nek, v n\u011bm\u017e uvedl, \u017ee Joe Biden osobn\u011b na\u0159\u00eddil vyhozen\u00ed Nord Streams do pov\u011bt\u0159\u00ed.\u00a0\u010cl\u00e1nek je velmi podrobn\u00fd a p\u0159esv\u011bd\u010div\u00fd, jde hluboko do detail\u016f tajn\u00e9 operace, do kter\u00e9 se pr\u00fd zapojilo jen velmi m\u00e1lo americk\u00fdch \u00fa\u0159edn\u00edk\u016f.<\/span><\/p>\n<p><span>V souladu s t\u00edm byla v\u00fdbu\u0161n\u00e1 za\u0159\u00edzen\u00ed um\u00edst\u011bna na potrub\u00ed pod maskov\u00e1n\u00edm man\u00e9vru NATO a pozd\u011bji odp\u00e1lena sign\u00e1ly vyslan\u00fdmi p\u0159es sonar.\u00a0Do akce se proto zapojily speci\u00e1ln\u00ed jednotky americk\u00e9ho n\u00e1mo\u0159nictva, CIA a norsk\u00e9 vl\u00e1dn\u00ed agentury, kter\u00e9 mohly pomoci d\u00edky sv\u00e9 dobr\u00e9 znalosti Baltsk\u00e9ho mo\u0159e a Norsko z\u0159ejm\u011b slou\u017eilo jako z\u00e1kladna, ze kter\u00e9 byli ameri\u010dt\u00ed specialist\u00e9 aktivn\u00ed a pro skute\u010dn\u00fd provoz se rozpadl.<\/span><\/p>\n<p><span>Norsko m\u00e1 z odst\u0159elu plynovod\u016f nejv\u011bt\u0161\u00ed prosp\u011bch, vedle Spojen\u00fdch st\u00e1t\u016f, kter\u00e9 byly v\u017edy ofici\u00e1ln\u011b proti dod\u00e1vk\u00e1m plynu z Ruska do Evropy obecn\u011b a proti Nord Streamu konkr\u00e9tn\u011b.\u00a0D\u016fvodem je, \u017ee norsk\u00fd st\u00e1t prod\u00e1v\u00e1 zemn\u00ed plyn do EU a Norsko m\u016f\u017ee od vyhozen\u00ed Nord Streams prod\u00e1vat sv\u016fj plyn za n\u00e1sobek p\u0159edchoz\u00ed ceny.\u00a0Norsko vyd\u011blalo miliardy vyhazov\u00e1n\u00edm potrub\u00ed do pov\u011bt\u0159\u00ed.<\/span><\/p>\n<p><span>\u017de se Hersh dozv\u011bd\u011bl o p\u0159\u00edsn\u011b tajn\u00e9 operaci a zve\u0159ejnil to, je velmi trapn\u00e9 pro americkou i norskou vl\u00e1du, kter\u00e9 se ve skute\u010dnosti dopustily v\u00e1le\u010dn\u00e9ho aktu proti sv\u00fdm (\u00fadajn\u00fdm) spojenc\u016fm v NATO, kte\u0159\u00ed kv\u016fli plynu Nord Stream a jejich\u017e spole\u010dnosti byly zapojeny do potrub\u00ed.<\/span><\/p>\n<p><span>Vl\u00e1dy Norska a USA maj\u00ed proto velk\u00fd z\u00e1jem na tom, aby jejich pachatel\u00e9, pokud ji\u017e nejsou tajn\u00ed, nemohli b\u00fdt alespo\u0148 d\u00e1le \u0161\u00ed\u0159eni \u010di dokonce p\u0159edm\u011btem ve\u0159ejn\u00e9 diskuse.<\/span><\/p>\n<h3><span style=\"font-size: 18pt;\">Faktick\u00e9<\/span><\/h3>\n<p><span>T\u00edm se dost\u00e1v\u00e1me k faktisku, proto\u017ee tam jsou zaj\u00edmav\u00ed i sponzo\u0159i.\u00a0Podle jejich\u00a0<\/span><a href=\"https:\/\/www.faktisk.no\/finansiering\" target=\"_blank\" rel=\"noreferrer noopener\"><span>vlastn\u00edch informac\u00ed<\/span><\/a><span>\u00a0z\u00edskal faktisk v roce 2021 od sedmi norsk\u00fdch mainstreamov\u00fdch m\u00e9di\u00ed po jednom milionu norsk\u00fdch korun (nejnov\u011bj\u0161\u00ed aktu\u00e1ln\u011b dostupn\u00e9 \u00fadaje).\u00a0Men\u0161\u00ed \u010d\u00e1stky jsou i od dal\u0161\u00edch d\u00e1rc\u016f, v\u010detn\u011b Facebooku op\u011bt s 228 469 korunami za \u201eFacebookovu spolupr\u00e1ci p\u0159i fact-checkingu\u201c \u2013 tolik k \u00fadajn\u00e9 nez\u00e1vislosti faktisk na Facebooku.<\/span><\/p>\n<p><span>A je do toho zapojen i Poynter, proto\u017ee jejich \u201eInternational Fact-Checking Network\u201c (IFCN) p\u0159evedla v roce 2021 na faktisk 213 890 korun.<\/span><\/p>\n<p><span>Celkem faktisk vybral n\u011bco p\u0159es osm milion\u016f korun od r\u016fzn\u00fdch d\u00e1rc\u016f, z toho sedm milion\u016f od norsk\u00fdch medi\u00e1ln\u00edch dom\u016f, jejich\u017e zpr\u00e1vy faktisk \u00fadajn\u011b nez\u00e1visle prov\u011b\u0159oval jejich pravdivost.<\/span><\/p>\n<p><span>Nejv\u011bt\u0161\u00edm sponzorem \u00fadajn\u011b nez\u00e1visl\u00fdch ov\u011b\u0159ovatel\u016f fakt\u016f je v\u0161ak norsk\u00fd st\u00e1t, tedy norsk\u00e1 vl\u00e1da, kter\u00e1 v roce 2021 p\u0159evedla na faktisk dal\u0161\u00edch p\u011bt milion\u016f korun, \u010d\u00edm\u017e z\u00edskala faktisk ro\u010dn\u00ed rozpo\u010det kolem 13 milion\u016f korun (cca 1,1 milionu eur). p\u0159ich\u00e1z\u00ed.\u00a0Jak nez\u00e1visl\u00fd je faktisk od sv\u00e9ho zdaleka nejv\u011bt\u0161\u00edho sponzora, norsk\u00e9 vl\u00e1dy, kter\u00e1 p\u0159isp\u00edv\u00e1 t\u00e9m\u011b\u0159 40 procenty do rozpo\u010dtu faktisku?<\/span><\/p>\n<p><span>Nen\u00ed proto divu, \u017ee faktisk v\u0161ech spole\u010dnost\u00ed zve\u0159ejnil \u201efact check\u201c, kter\u00fd zbavil norskou (a americkou) vl\u00e1du jak\u00e9koli \u00fa\u010dasti na odst\u0159elu Nord Streamu a zdiskreditoval Hersh\u016fv v\u00fdzkum.<\/span><\/p>\n<p><span>Nebudu se pou\u0161t\u011bt do &#8222;fact check&#8220; faktisk, proto\u017ee se op\u00edr\u00e1 o ve\u0159ejn\u011b p\u0159\u00edstupn\u00e9 zdroje, jako jsou ve\u0159ejn\u00e1 data o pohybu lod\u00ed, se kter\u00fdmi lze n\u00e1sledn\u011b snadno manipulovat.\u00a0Krom\u011b toho dokonce i New York Times, kter\u00e9 se samy ze v\u0161ech sil sna\u017eily zdiskreditovat Hersh\u016fv v\u00fdzkum,\u00a0v\u00a0<\/span><a href=\"https:\/\/www.nytimes.com\/2023\/03\/07\/us\/politics\/nord-stream-pipeline-sabotage-ukraine.html\" target=\"_blank\" rel=\"noreferrer noopener\"><span>\u010dl\u00e1nku<\/span><\/a><\/p>\n<p><span>Celkov\u011b je &#8222;fact check&#8220; faktisk dost amat\u00e9rsk\u00fd a ned\u00e1 se ozna\u010dit za seri\u00f3zn\u00ed.\u00a0Norskou a americkou vl\u00e1du ale zprostil jak\u00e9koli \u00fa\u010dasti na \u00fatoku na potrub\u00ed, \u010d\u00edm\u017e dal Facebooku (zam\u00fd\u0161lenou) z\u00e1minku k tomu, aby ozna\u010dil p\u0159\u00edsp\u011bvky s odkazem na Hersh\u016fv v\u00fdzkum za \u201ehoax\u201c a p\u0159ipsal je p\u0159ed zraky ostatn\u00edch u\u017eivatel\u016f Facebooku.<\/span><\/p>\n<h3><span style=\"font-size: 18pt;\">Facebook a CIA<\/span><\/h3>\n<p><span>Pro\u010d by ale m\u011bl Facebook tak tvrd\u011b pracovat pro z\u00e1jmy americk\u00e9 vl\u00e1dy a konkr\u00e9tn\u011b CIA, kter\u00e1 se podle Hershe na demolici pod\u00edlela?\u00a0Facebook je podle mnoh\u00fdch st\u00e1le soukrom\u00e1 spole\u010dnost.<\/span><\/p>\n<p><span>Pohled do historie Facebooku pom\u00e1h\u00e1, proto\u017ee Facebook zkrachoval jen p\u00e1r m\u011bs\u00edc\u016f po sv\u00e9m zalo\u017een\u00ed na za\u010d\u00e1tku roku 2004 a mohl b\u00fdt zachr\u00e1n\u011bn pouze d\u00edky finan\u010dn\u00ed injekci od osoby \u00fazce spojen\u00e9 s CIA, kter\u00e1 d\u0159\u00edve pracovala pro In-Q -Tel, jeden z investi\u010dn\u00edch fond\u016f vlastn\u011bn\u00fdch CIA, obdr\u017eel spoustu pen\u011bz.\u00a0Bez t\u00e9to neo\u010dek\u00e1van\u00e9 ud\u00e1losti by Facebook v l\u00e9t\u011b 2004 jednodu\u0161e zanikl.\u00a0Podrobnosti o vzniku Facebooku a \u00fazk\u00fdch vazb\u00e1ch spole\u010dnosti na CIA a tak\u00e9 na Pentagon najdete\u00a0<\/span><a href=\"https:\/\/www.anti-spiegel.ru\/2022\/ist-facebook-ein-kind-der-us-geheimdienste\/\" target=\"_blank\" rel=\"noreferrer noopener\"><span>zde<\/span><\/a><span>\u00a0.<\/span><\/p>\n<h3><span style=\"font-size: 18pt;\">Z\u00e1v\u011br<\/span><\/h3>\n<p><span>Situace je tedy takov\u00e1: Hersh zve\u0159ejnil v\u00fdzkum, kter\u00fd se vl\u00e1d\u011b USA a Norska nel\u00edb\u00ed a r\u00e1dy by jeho \u0161\u00ed\u0159en\u00ed zabr\u00e1nily.<\/span><\/p>\n<p><span>Facebook, kter\u00fd m\u00e1 velmi \u00fazk\u00e9 vazby na americkou vl\u00e1du \u2013 konkr\u00e9tn\u011b na CIA \u2013 se pak dovol\u00e1v\u00e1 \u201eov\u011b\u0159en\u00ed fakt\u016f\u201c platformy, kter\u00e1 je ze 40 procent hrazena norskou vl\u00e1dou (a tak\u00e9 samotn\u00fdm Facebookem) a kter\u00e1 je tak laskav\u00e1, \u017ee prohla\u0161ovat v \u2013 pon\u011bkud ne\u0161ikovn\u00e9m \u2013 \u201eov\u011b\u0159en\u00ed fakt\u016f\u201c, \u017ee Hersh\u016fv v\u00fdzkum je \u201epodvod\u201c.<\/span><\/p>\n<p><span>A tento \u201efact check\u201c zase slou\u017e\u00ed jako z\u00e1minka pro Facebook, aby ozna\u010dil Hersh\u016fv v\u00fdzkum za \u201efake news\u201c a nastavil jeho dosah prakticky na nulu.<\/span><\/p>\n<p><span>Nyn\u00ed se sami rozhodnete, zda v\u00fdraz \u201ejde jako hodinky\u201c je vhodn\u00fdm popisem t\u011bchto ud\u00e1lost\u00ed&#8230;<\/span><\/p>\n<p><a href=\"https:\/\/www.anti-spiegel.ru\/2023\/facebook-markiert-hersh-recherche-ueber-nord-stream-sprengung-als-falschmeldung\/\">Thomas R\u00f6per<\/a><\/p>\n<p><img decoding=\"async\" loading=\"lazy\" class=\"alignnone  wp-image-22016\" src=\"http:\/\/www.infokuryr.cz\/n\/wp-content\/uploads\/2023\/01\/Thomas-Roper-298x300.jpg\" alt=\"\" width=\"211\" height=\"212\" srcset=\"https:\/\/www.infokuryr.cz\/n\/wp-content\/uploads\/2023\/01\/Thomas-Roper-298x300.jpg 298w, https:\/\/www.infokuryr.cz\/n\/wp-content\/uploads\/2023\/01\/Thomas-Roper-150x150.jpg 150w, https:\/\/www.infokuryr.cz\/n\/wp-content\/uploads\/2023\/01\/Thomas-Roper.jpg 596w\" sizes=\"(max-width: 211px) 100vw, 211px\" \/><\/p>\n<p>________________________<\/p>\n<p>&nbsp;<\/p>\n<p>&nbsp;<\/p>\n<p><img decoding=\"async\" loading=\"lazy\" class=\"wp-image-19187 aligncenter\" src=\"http:\/\/www.infokuryr.cz\/n\/wp-content\/uploads\/2022\/12\/1-PRO-300x36.jpg\" alt=\"\" width=\"1242\" height=\"149\" srcset=\"https:\/\/www.infokuryr.cz\/n\/wp-content\/uploads\/2022\/12\/1-PRO-300x36.jpg 300w, https:\/\/www.infokuryr.cz\/n\/wp-content\/uploads\/2022\/12\/1-PRO.jpg 699w\" sizes=\"(max-width: 1242px) 100vw, 1242px\" \/><\/p>\n<p>&nbsp;<\/p>\n<p>&nbsp;<\/p>\n<p>&nbsp;<\/p>\n","protected":false},"excerpt":{"rendered":"<p>Facebook ozna\u010dil v\u00fdzkum Seymoura Hershe ohledn\u011b v\u00fdbuchu americk\u00e9 vl\u00e1dy v Nord Streamu za \u201ehoax\u201c a&#8230;<\/p>\n","protected":false},"author":2,"featured_media":26855,"comment_status":"closed","ping_status":"closed","sticky":false,"template":"","format":"standard","meta":[],"categories":[7],"tags":[63,109,25,415],"_links":{"self":[{"href":"https:\/\/www.infokuryr.cz\/n\/wp-json\/wp\/v2\/posts\/26854"}],"collection":[{"href":"https:\/\/www.infokuryr.cz\/n\/wp-json\/wp\/v2\/posts"}],"about":[{"href":"https:\/\/www.infokuryr.cz\/n\/wp-json\/wp\/v2\/types\/post"}],"author":[{"embeddable":true,"href":"https:\/\/www.infokuryr.cz\/n\/wp-json\/wp\/v2\/users\/2"}],"replies":[{"embeddable":true,"href":"https:\/\/www.infokuryr.cz\/n\/wp-json\/wp\/v2\/comments?post=26854"}],"version-history":[{"count":0,"href":"https:\/\/www.infokuryr.cz\/n\/wp-json\/wp\/v2\/posts\/26854\/revisions"}],"wp:featuredmedia":[{"embeddable":true,"href":"https:\/\/www.infokuryr.cz\/n\/wp-json\/wp\/v2\/media\/26855"}],"wp:attachment":[{"href":"https:\/\/www.infokuryr.cz\/n\/wp-json\/wp\/v2\/media?parent=26854"}],"wp:term":[{"taxonomy":"category","embeddable":true,"href":"https:\/\/www.infokuryr.cz\/n\/wp-json\/wp\/v2\/categories?post=26854"},{"taxonomy":"post_tag","embeddable":true,"href":"https:\/\/www.infokuryr.cz\/n\/wp-json\/wp\/v2\/tags?post=26854"}],"curies":[{"name":"wp","href":"https:\/\/api.w.org\/{rel}","templated":true}]}}