{"id":26851,"date":"2023-04-25T06:16:37","date_gmt":"2023-04-25T04:16:37","guid":{"rendered":"http:\/\/www.infokuryr.cz\/n\/?p=26851"},"modified":"2023-04-25T06:27:22","modified_gmt":"2023-04-25T04:27:22","slug":"ing-karin-szczyrbova-nd-otevreny-dopis-prezidentu-ceske-republiky","status":"publish","type":"post","link":"https:\/\/www.infokuryr.cz\/n\/2023\/04\/25\/ing-karin-szczyrbova-nd-otevreny-dopis-prezidentu-ceske-republiky\/","title":{"rendered":"ING. KARIN SZCZYRBOV\u00c1 (ND): OTEV\u0158EN\u00dd DOPIS PREZIDENTU \u010cESK\u00c9 REPUBLIKY"},"content":{"rendered":"<div id=\"fb-root\"><\/div>\n<p><strong><span dir=\"ltr\" role=\"presentation\">Pane prezidente \u010cesk\u00e9 republiky,<\/span><\/strong><\/p>\n<p><span dir=\"ltr\" role=\"presentation\">a\u010dkoliv jsme se p\u0159ed p\u00e1r dny setkali tv\u00e1\u0159\u00ed v tv\u00e1\u0159 a a\u010dkoliv V\u00e1s neoslov\u00edm<\/span>\u00a0<span dir=\"ltr\" role=\"presentation\"><em>\u201ev\u00e1\u017een\u00fd pane prezidente\u201c<\/em>,<\/span><br role=\"presentation\" \/><span dir=\"ltr\" role=\"presentation\">vzhledem k tomu, co o V\u00e1s v\u00edm, dovol\u00edm si V\u00e1s po\u017e\u00e1dat o dv\u011b odpov\u011bdi na m\u00e9 ot\u00e1zky.<\/span><\/p>\n<p><span dir=\"ltr\" role=\"presentation\"><strong>Prvn\u00ed ot\u00e1zka je ban\u00e1ln\u00ed<\/strong> \u2013 v\u00edte, resp. zn\u00e1te<\/span>\u00a0<span dir=\"ltr\" role=\"presentation\">osoby<\/span><span dir=\"ltr\" role=\"presentation\">, se kter\u00fdmi jste se v Karvin\u00e9 po ob\u011bd\u011b na Z\u00e1me\u010dku<\/span><br role=\"presentation\" \/><span dir=\"ltr\" role=\"presentation\">setkal a m\u016f\u017eete zve\u0159ejnit, kdo to byl? J\u00e1 u\u017e to v\u00edm, proto\u017ee jsem obyvatelkou<\/span>\u00a0<span dir=\"ltr\" role=\"presentation\">m\u011bsta<\/span>\u00a0<span dir=\"ltr\" role=\"presentation\">Karvin\u00e9. To, s<\/span><br role=\"presentation\" \/><span dir=\"ltr\" role=\"presentation\">k\u00fdm se \u010dlov\u011bk setk\u00e1v\u00e1, vypov\u00edd\u00e1 mnoh\u00e9 o jeho charakteru.<\/span><\/p>\n<p><span dir=\"ltr\" role=\"presentation\"><strong>M\u00e1 druh\u00e1 ot\u00e1zka bude z\u00e1ludn\u011bj\u0161\u00ed<\/strong>. Nec\u00edt\u00edte se spoluvinn\u00fdm z v\u00fdtr\u017enictv\u00ed, po\u0161kozen\u00ed ciz\u00ed v\u011bci \u010di<\/span><br role=\"presentation\" \/><span dir=\"ltr\" role=\"presentation\">dokonce z kr\u00e1de\u017ee a destrukce st\u00e1tn\u00edho symbolu \u2013 prezidentsk\u00e9 vlajky? Od po\u010d\u00e1tku sv\u00e9<\/span><br role=\"presentation\" \/><span dir=\"ltr\" role=\"presentation\">prezidentsk\u00e9 kampan\u011b jste tvrdil, \u017ee v\u00edte, kde ukraden\u00e1<\/span>\u00a0<span dir=\"ltr\" role=\"presentation\">prezidentsk\u00e1<\/span>\u00a0<span dir=\"ltr\" role=\"presentation\">standarta je \u2013 viz nap\u0159.<a href=\"https:\/\/medium.seznam.cz\/clanek\/hlavni-udalosti-petr-pavel-vi-kde-je-odcizena-standarta-z-roku-%202015-ale-media-a-policie-mlci-1692\">\u00a0zde<\/a>.<\/span><\/p>\n<p><span dir=\"ltr\" role=\"presentation\">Dle m\u00e9ho n\u00e1zoru jsme m\u011bli mnoho r\u016fzn\u00fdch prezident\u016f, o kter\u00fdch jsme si mohli myslet cokoliv, ale<\/span><br role=\"presentation\" \/><span dir=\"ltr\" role=\"presentation\">nikdy jsme nem\u011bli prezidenta, kter\u00fd kryje zlod\u011bje a ni\u010ditele st\u00e1tn\u00edch symbol\u016f. Tito zlod\u011bji dostali za<\/span><br role=\"presentation\" \/><span dir=\"ltr\" role=\"presentation\">zni\u010den\u00ed st\u00e1tn\u00edho symbolu pouze<\/span>\u00a0<span dir=\"ltr\" role=\"presentation\">podm\u00edne\u010dn\u00fd trest<\/span><span dir=\"ltr\" role=\"presentation\">.<\/span>\u00a0<span dir=\"ltr\" role=\"presentation\">\u010clov\u011bk, kter\u00fd takov\u00e9<\/span>\u00a0<span dir=\"ltr\" role=\"presentation\">zlod\u011bje a v\u00fdtr\u017en\u00edky<\/span><br role=\"presentation\" \/><span dir=\"ltr\" role=\"presentation\">nemaj\u00edc\u00ed \u00factu k<\/span>\u00a0<span dir=\"ltr\" role=\"presentation\">p\u0159edn\u00edm symbol\u016fm na\u0161\u00ed st\u00e1tnosti<\/span><span dir=\"ltr\" role=\"presentation\">,<\/span>\u00a0<span dir=\"ltr\" role=\"presentation\">kryje a pot\u00e9 s pompou p\u0159i sv\u00e9 inauguraci<\/span><br role=\"presentation\" \/><span dir=\"ltr\" role=\"presentation\">prezidentskou vlajku odhal\u00ed, je stejn\u00fd<\/span>\u00a0<span dir=\"ltr\" role=\"presentation\">jako oni<\/span>\u00a0<span dir=\"ltr\" role=\"presentation\">\u2013 je to \u010dlov\u011bk, kter\u00fd nem\u00e1 \u017e\u00e1dnou \u00factu k vlasti, ve<\/span><br role=\"presentation\" \/><span dir=\"ltr\" role=\"presentation\">kter\u00e9 se narodil. Proto V\u00e1s nelze naz\u00fdvat a uct\u00edvat jako \u010desk\u00e9ho prezidenta. Nejde zde o<\/span>\u00a0<span dir=\"ltr\" role=\"presentation\">pen\u011b\u017en\u00ed<\/span><br role=\"presentation\" \/><span dir=\"ltr\" role=\"presentation\">hodnotu<\/span>\u00a0<span dir=\"ltr\" role=\"presentation\">prezidentsk\u00e9 vlajky \u010di poni\u010den\u00ed st\u0159echy, d\u016fle\u017eit\u00e1 je<\/span>\u00a0<span dir=\"ltr\" role=\"presentation\">\u00facta k \u010desk\u00e9mu st\u00e1tn\u00edmu symbolu,<\/span><br role=\"presentation\" \/><span dir=\"ltr\" role=\"presentation\">kterou Vy evidentn\u011b nem\u00e1te<\/span><span dir=\"ltr\" role=\"presentation\">, proto<\/span>\u00a0<span dir=\"ltr\" role=\"presentation\">nem\u016f\u017eete m\u00edt \u00factu ani k \u010cesk\u00e9 republice a nem\u016f\u017eete jednat<\/span><br role=\"presentation\" \/><span dir=\"ltr\" role=\"presentation\">ani v jej\u00ed prosp\u011bch.<\/span><\/p>\n<p><span dir=\"ltr\" role=\"presentation\">Budete v\u0161ak, pros\u00edm, tak laskav a dok\u00e1\u017eete se sv\u00fdm vybran\u00fdm proslovem vyj\u00e1d\u0159it alespo\u0148 na tento<\/span><br role=\"presentation\" \/><span dir=\"ltr\" role=\"presentation\">m\u016fj e-mail, kdy\u017e u\u017e jste to pro m\u011b (a pro ve\u0159ejnost) neud\u011blal osobn\u011b v Karvin\u00e9?<\/span><br role=\"presentation\" \/><span dir=\"ltr\" role=\"presentation\"><br \/>\nP\u0159edem V\u00e1m d\u011bkuji,<\/span><\/p>\n<p><em><span dir=\"ltr\" role=\"presentation\">Ing. Karin Szczyrbov\u00e1<\/span><\/em><br role=\"presentation\" \/><em><span dir=\"ltr\" role=\"presentation\">Karvin\u00e1<br \/>\n<\/span><span dir=\"ltr\" role=\"presentation\">24.4. 2023<\/span><\/em><\/p>\n<p><img decoding=\"async\" loading=\"lazy\" class=\"alignnone size-medium wp-image-26852\" src=\"http:\/\/www.infokuryr.cz\/n\/wp-content\/uploads\/2023\/04\/Karin-300x300.jpg\" alt=\"\" width=\"300\" height=\"300\" srcset=\"https:\/\/www.infokuryr.cz\/n\/wp-content\/uploads\/2023\/04\/Karin-300x300.jpg 300w, https:\/\/www.infokuryr.cz\/n\/wp-content\/uploads\/2023\/04\/Karin-150x150.jpg 150w, https:\/\/www.infokuryr.cz\/n\/wp-content\/uploads\/2023\/04\/Karin.jpg 400w\" sizes=\"(max-width: 300px) 100vw, 300px\" \/><\/p>\n<p>_____________________________<\/p>\n<p>&nbsp;<\/p>\n<p>&nbsp;<\/p>\n<p><img decoding=\"async\" loading=\"lazy\" class=\"wp-image-19187 aligncenter\" src=\"http:\/\/www.infokuryr.cz\/n\/wp-content\/uploads\/2022\/12\/1-PRO-300x36.jpg\" alt=\"\" width=\"1250\" height=\"150\" srcset=\"https:\/\/www.infokuryr.cz\/n\/wp-content\/uploads\/2022\/12\/1-PRO-300x36.jpg 300w, https:\/\/www.infokuryr.cz\/n\/wp-content\/uploads\/2022\/12\/1-PRO.jpg 699w\" sizes=\"(max-width: 1250px) 100vw, 1250px\" \/><\/p>\n<p>&nbsp;<\/p>\n<p>&nbsp;<\/p>\n<p>&nbsp;<\/p>\n<p>&nbsp;<\/p>\n","protected":false},"excerpt":{"rendered":"<p>Pane prezidente \u010cesk\u00e9 republiky, a\u010dkoliv jsme se p\u0159ed p\u00e1r dny setkali tv\u00e1\u0159\u00ed v tv\u00e1\u0159 a&#8230;<\/p>\n","protected":false},"author":2,"featured_media":17335,"comment_status":"closed","ping_status":"closed","sticky":false,"template":"","format":"standard","meta":[],"categories":[6],"tags":[1412,1173,165],"_links":{"self":[{"href":"https:\/\/www.infokuryr.cz\/n\/wp-json\/wp\/v2\/posts\/26851"}],"collection":[{"href":"https:\/\/www.infokuryr.cz\/n\/wp-json\/wp\/v2\/posts"}],"about":[{"href":"https:\/\/www.infokuryr.cz\/n\/wp-json\/wp\/v2\/types\/post"}],"author":[{"embeddable":true,"href":"https:\/\/www.infokuryr.cz\/n\/wp-json\/wp\/v2\/users\/2"}],"replies":[{"embeddable":true,"href":"https:\/\/www.infokuryr.cz\/n\/wp-json\/wp\/v2\/comments?post=26851"}],"version-history":[{"count":1,"href":"https:\/\/www.infokuryr.cz\/n\/wp-json\/wp\/v2\/posts\/26851\/revisions"}],"predecessor-version":[{"id":26853,"href":"https:\/\/www.infokuryr.cz\/n\/wp-json\/wp\/v2\/posts\/26851\/revisions\/26853"}],"wp:featuredmedia":[{"embeddable":true,"href":"https:\/\/www.infokuryr.cz\/n\/wp-json\/wp\/v2\/media\/17335"}],"wp:attachment":[{"href":"https:\/\/www.infokuryr.cz\/n\/wp-json\/wp\/v2\/media?parent=26851"}],"wp:term":[{"taxonomy":"category","embeddable":true,"href":"https:\/\/www.infokuryr.cz\/n\/wp-json\/wp\/v2\/categories?post=26851"},{"taxonomy":"post_tag","embeddable":true,"href":"https:\/\/www.infokuryr.cz\/n\/wp-json\/wp\/v2\/tags?post=26851"}],"curies":[{"name":"wp","href":"https:\/\/api.w.org\/{rel}","templated":true}]}}