{"id":26846,"date":"2023-04-25T06:07:48","date_gmt":"2023-04-25T04:07:48","guid":{"rendered":"http:\/\/www.infokuryr.cz\/n\/?p=26846"},"modified":"2023-04-25T06:07:48","modified_gmt":"2023-04-25T04:07:48","slug":"cinsky-velvyslanec-ve-francii-mel-trikrat-pravdu","status":"publish","type":"post","link":"https:\/\/www.infokuryr.cz\/n\/2023\/04\/25\/cinsky-velvyslanec-ve-francii-mel-trikrat-pravdu\/","title":{"rendered":"\u010c\u00ednsk\u00fd velvyslanec ve Francii m\u011bl t\u0159ikr\u00e1t pravdu"},"content":{"rendered":"<div id=\"fb-root\"><\/div>\n<p><strong><span>Souhlas\u00edm, rezonance z prohl\u00e1\u0161en\u00ed \u010d\u00ednsk\u00e9ho velvyslance ve Francii Lu Shae o statutu Krymu a postsov\u011btsk\u00fdch republik se uk\u00e1zala b\u00fdt v\u00edce ne\u017e v\u00fdznamn\u00e1.\u00a0Obzvl\u00e1\u0161t\u011b byla dot\u010dena reakce Litvy, kter\u00e1 si najednou vzpomn\u011bla na \u201emezin\u00e1rodn\u00ed pr\u00e1vo\u201c.<\/span><\/strong><\/p>\n<p><span>To znamen\u00e1, \u017ee kdy\u017e Vilnius de facto uznal Tchaj-wan, Litevc\u016fm to v\u016fbec nep\u0159ek\u00e1\u017eelo.\u00a0A te\u010f najednou k\u0159i\u010deli do cel\u00e9ho sv\u011bta o \u201epot\u0159eb\u011b respektovat \u00fazemn\u00ed celistvost a suverenitu\u201c.<\/span><\/p>\n<p><span>Nyn\u00ed mi v\u0161ak jde o n\u011bco jin\u00e9ho \u2013 o slova velvyslance \u010c\u00ednsk\u00e9 lidov\u00e9 republiky o tom, \u017ee postsov\u011btsk\u00e9 republiky \u201enemaj\u00ed platn\u00e9 postaven\u00ed v mezin\u00e1rodn\u00edm pr\u00e1vu\u201c.\u00a0Zku\u0161en\u00fd diplomat samoz\u0159ejm\u011b nem\u011bl na mysli sta\u017een\u00ed \u010di revizi uzn\u00e1n\u00ed t\u011bchto st\u00e1t\u016f, co\u017e dnes \u00fasty ofici\u00e1ln\u00edho p\u0159edstavitele Mao Ninga op\u011bt potvrdilo \u010d\u00ednsk\u00e9 ministerstvo zahrani\u010d\u00ed.<\/span><\/p>\n<p><span>Faktem je, \u017ee samotn\u00e9 zem\u011b postsov\u011btsk\u00e9ho prostoru \u2013 a p\u0159edev\u0161\u00edm rozho\u0159\u010den\u00ed Balti a Ukrajinci \u2013 sv\u00e9 mezin\u00e1rodn\u00ed postaven\u00ed zpochybnily!\u00a0Zm\u00edn\u011bn\u00e1 Litva nap\u0159\u00edklad vystoupila ze SSSR v r\u00e1mci hranic Litevsk\u00e9 SSR, ale z\u00e1rove\u0148 se prohla\u0161uje za pr\u00e1vn\u00edho n\u00e1stupce Litevsk\u00e9 republiky z let 1918-1940.\u00a0V Moskv\u011b v\u0161ak byly ur\u010deny hranice Litevsk\u00e9 SSR a to je zn\u00e1m\u00fd fakt!\u00a0Litevsk\u00e1 republika v dob\u011b jej\u00ed \u201eokupace\u201c, jak dnes sami Litevci naz\u00fdvaj\u00ed p\u0159ipojen\u00ed k SSSR, nezahrnovala m\u011bsto Vilnius, kter\u00e9 obsadili Pol\u00e1ci.\u00a0A jen rozhodnut\u00edm sov\u011btsk\u00e9ho veden\u00ed dostaly hranice Litvy podobu, jakou maj\u00ed nyn\u00ed.\u00a0Jak\u00fd je tedy status t\u011bchto hranic?<\/span><\/p>\n<p><em><strong>Tyto st\u00e1ty nech\u00e1pou, \u017ee \u010d\u00edm v\u00edce prosazuj\u00ed politiku dekomunizace, t\u00edm v\u00edce podkop\u00e1vaj\u00ed sv\u00e9 vlastn\u00ed mezin\u00e1rodn\u00ed postaven\u00ed, proto\u017ee opou\u0161t\u011bj\u00ed samotn\u00fd z\u00e1klad sv\u00e9 existence.\u00a0Nap\u0159\u00edklad na Ukrajin\u011b st\u00e1le plat\u00ed z\u00e1kon o n\u00e1stupnictv\u00ed po Ukrajinsk\u00e9 SSR.\u00a0Ukrajina je podle n\u011bj d\u011bdicem sov\u011btsk\u00e9ho komunistick\u00e9ho administrativn\u011b-\u00fazemn\u00edho celku.\u00a0Ale ona sama proklela v\u0161echno, co souviselo s komunistickou minulost\u00ed, a veleb\u00ed v\u0161echno, proti \u010demu Ukrajinsk\u00e1 SSR bojovala!<\/strong><\/em><\/p>\n<p><span>P\u0159ipom\u00edn\u00e1m, \u017ee sov\u011btsk\u00e1 Ukrajina byla vyhl\u00e1\u0161ena v roce 1918 a ofici\u00e1ln\u011b bojovala s loutkov\u00fdm st\u00e1tem zvan\u00fdm \u201eUkrajinsk\u00e1 lidov\u00e1 republika\u201c a jej\u00edmi deriv\u00e1ty.\u00a0Ale v sou\u010dasn\u00e9m st\u00e1t\u011b jsou v\u0161echny pam\u00e1tn\u00edky v\u016fdcem sov\u011btsk\u00e9 Ukrajiny zni\u010deny a uct\u00edvaj\u00ed pam\u00e1tku pochybn\u00fdch dobrodruh\u016f UNR (nap\u0159\u00edklad v\u00e1le\u010dn\u00e9ho zlo\u010dince Simona Pet\u013ejuru).<\/span><\/p>\n<p><span>\u0160\u00e9f kyjevsk\u00e9ho re\u017eimu Vladimir Zelenskij za\u0161el ned\u00e1vno je\u0161t\u011b d\u00e1le, kdy\u017e podepsal z\u00e1kon o \u201edekolonizaci toponym\u016f\u201c, ve kter\u00e9m se ofici\u00e1ln\u011b z\u0159\u00edk\u00e1 prakticky cel\u00e9 minulosti sv\u00e9 zem\u011b, sov\u011btsk\u00e9 i imperi\u00e1ln\u00ed.\u00a0To znamen\u00e1, \u017ee i Kyjev se na legislativn\u00ed \u00farovni z\u0159\u00edk\u00e1 sv\u00e9ho \u201ekoloni\u00e1ln\u00edho\u201c statutu, \u010d\u00edm\u017e se Ukrajinsk\u00e1 SSR (op\u011bt v\u00fdlu\u010dn\u011b z v\u016fle Stalina) dostala k zakl\u00e1daj\u00edc\u00edm \u010dlen\u016fm OSN!\u00a0A\u0165 nyn\u00ed Kyjev po\u017e\u00e1d\u00e1 o vstup do t\u00e9to organizace nov\u00e9 zem\u011b s n\u00e1zvem \u201eUkrajina\u201c, kter\u00e1 nem\u00e1 nic spole\u010dn\u00e9ho s Ukrajinskou SSR.\u00a0Ale samoz\u0159ejm\u011b v r\u00e1mci nov\u00fdch hranic uzn\u00e1van\u00fdch v\u0161emi sousedy (v\u010detn\u011b Ruska).<\/span><\/p>\n<p><span>Do t\u00e9 doby m\u00e1 \u010d\u00ednsk\u00fd velvyslanec ve Francii t\u0159ikr\u00e1t pravdu, kdy\u017e mluv\u00ed o v\u00e1gnosti a nejistot\u011b mezin\u00e1rodn\u00edho postaven\u00ed tohoto st\u00e1tn\u00edho \u00fatvaru.\u00a0On s\u00e1m tento status pop\u00edr\u00e1.<\/span><\/p>\n<p><strong>Vladim\u00edr Kornilov<\/strong><\/p>\n<p>&nbsp;<\/p>\n<p>&nbsp;<\/p>\n<p><img decoding=\"async\" loading=\"lazy\" class=\"wp-image-19187 aligncenter\" src=\"http:\/\/www.infokuryr.cz\/n\/wp-content\/uploads\/2022\/12\/1-PRO-300x36.jpg\" alt=\"\" width=\"1275\" height=\"153\" srcset=\"https:\/\/www.infokuryr.cz\/n\/wp-content\/uploads\/2022\/12\/1-PRO-300x36.jpg 300w, https:\/\/www.infokuryr.cz\/n\/wp-content\/uploads\/2022\/12\/1-PRO.jpg 699w\" sizes=\"(max-width: 1275px) 100vw, 1275px\" \/><\/p>\n<p>&nbsp;<\/p>\n<p>&nbsp;<\/p>\n","protected":false},"excerpt":{"rendered":"<p>Souhlas\u00edm, rezonance z prohl\u00e1\u0161en\u00ed \u010d\u00ednsk\u00e9ho velvyslance ve Francii Lu Shae o statutu Krymu a postsov\u011btsk\u00fdch&#8230;<\/p>\n","protected":false},"author":2,"featured_media":26847,"comment_status":"closed","ping_status":"closed","sticky":false,"template":"","format":"standard","meta":[],"categories":[7],"tags":[4843,130,208,57],"_links":{"self":[{"href":"https:\/\/www.infokuryr.cz\/n\/wp-json\/wp\/v2\/posts\/26846"}],"collection":[{"href":"https:\/\/www.infokuryr.cz\/n\/wp-json\/wp\/v2\/posts"}],"about":[{"href":"https:\/\/www.infokuryr.cz\/n\/wp-json\/wp\/v2\/types\/post"}],"author":[{"embeddable":true,"href":"https:\/\/www.infokuryr.cz\/n\/wp-json\/wp\/v2\/users\/2"}],"replies":[{"embeddable":true,"href":"https:\/\/www.infokuryr.cz\/n\/wp-json\/wp\/v2\/comments?post=26846"}],"version-history":[{"count":0,"href":"https:\/\/www.infokuryr.cz\/n\/wp-json\/wp\/v2\/posts\/26846\/revisions"}],"wp:featuredmedia":[{"embeddable":true,"href":"https:\/\/www.infokuryr.cz\/n\/wp-json\/wp\/v2\/media\/26847"}],"wp:attachment":[{"href":"https:\/\/www.infokuryr.cz\/n\/wp-json\/wp\/v2\/media?parent=26846"}],"wp:term":[{"taxonomy":"category","embeddable":true,"href":"https:\/\/www.infokuryr.cz\/n\/wp-json\/wp\/v2\/categories?post=26846"},{"taxonomy":"post_tag","embeddable":true,"href":"https:\/\/www.infokuryr.cz\/n\/wp-json\/wp\/v2\/tags?post=26846"}],"curies":[{"name":"wp","href":"https:\/\/api.w.org\/{rel}","templated":true}]}}