{"id":26842,"date":"2023-04-25T05:54:39","date_gmt":"2023-04-25T03:54:39","guid":{"rendered":"http:\/\/www.infokuryr.cz\/n\/?p=26842"},"modified":"2023-04-25T05:54:39","modified_gmt":"2023-04-25T03:54:39","slug":"bily-dum-lhal-ve-snaze-ospravedlnit-nevydani-americkych-viz-ruskym-novinarum","status":"publish","type":"post","link":"https:\/\/www.infokuryr.cz\/n\/2023\/04\/25\/bily-dum-lhal-ve-snaze-ospravedlnit-nevydani-americkych-viz-ruskym-novinarum\/","title":{"rendered":"B\u00edl\u00fd d\u016fm lhal ve snaze ospravedlnit nevyd\u00e1n\u00ed americk\u00fdch v\u00edz rusk\u00fdm novin\u00e1\u0159\u016fm"},"content":{"rendered":"<div id=\"fb-root\"><\/div>\n<p><span style=\"font-size: 14pt;\"><strong>Mluv\u010d\u00ed ministerstva zahrani\u010d\u00ed RF Zacharovov\u00e1 obvinila mluv\u010d\u00edho B\u00edl\u00e9ho domu Kirbyho, \u017ee novin\u00e1\u0159\u016fm lhal.<\/strong><\/span><\/p>\n<p>John Kirby, koordin\u00e1tor strategick\u00e9 komunikace v Rad\u011b n\u00e1rodn\u00ed bezpe\u010dnosti B\u00edl\u00e9ho domu, lhal ve snaze ospravedlnit selh\u00e1n\u00ed v\u010dasn\u00e9ho vyd\u00e1n\u00ed americk\u00fdch v\u00edz rusk\u00fdm novin\u00e1\u0159\u016fm, aby mohli informovat o pr\u00e1ci rusk\u00e9ho ministra zahrani\u010d\u00ed Sergeje Lavrova na zased\u00e1n\u00edch Rady bezpe\u010dnosti OSN.<\/p>\n<p>Napsala ofici\u00e1ln\u00ed z\u00e1stupkyn\u011b rusk\u00e9ho ministerstva zahrani\u010d\u00ed Maria Zacharova v\u00a0<a href=\"https:\/\/t.me\/MariaVladimirovnaZakharova\/5316\">TG kan\u00e1lu<\/a>.<\/p>\n<p>Diplomatka upozornila na Kirbyho prohl\u00e1\u0161en\u00ed o neud\u011blen\u00ed v\u00edz novin\u00e1\u0159\u016fm pro n\u00e1v\u0161t\u011bvu s\u00eddla OSN v New Yorku.\u00a0Nevyd\u00e1n\u00ed v\u00edz Kirby zd\u016fvodnil t\u00edm, \u017ee rusk\u00e1 st\u00e1tn\u00ed m\u00e9dia jsou \u00fadajn\u011b<em>\u00a0\u201eorg\u00e1ny propagandy\u201c\u00a0<\/em>a Spojen\u00e9 st\u00e1ty pova\u017euj\u00ed za d\u016fle\u017eit\u00e9 br\u00e1nit nez\u00e1vislost tisku, kter\u00fd\u00a0<em>\u201eby m\u011bl svobodn\u011b d\u011blat svou pr\u00e1ci\u201c.<\/em><\/p>\n<p><em>\u201cU\u017e to nen\u00ed ani k sm\u00edchu,\u201d\u00a0<\/em>zd\u016fraznila Zacharova.<\/p>\n<p><em>\u201cJohne, vy jste do toho zab\u0159edl, zalhal jste, dostal jste se do ideologick\u00e9 slep\u00e9 uli\u010dky.\u201d<\/em><\/p>\n<p>Diplomatka p\u0159ipomn\u011bla, \u017ee mezi novin\u00e1\u0159i, kte\u0159\u00ed \u010dekali na americk\u00e9 v\u00edzum, byl i zpravodaj Interfaxu.<\/p>\n<p><em>\u201eTo je tak\u00e9 vl\u00e1dn\u00ed publikace?<\/em>\u00a0\u2013 pokra\u010dovala z\u00e1stupkyn\u011b Ministerstva zahrani\u010dn\u00edch v\u011bc\u00ed Rusk\u00e9 federace.<\/p>\n<p><em>\u2013 V\u00edza americk\u00e1 ambas\u00e1da \u201est\u00e1tn\u00edm m\u00e9di\u00edm\u201c vydala, ale a\u017e potom co letadlo u\u017e odlet\u011blo.\u00a0Takov\u00fdmi \u0161pinav\u00fdmi triky americk\u00e9 \u00fa\u0159ady \u201ebr\u00e1n\u00ed svobodu tisku\u201c?\u201d<\/em><\/p>\n<p><a href=\"https:\/\/bit.ly\/3NaMdWB\">ZDROJ<\/a><\/p>\n<p>&nbsp;<\/p>\n<p><img decoding=\"async\" loading=\"lazy\" class=\"wp-image-19187 aligncenter\" src=\"http:\/\/www.infokuryr.cz\/n\/wp-content\/uploads\/2022\/12\/1-PRO-300x36.jpg\" alt=\"\" width=\"1258\" height=\"151\" srcset=\"https:\/\/www.infokuryr.cz\/n\/wp-content\/uploads\/2022\/12\/1-PRO-300x36.jpg 300w, https:\/\/www.infokuryr.cz\/n\/wp-content\/uploads\/2022\/12\/1-PRO.jpg 699w\" sizes=\"(max-width: 1258px) 100vw, 1258px\" \/><\/p>\n<p>&nbsp;<\/p>\n<p>&nbsp;<\/p>\n","protected":false},"excerpt":{"rendered":"<p>Mluv\u010d\u00ed ministerstva zahrani\u010d\u00ed RF Zacharovov\u00e1 obvinila mluv\u010d\u00edho B\u00edl\u00e9ho domu Kirbyho, \u017ee novin\u00e1\u0159\u016fm lhal. John Kirby,&#8230;<\/p>\n","protected":false},"author":2,"featured_media":13485,"comment_status":"closed","ping_status":"closed","sticky":false,"template":"","format":"standard","meta":[],"categories":[7],"tags":[2358,851,273,490],"_links":{"self":[{"href":"https:\/\/www.infokuryr.cz\/n\/wp-json\/wp\/v2\/posts\/26842"}],"collection":[{"href":"https:\/\/www.infokuryr.cz\/n\/wp-json\/wp\/v2\/posts"}],"about":[{"href":"https:\/\/www.infokuryr.cz\/n\/wp-json\/wp\/v2\/types\/post"}],"author":[{"embeddable":true,"href":"https:\/\/www.infokuryr.cz\/n\/wp-json\/wp\/v2\/users\/2"}],"replies":[{"embeddable":true,"href":"https:\/\/www.infokuryr.cz\/n\/wp-json\/wp\/v2\/comments?post=26842"}],"version-history":[{"count":0,"href":"https:\/\/www.infokuryr.cz\/n\/wp-json\/wp\/v2\/posts\/26842\/revisions"}],"wp:featuredmedia":[{"embeddable":true,"href":"https:\/\/www.infokuryr.cz\/n\/wp-json\/wp\/v2\/media\/13485"}],"wp:attachment":[{"href":"https:\/\/www.infokuryr.cz\/n\/wp-json\/wp\/v2\/media?parent=26842"}],"wp:term":[{"taxonomy":"category","embeddable":true,"href":"https:\/\/www.infokuryr.cz\/n\/wp-json\/wp\/v2\/categories?post=26842"},{"taxonomy":"post_tag","embeddable":true,"href":"https:\/\/www.infokuryr.cz\/n\/wp-json\/wp\/v2\/tags?post=26842"}],"curies":[{"name":"wp","href":"https:\/\/api.w.org\/{rel}","templated":true}]}}