{"id":26840,"date":"2023-04-25T05:52:37","date_gmt":"2023-04-25T03:52:37","guid":{"rendered":"http:\/\/www.infokuryr.cz\/n\/?p=26840"},"modified":"2023-04-25T05:52:37","modified_gmt":"2023-04-25T03:52:37","slug":"v-moskve-navrhli-vymenu-whelana-gershkoviche-a-kara-murzy-za-assange","status":"publish","type":"post","link":"https:\/\/www.infokuryr.cz\/n\/2023\/04\/25\/v-moskve-navrhli-vymenu-whelana-gershkoviche-a-kara-murzy-za-assange\/","title":{"rendered":"V Moskv\u011b navrhli v\u00fdm\u011bnu Whelana, Gershkoviche a Kara-Murzy za Assange"},"content":{"rendered":"<div id=\"fb-root\"><\/div>\n<p>\u0160\u00e9fredaktorka RT Margarita Simonjanov\u00e1 navrhla v\u00fdm\u011bnu dvou Ameri\u010dan\u016f Paula Whelana a Evana Gershkoviche, kte\u0159\u00ed jsou v\u011bzn\u011bni v Rusku, a tak\u00e9 Vladimira Kara-Murzy (uzn\u00e1van\u00e9ho jako zahrani\u010dn\u00ed agent) odsouzen\u00e9ho k 25 let\u016fm v\u011bzen\u00ed, za zakladatele WikiLeaks Juliana Assange. Napsala o tom v kan\u00e1lu\u00a0<a href=\"https:\/\/t.me\/margaritasimonyan\/12871\" target=\"_blank\" rel=\"noreferrer noopener\">Telegram<\/a>.<\/p>\n<p><em>\u201cVym\u011b\u0148te Whelana, Kara-Murzu a Gershkoviche za Assange. Za m\u00e9n\u011b ne\u017e t\u0159i, ho nevym\u011bn\u00ed. Zachra\u0148te jeden u\u017eite\u010dn\u00fd \u017eivot za cenu t\u0159\u00ed zhoubn\u00fdch,\u201c<\/em>\u00a0vyzvala Simonjanov\u00e1.<\/p>\n<p><a href=\"https:\/\/lenta.ru\/tags\/organizations\/mosgorsud\/\" target=\"_blank\" rel=\"noreferrer noopener\">Moskevsk\u00fd m\u011bstsk\u00fd soud\u00a0<\/a><a href=\"https:\/\/lenta.ru\/news\/2023\/04\/17\/karaa\/\" target=\"_blank\" rel=\"noreferrer noopener\">odsoudil<\/a>\u00a017. dubna 2023\u00a0Kara-Murzu na 25 let v kolonii s p\u0159\u00edsn\u00fdm re\u017eimem.\u00a0 Byl shled\u00e1n vinn\u00fdm ze zrady, spolupr\u00e1ce s ne\u017e\u00e1douc\u00ed organizac\u00ed a \u0161\u00ed\u0159en\u00ed pad\u011blk\u016f o rusk\u00fdch ozbrojen\u00fdch sil\u00e1ch.<\/p>\n<p>Korespondent Wall Street Journal Evan Gershkovich byl zadr\u017een 30. b\u0159ezna v\u00a0<a href=\"https:\/\/lenta.ru\/tags\/geo\/ekaterinburg\/\" target=\"_blank\" rel=\"noreferrer noopener\">Jekat\u011brinburgu<\/a>.\u00a0Byl obvin\u011bn ze \u0161pion\u00e1\u017ee.<\/p>\n<p>B\u00fdval\u00fd mari\u0148\u00e1k Paul Whelan byl zadr\u017een v\u00a0<a href=\"https:\/\/lenta.ru\/tags\/geo\/moskva\/\" target=\"_blank\" rel=\"noreferrer noopener\">Moskv\u011b<\/a>\u00a0v prosinci 2018.\u00a0Byl odsouzen k 16 let\u016fm v\u011bzen\u00ed na z\u00e1klad\u011b obvin\u011bn\u00ed ze \u0161pion\u00e1\u017ee.\u00a0Trest si odpyk\u00e1v\u00e1 v kolonii v\u00a0<a href=\"https:\/\/lenta.ru\/tags\/geo\/mordoviya\/\" target=\"_blank\" rel=\"noreferrer noopener\">Mordovii<\/a>.\u00a0S\u00e1m ob\u017ealovan\u00fd svou vinu pop\u00edr\u00e1.<\/p>\n<p>17. \u010dervna 2022\u00a0<a href=\"https:\/\/lenta.ru\/tags\/geo\/velikobritaniya\/\" target=\"_blank\" rel=\"noreferrer noopener\">britsk\u00e1<\/a>\u00a0ministryn\u011b vnitra Priti Patel schv\u00e1lila vyd\u00e1n\u00ed Assange do\u00a0<a href=\"https:\/\/lenta.ru\/tags\/geo\/ssha\/\" target=\"_blank\" rel=\"noreferrer noopener\">Spojen\u00fdch st\u00e1t\u016f<\/a>, kde mu hroz\u00ed 175 let v\u011bzen\u00ed.<\/p>\n<p>Pr\u00e1vn\u00edk Kara-Murzy Vadim Prochorov \u0159ekl RBC, \u017ee \u201cobecn\u011b to lze jen uv\u00edtat.\u201d<\/p>\n<p>\u201eNem\u00e1m na mysli n\u00e1vrh Simonjanov\u00e9, ale my\u0161lenku samotn\u00e9 v\u00fdm\u011bny a t\u00edm zachra\u0148ov\u00e1n\u00ed \u017eivot\u016f. Pokud jde o konkr\u00e9tn\u00ed n\u00e1vrh k tomu bych se prost\u011b necht\u011bl vyjad\u0159ovat. Obecn\u011b plat\u00ed, \u017ee my\u0161lenka v\u00fdm\u011bny je spr\u00e1vn\u00e1, opr\u00e1vn\u011bn\u00e1 a m\u00e1 historick\u00e9 pozad\u00ed,\u201c uvedl obh\u00e1jce.<\/p>\n<p><a href=\"https:\/\/bit.ly\/3N62oo8\">ZDROJ<\/a><\/p>\n<p>&nbsp;<\/p>\n<p>&nbsp;<\/p>\n<p><img decoding=\"async\" loading=\"lazy\" class=\"wp-image-19187 aligncenter\" src=\"http:\/\/www.infokuryr.cz\/n\/wp-content\/uploads\/2022\/12\/1-PRO-300x36.jpg\" alt=\"\" width=\"1258\" height=\"151\" srcset=\"https:\/\/www.infokuryr.cz\/n\/wp-content\/uploads\/2022\/12\/1-PRO-300x36.jpg 300w, https:\/\/www.infokuryr.cz\/n\/wp-content\/uploads\/2022\/12\/1-PRO.jpg 699w\" sizes=\"(max-width: 1258px) 100vw, 1258px\" \/><\/p>\n<p>&nbsp;<\/p>\n<p>&nbsp;<\/p>\n","protected":false},"excerpt":{"rendered":"<p>\u0160\u00e9fredaktorka RT Margarita Simonjanov\u00e1 navrhla v\u00fdm\u011bnu dvou Ameri\u010dan\u016f Paula Whelana a Evana Gershkoviche, kte\u0159\u00ed jsou&#8230;<\/p>\n","protected":false},"author":2,"featured_media":26841,"comment_status":"closed","ping_status":"closed","sticky":false,"template":"","format":"standard","meta":[],"categories":[7],"tags":[734,246,2228],"_links":{"self":[{"href":"https:\/\/www.infokuryr.cz\/n\/wp-json\/wp\/v2\/posts\/26840"}],"collection":[{"href":"https:\/\/www.infokuryr.cz\/n\/wp-json\/wp\/v2\/posts"}],"about":[{"href":"https:\/\/www.infokuryr.cz\/n\/wp-json\/wp\/v2\/types\/post"}],"author":[{"embeddable":true,"href":"https:\/\/www.infokuryr.cz\/n\/wp-json\/wp\/v2\/users\/2"}],"replies":[{"embeddable":true,"href":"https:\/\/www.infokuryr.cz\/n\/wp-json\/wp\/v2\/comments?post=26840"}],"version-history":[{"count":0,"href":"https:\/\/www.infokuryr.cz\/n\/wp-json\/wp\/v2\/posts\/26840\/revisions"}],"wp:featuredmedia":[{"embeddable":true,"href":"https:\/\/www.infokuryr.cz\/n\/wp-json\/wp\/v2\/media\/26841"}],"wp:attachment":[{"href":"https:\/\/www.infokuryr.cz\/n\/wp-json\/wp\/v2\/media?parent=26840"}],"wp:term":[{"taxonomy":"category","embeddable":true,"href":"https:\/\/www.infokuryr.cz\/n\/wp-json\/wp\/v2\/categories?post=26840"},{"taxonomy":"post_tag","embeddable":true,"href":"https:\/\/www.infokuryr.cz\/n\/wp-json\/wp\/v2\/tags?post=26840"}],"curies":[{"name":"wp","href":"https:\/\/api.w.org\/{rel}","templated":true}]}}