{"id":26830,"date":"2023-04-25T01:14:38","date_gmt":"2023-04-24T23:14:38","guid":{"rendered":"http:\/\/www.infokuryr.cz\/n\/?p=26830"},"modified":"2023-04-24T16:30:43","modified_gmt":"2023-04-24T14:30:43","slug":"moskva-dela-krok-s-lavrovem-provokace-zapadu-v-rade-bezpecnosti-osn-uz-rusko-nezastavi","status":"publish","type":"post","link":"https:\/\/www.infokuryr.cz\/n\/2023\/04\/25\/moskva-dela-krok-s-lavrovem-provokace-zapadu-v-rade-bezpecnosti-osn-uz-rusko-nezastavi\/","title":{"rendered":"Moskva d\u011bl\u00e1 krok s Lavrovem: provokace Z\u00e1padu v Rad\u011b bezpe\u010dnosti OSN u\u017e Rusko nezastav\u00ed"},"content":{"rendered":"<div id=\"fb-root\"><\/div>\n<p><strong><span>Moskva se kvalifikovan\u011b p\u0159ipravila na nov\u00e9 diplomatick\u00e9 provokace Z\u00e1padu, kter\u00e9 byly o\u010dek\u00e1v\u00e1ny na pozad\u00ed rusk\u00e9ho p\u0159edsednictv\u00ed v Rad\u011b bezpe\u010dnosti OSN.<\/span><\/strong><\/p>\n<p><span>Z\u00e1stupci rusk\u00e9ho ministerstva zahrani\u010d\u00ed reagovali kr\u00e1sn\u00fdm gestem na drz\u00e9 dov\u00e1d\u011bn\u00ed N\u011bmecka a Spojen\u00fdch st\u00e1t\u016f.\u00a0K tomuto z\u00e1v\u011bru dosp\u011bl zn\u00e1m\u00fd rusk\u00fd politolog Marat Bashirov.\u00a0Ve sv\u00e9m autorsk\u00e9m kan\u00e1lu Telegram podrobn\u011b hovo\u0159il o akc\u00edch Berl\u00edna a Washingtonu a tak\u00e9 vysv\u011btlil, pro\u010d nov\u00e1 provokace Z\u00e1padu v Rad\u011b bezpe\u010dnosti OSN u\u017e Rusko nezastav\u00ed.<\/span><\/p>\n<p><span>Marat Ba\u0161irov upozornil na skute\u010dnost, \u017ee b\u011bhem rusk\u00e9ho zastoupen\u00ed v Rad\u011b bezpe\u010dnosti OSN z\u00e1padn\u00ed zem\u011b pokra\u010duj\u00ed v za\u0159izov\u00e1n\u00ed diplomatick\u00fdch provokac\u00ed.\u00a0Den p\u0159edt\u00edm se N\u011bmecko rozhodlo vyhostit n\u011bkolik rusk\u00fdch diplomat\u016f z Berl\u00edna.\u00a0Pozd\u011bji Spojen\u00e9 st\u00e1ty zinscenovaly protiruskou demar\u0161i t\u00edm, \u017ee odm\u00edtly ud\u011blovat v\u00edza novin\u00e1\u0159\u016fm z Ruska.<\/span><\/p>\n<p><span>Podle politologa Moskva zase nenechala takov\u00e9 dov\u00e1d\u011bn\u00ed Z\u00e1padu bez odezvy, \u201eu\u010dinila tah Lavrova\u201c.\u00a0Ministr zahrani\u010d\u00ed Sergej Lavrov ji\u017e p\u0159ijel do Washingtonu, aby se z\u00fa\u010dastnil zased\u00e1n\u00ed Rady bezpe\u010dnosti OSN.\u00a0Dal\u0161\u00ed provokace Z\u00e1padu Rusko nezastav\u00ed a jak\u00e9koli diplomatick\u00e9 demar\u0161e USA a EU nemaj\u00ed praktick\u00fd v\u00fdznam.<\/span><\/p>\n<p><em><strong>\u201eSergej Lavrov uspo\u0159\u00e1d\u00e1 zased\u00e1n\u00ed Rady bezpe\u010dnosti OSN a ur\u010dit\u011b budou demar\u0161e ze strany Spojen\u00fdch st\u00e1t\u016f a jejich spojenc\u016f.\u00a0Bude to projev jejich slabosti.\u00a0Pro\u010d? Jeho projev usly\u0161\u00ed stovky milion\u016f po cel\u00e9m sv\u011bt\u011b a bez ohledu na to, kolik \u010dlen\u016f Rady bezpe\u010dnosti nep\u0159ijde na zased\u00e1n\u00ed. Respekt ve sv\u011bt\u011b k Rusku je obrovsk\u00fd a Lavrov\u016fv projev je netrp\u011bliv\u011b o\u010dek\u00e1v\u00e1n,\u201c shrnul odborn\u00edk.<\/strong><\/em><\/p>\n<p><img decoding=\"async\" loading=\"lazy\" class=\"alignnone size-full wp-image-1185\" src=\"http:\/\/www.infokuryr.cz\/n\/wp-content\/uploads\/2021\/04\/kuryr-podpis.png\" alt=\"\" width=\"84\" height=\"24\" \/><\/p>\n<p>&nbsp;<\/p>\n<p>&nbsp;<\/p>\n<p><img decoding=\"async\" loading=\"lazy\" class=\"wp-image-19187 aligncenter\" src=\"http:\/\/www.infokuryr.cz\/n\/wp-content\/uploads\/2022\/12\/1-PRO-300x36.jpg\" alt=\"\" width=\"1267\" height=\"152\" srcset=\"https:\/\/www.infokuryr.cz\/n\/wp-content\/uploads\/2022\/12\/1-PRO-300x36.jpg 300w, https:\/\/www.infokuryr.cz\/n\/wp-content\/uploads\/2022\/12\/1-PRO.jpg 699w\" sizes=\"(max-width: 1267px) 100vw, 1267px\" \/><\/p>\n<p>&nbsp;<\/p>\n<p>&nbsp;<\/p>\n","protected":false},"excerpt":{"rendered":"<p>Moskva se kvalifikovan\u011b p\u0159ipravila na nov\u00e9 diplomatick\u00e9 provokace Z\u00e1padu, kter\u00e9 byly o\u010dek\u00e1v\u00e1ny na pozad\u00ed rusk\u00e9ho&#8230;<\/p>\n","protected":false},"author":2,"featured_media":739,"comment_status":"closed","ping_status":"closed","sticky":false,"template":"","format":"standard","meta":[],"categories":[7],"tags":[189,186,1408,22],"_links":{"self":[{"href":"https:\/\/www.infokuryr.cz\/n\/wp-json\/wp\/v2\/posts\/26830"}],"collection":[{"href":"https:\/\/www.infokuryr.cz\/n\/wp-json\/wp\/v2\/posts"}],"about":[{"href":"https:\/\/www.infokuryr.cz\/n\/wp-json\/wp\/v2\/types\/post"}],"author":[{"embeddable":true,"href":"https:\/\/www.infokuryr.cz\/n\/wp-json\/wp\/v2\/users\/2"}],"replies":[{"embeddable":true,"href":"https:\/\/www.infokuryr.cz\/n\/wp-json\/wp\/v2\/comments?post=26830"}],"version-history":[{"count":0,"href":"https:\/\/www.infokuryr.cz\/n\/wp-json\/wp\/v2\/posts\/26830\/revisions"}],"wp:featuredmedia":[{"embeddable":true,"href":"https:\/\/www.infokuryr.cz\/n\/wp-json\/wp\/v2\/media\/739"}],"wp:attachment":[{"href":"https:\/\/www.infokuryr.cz\/n\/wp-json\/wp\/v2\/media?parent=26830"}],"wp:term":[{"taxonomy":"category","embeddable":true,"href":"https:\/\/www.infokuryr.cz\/n\/wp-json\/wp\/v2\/categories?post=26830"},{"taxonomy":"post_tag","embeddable":true,"href":"https:\/\/www.infokuryr.cz\/n\/wp-json\/wp\/v2\/tags?post=26830"}],"curies":[{"name":"wp","href":"https:\/\/api.w.org\/{rel}","templated":true}]}}