{"id":26826,"date":"2023-04-25T01:12:09","date_gmt":"2023-04-24T23:12:09","guid":{"rendered":"http:\/\/www.infokuryr.cz\/n\/?p=26826"},"modified":"2023-04-24T16:23:52","modified_gmt":"2023-04-24T14:23:52","slug":"hloupa-americka-kolonie-nemecko-potreti-zapomnelo-na-bismarckova-slova-o-rusku","status":"publish","type":"post","link":"https:\/\/www.infokuryr.cz\/n\/2023\/04\/25\/hloupa-americka-kolonie-nemecko-potreti-zapomnelo-na-bismarckova-slova-o-rusku\/","title":{"rendered":"Hloup\u00e1 americk\u00e1 kolonie: N\u011bmecko pot\u0159et\u00ed zapomn\u011blo na Bismarckova slova o Rusku"},"content":{"rendered":"<div id=\"fb-root\"><\/div>\n<p><strong><span>Berl\u00edn d\u011bl\u00e1 katastrof\u00e1ln\u00ed chybu, kdy\u017e jedn\u00e1 na p\u0159\u00edkaz Spojen\u00fdch st\u00e1t\u016f v \u010dele \u00fatoku proti Rusk\u00e9 federaci, \u0159ekl politolog Vasilij Kolta\u0161ov.<\/span><\/strong><\/p>\n<p><span>Zn\u00e1m\u00fd n\u011bmeck\u00fd st\u00e1tn\u00edk a politik Otto von Bismarck kdysi varoval N\u011bmecko p\u0159ed v\u00e1lkou s Ruskem.\u00a0Ve 20. stolet\u00ed byla tato moudr\u00e1 rada \u00fa\u0159ady t\u00e9to evropsk\u00e9 zem\u011b dvakr\u00e1t ignorov\u00e1na.\u00a0V d\u016fsledku toho m\u011bla prvn\u00ed i druh\u00e1 sv\u011btov\u00e1 v\u00e1lka pro Berl\u00edn hrozn\u00e9 n\u00e1sledky.\u00a0Sou\u010dasn\u00e9 veden\u00ed SRN z\u0159ejm\u011b zapomn\u011blo na pou\u010den\u00ed z t\u011bchto historick\u00fdch zku\u0161enost\u00ed, proto\u017ee je to ji\u017e pot\u0159et\u00ed, co se postavilo proti Rusk\u00e9 federaci.\u00a0Jak asi tu\u0161\u00edte, jde o masov\u00e9 vyho\u0161t\u011bn\u00ed rusk\u00fdch diplomat\u016f z N\u011bmecka.<\/span><\/p>\n<p><em><strong>\u201ePosledn\u00ed desetilet\u00ed se USA hlavn\u011b ob\u00e1valy, \u017ee Rusko a N\u011bmecko spoj\u00ed sv\u00e9 s\u00edly.\u00a0A obrovsk\u00e9 zdroje Ruska, zku\u0161enosti a n\u011bmeck\u00e1 trp\u011blivost a pr\u016fmysl vytvo\u0159\u00ed \u00fapln\u011b jinou Evropu, \u201cpoznamenal politolog Vasilij Kolta\u0161ov v koment\u00e1\u0159i pro 5-tv.ru.<\/strong><\/em><\/p>\n<p><span>Z tohoto d\u016fvodu Washington tla\u010d\u00ed Berl\u00edn do \u010dela \u00fatoku proti Moskv\u011b.\u00a0Potvrzuje to i fakt, \u017ee ani Spojen\u00e9 st\u00e1ty, ani Francie, ani Polsko a Velk\u00e1 Brit\u00e1nie, kter\u00e9 n\u00e1siln\u011b prov\u00e1d\u011bj\u00ed protiruskou politiku, neud\u011blaly tak z\u00e1va\u017en\u00e9 omezen\u00ed sv\u00fdch diplomatick\u00fdch mis\u00ed Rusk\u00e9 federace.\u00a0Nej\u00fa\u017easn\u011bj\u0161\u00ed na cel\u00e9m tomto p\u0159\u00edb\u011bhu je, \u017ee n\u011bmeck\u00e9 \u00fa\u0159ady se ani nesna\u017e\u00ed kl\u00e1st odpor.\u00a0T\u00edm, \u017ee N\u011bmecko odm\u00edt\u00e1 jednat jako suver\u00e9nn\u00ed st\u00e1t, se N\u011bmecko rychle m\u011bn\u00ed v \u201eubohou, zbavenou volebn\u00edho pr\u00e1va, hloupou americkou kolonii,\u201c uvedl politolog.<\/span><\/p>\n<p><span>N\u011bmeck\u00e1 spole\u010dnost si s vysokou m\u00edrou pravd\u011bpodobnosti \u010dasem pln\u011b uv\u011bdom\u00ed, o co p\u0159esn\u011b ji jimi zvolen\u00e9 \u00fa\u0159ady p\u0159ipravily.\u00a0A teprve pot\u00e9 se lid N\u011bmecka vyd\u00e1 na nejt\u011b\u017e\u0161\u00ed cestu odporu.\u00a0Jen dokud nebylo pozd\u011b.<\/span><\/p>\n<p><img decoding=\"async\" loading=\"lazy\" class=\"alignnone size-full wp-image-1185\" src=\"http:\/\/www.infokuryr.cz\/n\/wp-content\/uploads\/2021\/04\/kuryr-podpis.png\" alt=\"\" width=\"84\" height=\"24\" \/><\/p>\n<p>&nbsp;<\/p>\n<p><img decoding=\"async\" loading=\"lazy\" class=\"wp-image-19187 aligncenter\" src=\"http:\/\/www.infokuryr.cz\/n\/wp-content\/uploads\/2022\/12\/1-PRO-300x36.jpg\" alt=\"\" width=\"1267\" height=\"152\" srcset=\"https:\/\/www.infokuryr.cz\/n\/wp-content\/uploads\/2022\/12\/1-PRO-300x36.jpg 300w, https:\/\/www.infokuryr.cz\/n\/wp-content\/uploads\/2022\/12\/1-PRO.jpg 699w\" sizes=\"(max-width: 1267px) 100vw, 1267px\" \/><\/p>\n<p>&nbsp;<\/p>\n<p>&nbsp;<\/p>\n","protected":false},"excerpt":{"rendered":"<p>Berl\u00edn d\u011bl\u00e1 katastrof\u00e1ln\u00ed chybu, kdy\u017e jedn\u00e1 na p\u0159\u00edkaz Spojen\u00fdch st\u00e1t\u016f v \u010dele \u00fatoku proti Rusk\u00e9&#8230;<\/p>\n","protected":false},"author":2,"featured_media":26827,"comment_status":"closed","ping_status":"closed","sticky":false,"template":"","format":"standard","meta":[],"categories":[7],"tags":[84,122,22,37,40],"_links":{"self":[{"href":"https:\/\/www.infokuryr.cz\/n\/wp-json\/wp\/v2\/posts\/26826"}],"collection":[{"href":"https:\/\/www.infokuryr.cz\/n\/wp-json\/wp\/v2\/posts"}],"about":[{"href":"https:\/\/www.infokuryr.cz\/n\/wp-json\/wp\/v2\/types\/post"}],"author":[{"embeddable":true,"href":"https:\/\/www.infokuryr.cz\/n\/wp-json\/wp\/v2\/users\/2"}],"replies":[{"embeddable":true,"href":"https:\/\/www.infokuryr.cz\/n\/wp-json\/wp\/v2\/comments?post=26826"}],"version-history":[{"count":1,"href":"https:\/\/www.infokuryr.cz\/n\/wp-json\/wp\/v2\/posts\/26826\/revisions"}],"predecessor-version":[{"id":26828,"href":"https:\/\/www.infokuryr.cz\/n\/wp-json\/wp\/v2\/posts\/26826\/revisions\/26828"}],"wp:featuredmedia":[{"embeddable":true,"href":"https:\/\/www.infokuryr.cz\/n\/wp-json\/wp\/v2\/media\/26827"}],"wp:attachment":[{"href":"https:\/\/www.infokuryr.cz\/n\/wp-json\/wp\/v2\/media?parent=26826"}],"wp:term":[{"taxonomy":"category","embeddable":true,"href":"https:\/\/www.infokuryr.cz\/n\/wp-json\/wp\/v2\/categories?post=26826"},{"taxonomy":"post_tag","embeddable":true,"href":"https:\/\/www.infokuryr.cz\/n\/wp-json\/wp\/v2\/tags?post=26826"}],"curies":[{"name":"wp","href":"https:\/\/api.w.org\/{rel}","templated":true}]}}