{"id":26819,"date":"2023-04-25T01:08:43","date_gmt":"2023-04-24T23:08:43","guid":{"rendered":"http:\/\/www.infokuryr.cz\/n\/?p=26819"},"modified":"2023-04-24T14:01:16","modified_gmt":"2023-04-24T12:01:16","slug":"nemecky-kardinal-ideologicka-valka-je-pokusem-o-opetovne-rozdeleni-polska","status":"publish","type":"post","link":"https:\/\/www.infokuryr.cz\/n\/2023\/04\/25\/nemecky-kardinal-ideologicka-valka-je-pokusem-o-opetovne-rozdeleni-polska\/","title":{"rendered":"N\u011bmeck\u00fd kardin\u00e1l: Ideologick\u00e1 v\u00e1lka je pokusem o op\u011btovn\u00e9 rozd\u011blen\u00ed Polska"},"content":{"rendered":"<div id=\"fb-root\"><\/div>\n<p><span style=\"font-size: 18pt;\"><strong>N\u011bmeck\u00fd kardin\u00e1l dlouhodob\u011b h\u00e1j\u00ed Polsko a kritizuje sm\u011b\u0159ov\u00e1n\u00ed katolick\u00e9 c\u00edrkve ve sv\u00e9 zemi<\/strong><\/span><\/p>\n<p><span>Katolick\u00e1 v\u00edra zaru\u010duje polskou jednotu, a proto Polsko v sou\u010dasn\u00e9 dob\u011b pro\u017e\u00edv\u00e1 obdob\u00ed ideologick\u00e9 v\u00e1lky, kter\u00e1 je dal\u0161\u00edm pokusem o\u00a0<\/span><a class=\"ek-link\" href=\"https:\/\/rmx.news\/commentary\/the-oppositions-boycott-of-dudas-swearing-in-harkens-back-to-the-partitions-of-poland\/\"><span>rozd\u011blen\u00ed<\/span><\/a><span>\u00a0zem\u011b, \u201etentokr\u00e1t nikoli vojenskou silou, ale ideologick\u00fdmi prost\u0159edky\u201c, \u0159\u00edk\u00e1 kardin\u00e1l Gerhard Ludwig M\u00fcller.<\/span><\/p>\n<p><span>M\u00fcller to \u0159ekl pot\u00e9, co obdr\u017eel cenu za svou pr\u00e1ci od Asociace katolick\u00fdch nakladatel\u016f v polsk\u00e9 Var\u0161av\u011b.\u00a0B\u011bhem sv\u00e9ho projevu \u0159ekl, \u017ee vid\u00ed katolicismus stejn\u00fdm zp\u016fsobem, jak jej vn\u00edmali\u00a0<\/span><a href=\"https:\/\/rmx.news\/poland\/thousands-march-for-pope-john-paul-ii-on-anniversary-of-his-death\/\"><span>pape\u017e Jan Pavel II.<\/span><\/a><span>\u00a0a\u00a0<\/span><a href=\"https:\/\/rmx.news\/poland\/remembering-pope-benedict-xvi\/\"><span>pape\u017e Benedikt XVI<\/span><\/a><span>\u00a0., kte\u0159\u00ed oba usilovali o jednotu v\u00edry a rozumu.\u00a0<\/span><\/p>\n<p><span>\u0158ekl, \u017ee pova\u017euje\u00a0<\/span><a href=\"https:\/\/rmx.news\/poland\/polish-archbishop-defends-pope-john-paul-ii-against-left-liberal-media-attacks\/\"><span>ned\u00e1vn\u00e9 \u00fatoky na pape\u017ee Jana Pavla II.<\/span><\/a><span> ze strany levicov\u011b liber\u00e1ln\u00ed opozice a levicov\u00e9ho tisku v Polsku za d\u016fkaz, \u017ee ideologick\u00e9 \u00fatoky nam\u00ed\u0159en\u00e9 proti Polsku s\u00edl\u00ed.<\/span><\/p>\n<p><span>M\u00fcller vyzval Pol\u00e1ky, aby se znovu modlili za svat\u00e9ho pape\u017ee Jana Pavla II., jako to d\u011blali v dob\u00e1ch jeho pokusu o atent\u00e1t v roce 1981. Tehdy se modlili za jeho zdrav\u00ed, nyn\u00ed se mus\u00ed modlit za zachov\u00e1n\u00ed jeho dobr\u00e9ho jm\u00e9na.<\/span><\/p>\n<p><span>Kardin\u00e1l \u0159ekl, \u017ee v\u011b\u0159\u00ed, \u017ee Polsko ch\u00e1pe podstatu katolicismu, ale mus\u00ed pokra\u010dovat v boji, aby v\u016fbec existovalo.\u00a0Poznamenal, \u017ee jeden z poradc\u016f rusk\u00e9ho prezidenta Vladimira Putina zast\u00e1val n\u00e1zor, \u017ee chcete-li zni\u010dit Polsko, mus\u00edte zni\u010dit katolicismus.\u00a0<\/span><\/p>\n<p><span>N\u011bmeck\u00fd kardin\u00e1l \u0159ekl, \u017ee je p\u0159esv\u011bd\u010den, \u017ee Polsko si v\u00edru zachov\u00e1 a odol\u00e1 pokus\u016fm o jej\u00ed zni\u010den\u00ed.\u00a0<\/span><\/p>\n<p><span>Kardin\u00e1l, kter\u00fd nyn\u00ed ode\u0161el ze sv\u00e9ho postu ve Vatik\u00e1nu, ale z\u016fst\u00e1v\u00e1 kardin\u00e1lem, \u0159ekl, \u017ee k\u0159es\u0165anstv\u00ed dnes stoj\u00ed na k\u0159i\u017eovatce a je pot\u0159eba vysv\u011btlit duchovn\u00ed, ideologick\u00e9 a politick\u00e9 jevy.<\/span><\/p>\n<p><span>M\u00fcller dlouhodob\u011b otev\u0159en\u011b podporuje Polsko a v roce 2021\u00a0<\/span><a class=\"ek-link\" href=\"https:\/\/rmx.news\/article\/german-cardinal-poland-is-not-a-child-to-be-reprimanded-by-incompetent-politicians-from-the-west\/\"><span>\u0159ekl<\/span><\/a><span>\u00a0: \u201ePova\u017euji za velkou nespravedlnost, \u017ee lid\u00e9 na Z\u00e1pad\u011b, kte\u0159\u00ed nemaj\u00ed pon\u011bt\u00ed o tom, co se v Polsku d\u011bje a dost\u00e1vaj\u00ed obrovsk\u00e9 sumy pen\u011bz od instituc\u00ed EU, polsky k\u00e1raj\u00ed. ob\u010dan\u016f.\u00a0Vyz\u00fdv\u00e1m ka\u017ed\u00e9ho Pol\u00e1ka, aby nedovolil takovou namy\u0161lenost a beztrestnost.<\/span><\/p>\n<p><span>\u201ePolsko nen\u00ed d\u00edt\u011b, kter\u00e9 by m\u011blo b\u00fdt k\u00e1r\u00e1no neschopn\u00fdmi politiky ze Z\u00e1padu,\u201c prohl\u00e1sil kardin\u00e1l.<\/span><\/p>\n<p><span>Rovn\u011b\u017e kritizoval v\u00fdvoj v c\u00edrkvi sv\u00e9 vlastn\u00ed zem\u011b a\u00a0<\/span><a class=\"ek-link\" href=\"https:\/\/rmx.news\/germany\/germanys-catholic-church-goes-woke\/\"><span>tvrdil<\/span><\/a><span>\u00a0, \u017ee opou\u0161t\u00ed katolickou doktr\u00ednu a p\u0159ij\u00edm\u00e1 st\u00e1le \u201eprobuzen\u011bj\u0161\u00ed\u201c agendu.<\/span><\/p>\n<p><span>Kardin\u00e1l M\u00fcller \u0159ekl, \u017ee v\u011b\u0159\u00ed, \u017ee mnoho z t\u011bch, kdo v C\u00edrkvi propaguj\u00ed s\u0148atky osob stejn\u00e9ho pohlav\u00ed a dal\u0161\u00ed progresivn\u00ed n\u00e1zory, jsou \u201esekularizovan\u00ed lid\u00e9\u201c, kte\u0159\u00ed si \u201echt\u011bj\u00ed ponechat jm\u00e9no \u201akatol\u00edci\u2018, aby z\u016fstali v instituci a vzali si pen\u00edze, ale nebudou\u201c nep\u0159ij\u00edm\u00e1m u\u010den\u00ed slova Bo\u017e\u00edho.\u00a0Relativizuj\u00ed katolickou v\u00edru, ale z\u016fst\u00e1vaj\u00ed u sv\u00fdch titul\u016f: kardin\u00e1lov\u00e9, biskupov\u00e9, profeso\u0159i teologie \u2013 ale ve skute\u010dnosti nev\u011b\u0159\u00ed tomu, co c\u00edrkev \u0159\u00edk\u00e1.\u00a0D\u00e1le, pokud jde o LGBTQ ideologii, poznamenal, \u017ee je \u201etot\u00e1ln\u011b idiotsk\u00e1, proto\u017ee jej\u00ed novognostick\u00e1 mytologie je absolutn\u011b proti lidsk\u00e9 p\u0159irozenosti, a to nejen v biologick\u00e9m smyslu, ale tak\u00e9 ve filozofick\u00e9m smyslu\u201c.<\/span><\/p>\n<p><img decoding=\"async\" loading=\"lazy\" class=\"alignnone size-full wp-image-1185\" src=\"http:\/\/www.infokuryr.cz\/n\/wp-content\/uploads\/2021\/04\/kuryr-podpis.png\" alt=\"\" width=\"84\" height=\"24\" \/><\/p>\n<p>&nbsp;<\/p>\n<p>&nbsp;<\/p>\n<p><img decoding=\"async\" loading=\"lazy\" class=\"wp-image-19187 aligncenter\" src=\"http:\/\/www.infokuryr.cz\/n\/wp-content\/uploads\/2022\/12\/1-PRO-300x36.jpg\" alt=\"\" width=\"1242\" height=\"149\" srcset=\"https:\/\/www.infokuryr.cz\/n\/wp-content\/uploads\/2022\/12\/1-PRO-300x36.jpg 300w, https:\/\/www.infokuryr.cz\/n\/wp-content\/uploads\/2022\/12\/1-PRO.jpg 699w\" sizes=\"(max-width: 1242px) 100vw, 1242px\" \/><\/p>\n<p>&nbsp;<\/p>\n<p>&nbsp;<\/p>\n","protected":false},"excerpt":{"rendered":"<p>N\u011bmeck\u00fd kardin\u00e1l dlouhodob\u011b h\u00e1j\u00ed Polsko a kritizuje sm\u011b\u0159ov\u00e1n\u00ed katolick\u00e9 c\u00edrkve ve sv\u00e9 zemi Katolick\u00e1 v\u00edra&#8230;<\/p>\n","protected":false},"author":2,"featured_media":4769,"comment_status":"closed","ping_status":"closed","sticky":false,"template":"","format":"standard","meta":[],"categories":[7],"tags":[1200,2141,84,31,4816],"_links":{"self":[{"href":"https:\/\/www.infokuryr.cz\/n\/wp-json\/wp\/v2\/posts\/26819"}],"collection":[{"href":"https:\/\/www.infokuryr.cz\/n\/wp-json\/wp\/v2\/posts"}],"about":[{"href":"https:\/\/www.infokuryr.cz\/n\/wp-json\/wp\/v2\/types\/post"}],"author":[{"embeddable":true,"href":"https:\/\/www.infokuryr.cz\/n\/wp-json\/wp\/v2\/users\/2"}],"replies":[{"embeddable":true,"href":"https:\/\/www.infokuryr.cz\/n\/wp-json\/wp\/v2\/comments?post=26819"}],"version-history":[{"count":0,"href":"https:\/\/www.infokuryr.cz\/n\/wp-json\/wp\/v2\/posts\/26819\/revisions"}],"wp:featuredmedia":[{"embeddable":true,"href":"https:\/\/www.infokuryr.cz\/n\/wp-json\/wp\/v2\/media\/4769"}],"wp:attachment":[{"href":"https:\/\/www.infokuryr.cz\/n\/wp-json\/wp\/v2\/media?parent=26819"}],"wp:term":[{"taxonomy":"category","embeddable":true,"href":"https:\/\/www.infokuryr.cz\/n\/wp-json\/wp\/v2\/categories?post=26819"},{"taxonomy":"post_tag","embeddable":true,"href":"https:\/\/www.infokuryr.cz\/n\/wp-json\/wp\/v2\/tags?post=26819"}],"curies":[{"name":"wp","href":"https:\/\/api.w.org\/{rel}","templated":true}]}}