{"id":26818,"date":"2023-04-25T01:07:19","date_gmt":"2023-04-24T23:07:19","guid":{"rendered":"http:\/\/www.infokuryr.cz\/n\/?p=26818"},"modified":"2023-04-24T13:58:00","modified_gmt":"2023-04-24T11:58:00","slug":"open-borders-je-velky-byznys-1-350-francouzskych-sdruzeni-na-podporu-migrantu-obdrzelo-v-roce-2021-granty-ve-vysi-750-milionu-eur","status":"publish","type":"post","link":"https:\/\/www.infokuryr.cz\/n\/2023\/04\/25\/open-borders-je-velky-byznys-1-350-francouzskych-sdruzeni-na-podporu-migrantu-obdrzelo-v-roce-2021-granty-ve-vysi-750-milionu-eur\/","title":{"rendered":"Open Borders je velk\u00fd byznys: 1 350 francouzsk\u00fdch sdru\u017een\u00ed na podporu migrant\u016f obdr\u017eelo v roce 2021 granty ve v\u00fd\u0161i 750 milion\u016f EUR"},"content":{"rendered":"<div id=\"fb-root\"><\/div>\n<p><span style=\"font-size: 18pt;\"><strong>V\u00edce migrant\u016f znamen\u00e1 v\u00edce pen\u011bz pro rozlehl\u00e1 sdru\u017een\u00ed, kter\u00e1 se objevuj\u00ed, aby se postarala o zd\u00e1nliv\u011b nekon\u010d\u00edc\u00ed p\u0159\u00edliv nov\u011b p\u0159\u00edchoz\u00edch<\/strong><\/span><\/p>\n<p><span>V roce 2021 bylo francouzskou vl\u00e1dou dotov\u00e1no nebo odm\u011b\u0148ov\u00e1no t\u00e9m\u011b\u0159 1 350 sdru\u017een\u00ed ve v\u00fd\u0161i 750 milion\u016f EUR, p\u0159i\u010dem\u017e prost\u0159edky byly vy\u010dlen\u011bny v r\u00e1mci \u201emise\u201c p\u0159ist\u011bhovalectv\u00ed, azylu a integrace.<\/span><\/p>\n<p><span>Tyto fondy spolu s financov\u00e1n\u00edm od vn\u011bj\u0161\u00edch akt\u00e9r\u016f, jako je Open Society Foundations, vytv\u00e1\u0159ej\u00ed masivn\u00ed pob\u00eddky pro Francii, aby pokra\u010dovala v politice otev\u0159en\u00fdch hranic.\u00a0Jak uv\u00e1d\u00ed francouzsk\u00fd \u010dasopis Valeurs Actuelles, po\u010det sdru\u017een\u00ed ur\u010den\u00fdch na podporu a pomoc migrant\u016fm se rychle zn\u00e1sobil, p\u0159i\u010dem\u017e oportunisti\u010dt\u00ed akt\u00e9\u0159i vyd\u011bl\u00e1vaj\u00ed na rychle se m\u011bn\u00edc\u00ed francouzsk\u00e9 demografii.<\/span><\/p>\n<p><span>Tato sdru\u017een\u00ed, jako jsou France Terre d&#8217;Asile, La Cimade, GISTI a F\u00f3rum pro uprchl\u00edky, maj\u00ed za \u00fakol pom\u00e1hat neleg\u00e1ln\u00edm p\u0159ist\u011bhovalc\u016fm od chv\u00edle, kdy doraz\u00ed do Francie, v\u010detn\u011b poskytov\u00e1n\u00ed j\u00eddla a ubytov\u00e1n\u00ed a proch\u00e1zen\u00ed nezbytn\u00fdmi kroky. po\u017e\u00e1dat o azyl a dal\u0161\u00ed v\u00fdhody.<\/span><\/p>\n<p><span>Vzhledem k po\u010dtu takov\u00fdch sdru\u017een\u00ed a\u00a0<\/span><a class=\"ek-link\" href=\"https:\/\/rmx.news\/france\/immigration-hits-new-records-in-macrons-france-and-that-may-be-by-design\/\"><span>rekordn\u00edmu po\u010dtu migrant\u016f<\/span><\/a><span>\u00a0p\u0159ich\u00e1zej\u00edc\u00edch do Francie se objevily ot\u00e1zky, odkud se berou pen\u00edze na podporu t\u011bchto n\u00e1kladn\u00fdch operac\u00ed.\u00a0Nathalie Goulet z centristick\u00e9 skupiny Union napsala v prosinci 2022 dopis,\u00a0<\/span><a class=\"ek-link\" href=\"https:\/\/www.senat.fr\/questions\/base\/2022\/qSEQ221204252.html\"><span>kter\u00fd zve\u0159ejnil francouzsk\u00fd Sen\u00e1t<\/span><\/a><span>\u00a0, v n\u011bm\u017e se vl\u00e1dy dot\u00e1zala na podrobnosti t\u00fdkaj\u00edc\u00ed se \u201eve\u0159ejn\u00fdch dotac\u00ed\u201c poskytovan\u00fdch t\u011bmto sdru\u017een\u00edm, v\u010detn\u011b \u201ejejich v\u00fd\u0161e a frekvence.<\/span><\/p>\n<p><span>Francouzsk\u00e1 ministerstva vnitra a z\u00e1mo\u0159sk\u00fdch \u00fazem\u00ed zve\u0159ejnila svou odpov\u011b\u010f 13. dubna tak\u00e9 na webu Sen\u00e1tu.\u00a0P\u00ed\u0161e, \u017ee v roce 2021 \u201ebylo dotov\u00e1no nebo odm\u011b\u0148ov\u00e1no t\u00e9m\u011b\u0159 1 350 sdru\u017een\u00ed za v\u00edce ne\u017e 750 milion\u016f eur v r\u00e1mci mise pro p\u0159ist\u011bhovalectv\u00ed, azyl a integraci\u201c.<\/span><\/p>\n<p><span>Ministerstvo argumentuje t\u00edm, \u017ee existuje p\u0159\u00edsn\u00fd dohled nad t\u00edm, jak jsou tyto prost\u0159edky vynakl\u00e1d\u00e1ny, a sdru\u017een\u00ed migrant\u016f jsou vyb\u00edr\u00e1na \u201ev r\u00e1mci ka\u017edoro\u010dn\u00edch v\u00fdzev k p\u0159edkl\u00e1d\u00e1n\u00ed projekt\u016f na n\u00e1rodn\u00ed \u00farovni, ale tak\u00e9 a p\u0159edev\u0161\u00edm na region\u00e1ln\u00ed a m\u00edstn\u00ed \u00farovni, nebo prost\u0159ednictv\u00edm podepsan\u00fdch \u00fazemn\u00edch smluv. s komunitami.&#8220;<\/span><\/p>\n<p><span>Velk\u00e1 \u010d\u00e1st pr\u00e1ce na zpracov\u00e1n\u00ed migrant\u016f byla sv\u011b\u0159ena t\u011bmto sdru\u017een\u00edm a \u010d\u00e1stky pen\u011bz, kter\u00e9 tyto organizace dost\u00e1vaj\u00ed od da\u0148ov\u00fdch poplatn\u00edk\u016f, jsou pravd\u011bpodobn\u011b je\u0161t\u011b vy\u0161\u0161\u00ed ne\u017e 750 milion\u016f EUR, proto\u017ee existuj\u00ed tak\u00e9 zna\u010dn\u00e9 finan\u010dn\u00ed prost\u0159edky od m\u00edstn\u00edch samospr\u00e1v.<\/span><\/p>\n<p><span>Celkov\u011b se na migranty ve Francii vynakl\u00e1d\u00e1 p\u0159ibli\u017en\u011b\u00a0<\/span><a class=\"ek-link\" href=\"https:\/\/rmx.news\/article\/migration-costs-france-approximately-25-billion-a-year-many-migrants-remain-unemployed-even-after-years-academic\/\"><span>25 miliard EUR<\/span><\/a><span>\u00a0ro\u010dn\u011b, co\u017e podtrhuje zna\u010dn\u00e9 \u010d\u00e1stky pen\u011bz, kter\u00e9 jsou sm\u011b\u0159ov\u00e1ny na tuto rostouc\u00ed demografickou skupinu.\u00a0Podnikatel\u00e9, politi\u010dt\u00ed aktivist\u00e9 a dokonce i n\u00e1bo\u017eensk\u00e9 organizace mohou t\u00e9to skupin\u011b vyd\u011blat mal\u00e9 jm\u011bn\u00ed se v\u0161\u00edm od pr\u00e1delny v azylov\u00fdch domech a\u017e po v\u00fdstavbu nov\u00fdch ubytovac\u00edch za\u0159\u00edzen\u00ed po cel\u00e9 zemi.\u00a0Etni\u010dt\u00ed Francouzi se p\u0159itom\u00a0<\/span><a class=\"ek-link\" href=\"https:\/\/rmx.news\/france\/a-tale-of-two-french-cities-nantes-before-10-years-of-pro-immigration-socialism-and-nantes-today\/\"><span>v n\u011bkter\u00fdch m\u011bstech ji\u017e st\u00e1vaj\u00ed men\u0161inou<\/span><\/a><span> , p\u0159esto plat\u00ed lv\u00ed pod\u00edl na bydlen\u00ed, vzd\u011bl\u00e1n\u00ed a dal\u0161\u00edch soci\u00e1ln\u00edch n\u00e1kladech t\u011bchto nov\u011b p\u0159\u00edchoz\u00edch.<\/span><\/p>\n<p><img decoding=\"async\" loading=\"lazy\" class=\"alignnone size-full wp-image-1185\" src=\"http:\/\/www.infokuryr.cz\/n\/wp-content\/uploads\/2021\/04\/kuryr-podpis.png\" alt=\"\" width=\"84\" height=\"24\" \/><\/p>\n<p>&nbsp;<\/p>\n<p>&nbsp;<\/p>\n<p><img decoding=\"async\" loading=\"lazy\" class=\"wp-image-19187 aligncenter\" src=\"http:\/\/www.infokuryr.cz\/n\/wp-content\/uploads\/2022\/12\/1-PRO-300x36.jpg\" alt=\"\" width=\"1258\" height=\"151\" srcset=\"https:\/\/www.infokuryr.cz\/n\/wp-content\/uploads\/2022\/12\/1-PRO-300x36.jpg 300w, https:\/\/www.infokuryr.cz\/n\/wp-content\/uploads\/2022\/12\/1-PRO.jpg 699w\" sizes=\"(max-width: 1258px) 100vw, 1258px\" \/><\/p>\n<p>&nbsp;<\/p>\n<p>&nbsp;<\/p>\n","protected":false},"excerpt":{"rendered":"<p>V\u00edce migrant\u016f znamen\u00e1 v\u00edce pen\u011bz pro rozlehl\u00e1 sdru\u017een\u00ed, kter\u00e1 se objevuj\u00ed, aby se postarala o&#8230;<\/p>\n","protected":false},"author":2,"featured_media":14972,"comment_status":"closed","ping_status":"closed","sticky":false,"template":"","format":"standard","meta":[],"categories":[7],"tags":[130,119,69,90],"_links":{"self":[{"href":"https:\/\/www.infokuryr.cz\/n\/wp-json\/wp\/v2\/posts\/26818"}],"collection":[{"href":"https:\/\/www.infokuryr.cz\/n\/wp-json\/wp\/v2\/posts"}],"about":[{"href":"https:\/\/www.infokuryr.cz\/n\/wp-json\/wp\/v2\/types\/post"}],"author":[{"embeddable":true,"href":"https:\/\/www.infokuryr.cz\/n\/wp-json\/wp\/v2\/users\/2"}],"replies":[{"embeddable":true,"href":"https:\/\/www.infokuryr.cz\/n\/wp-json\/wp\/v2\/comments?post=26818"}],"version-history":[{"count":0,"href":"https:\/\/www.infokuryr.cz\/n\/wp-json\/wp\/v2\/posts\/26818\/revisions"}],"wp:featuredmedia":[{"embeddable":true,"href":"https:\/\/www.infokuryr.cz\/n\/wp-json\/wp\/v2\/media\/14972"}],"wp:attachment":[{"href":"https:\/\/www.infokuryr.cz\/n\/wp-json\/wp\/v2\/media?parent=26818"}],"wp:term":[{"taxonomy":"category","embeddable":true,"href":"https:\/\/www.infokuryr.cz\/n\/wp-json\/wp\/v2\/categories?post=26818"},{"taxonomy":"post_tag","embeddable":true,"href":"https:\/\/www.infokuryr.cz\/n\/wp-json\/wp\/v2\/tags?post=26818"}],"curies":[{"name":"wp","href":"https:\/\/api.w.org\/{rel}","templated":true}]}}