{"id":26814,"date":"2023-04-25T01:04:15","date_gmt":"2023-04-24T23:04:15","guid":{"rendered":"http:\/\/www.infokuryr.cz\/n\/?p=26814"},"modified":"2023-04-24T13:38:03","modified_gmt":"2023-04-24T11:38:03","slug":"britska-strana-by-mela-byt-opatrna-ve-slovech","status":"publish","type":"post","link":"https:\/\/www.infokuryr.cz\/n\/2023\/04\/25\/britska-strana-by-mela-byt-opatrna-ve-slovech\/","title":{"rendered":"Britsk\u00e1 strana by m\u011bla b\u00fdt opatrn\u00e1 ve slovech"},"content":{"rendered":"<div id=\"fb-root\"><\/div>\n<p data-spm-anchor-id=\"C01140752918.PGN0TCDk84cd.0.i1\">Britsk\u00fd ministr zahrani\u010d\u00ed ned\u00e1vno u\u010dinil nevhodn\u00e9 pozn\u00e1mky k ot\u00e1zce Tchaj-wanu. V reakci na to mluv\u010d\u00ed \u010d\u00ednsk\u00e9ho ministerstva zahrani\u010d\u00ed Mao Ning uvedla, \u017ee britsk\u00fd ministr zahrani\u010d\u00ed by se m\u011bl jasn\u011b dou\u010dit lekci z historie. Princip jedn\u00e9 \u010c\u00edny je politick\u00fdm z\u00e1kladem a p\u0159edpokladem pro nav\u00e1z\u00e1n\u00ed a rozvoj diplomatick\u00fdch vztah\u016f mezi \u010c\u00ednou a Spojen\u00fdm kr\u00e1lovstv\u00edm.<\/p>\n<p>Mao Ning zd\u016fraznila, \u017ee tchajwansk\u00e1 ot\u00e1zka je \u010dist\u011b vnit\u0159n\u00ed z\u00e1le\u017eitost\u00ed \u010c\u00edny a za jej\u00ed \u0159e\u0161en\u00ed je zodpov\u011bdn\u00fd samotn\u00fd \u010d\u00ednsk\u00fd lid a \u017e\u00e1dn\u00e1 ciz\u00ed zem\u011b do toho nem\u00e1 pr\u00e1vo zasahovat. Mao Ning douf\u00e1, \u017ee britsk\u00e1 strana bude opatrn\u00e1 ve sv\u00fdch slovech a \u010dinech v t\u00e9to z\u00e1sadn\u00ed ot\u00e1zce spr\u00e1vn\u00e9ho a \u0161patn\u00e9ho.<\/p>\n<p>Report\u00e9r uvedl, \u017ee se objevily zpr\u00e1vy, \u017ee Spojen\u00e9 st\u00e1ty nal\u00e9haj\u00ed na Korejskou republiku, aby neroz\u0161i\u0159ovala prodej v \u010c\u00edn\u011b, aby zaplnila nedostatek \u010dip\u016f, pokud \u010c\u00edna zak\u00e1\u017ee spole\u010dnosti Micron prod\u00e1vat pam\u011b\u0165ov\u00e9 \u010dipy. Jak\u00fd je k tomu koment\u00e1\u0159 mluv\u010d\u00ed?<\/p>\n<p data-spm-anchor-id=\"C01140752918.PGN0TCDk84cd.0.i2\">Mao Ning se vyslovila v tom smyslu, \u017ee \u010c\u00edna opakovan\u011b vyj\u00e1d\u0159ila sv\u016fj postoj ke kontrole v\u00fdvozu \u010dip\u016f z USA do \u010c\u00edny. Spojen\u00e9 st\u00e1ty, aby udr\u017eely svou vlastn\u00ed hegemonii a vlastn\u00ed z\u00e1jmy, siln\u011b podporuj\u00ed \u201eodd\u011blen\u00ed a p\u0159eru\u0161en\u00ed \u0159et\u011bzc\u016f\u201c a nev\u00e1haj\u00ed donutit sv\u00e9 spojence, aby spolupracovali se Spojen\u00fdmi st\u00e1ty p\u0159i omezov\u00e1n\u00ed \u010c\u00edny. To v\u00e1\u017en\u011b poru\u0161uje z\u00e1sady tr\u017en\u00edho hospod\u00e1\u0159stv\u00ed a mezin\u00e1rodn\u00ed ekonomick\u00e1 a obchodn\u00ed pravidla, naru\u0161uje to stabilitu glob\u00e1ln\u00edch v\u00fdrobn\u00edch a dodavatelsk\u00fdch \u0159et\u011bzc\u016f a po\u0161kozuje to z\u00e1jmy podnik\u016f v r\u016fzn\u00fdch zem\u00edch, v\u010detn\u011b \u010c\u00edny. Jedn\u00e1 se o typickou praxi hegemonie ve v\u011bd\u011b a technologi\u00edch a obchodn\u00edho protekcionismu. Vyz\u00fdv\u00e1me p\u0159\u00edslu\u0161n\u00e9 vl\u00e1dy a podniky, aby rozli\u0161ily dobr\u00e9 od \u0161patn\u00e9ho, spole\u010dn\u011b chr\u00e1nily multilater\u00e1ln\u00ed obchodn\u00ed syst\u00e9m a udr\u017eovaly stabilitu glob\u00e1ln\u00edho pr\u016fmyslov\u00e9ho a dodavatelsk\u00e9ho \u0159et\u011bzce.<\/p>\n<p data-spm-anchor-id=\"C01140752918.PGN0TCDk84cd.0.i2\"><img decoding=\"async\" loading=\"lazy\" class=\"alignnone size-full wp-image-1185\" src=\"http:\/\/www.infokuryr.cz\/n\/wp-content\/uploads\/2021\/04\/kuryr-podpis.png\" alt=\"\" width=\"84\" height=\"24\" \/><\/p>\n<p data-spm-anchor-id=\"C01140752918.PGN0TCDk84cd.0.i2\">\n<p data-spm-anchor-id=\"C01140752918.PGN0TCDk84cd.0.i2\"><img decoding=\"async\" loading=\"lazy\" class=\"wp-image-19187 aligncenter\" src=\"http:\/\/www.infokuryr.cz\/n\/wp-content\/uploads\/2022\/12\/1-PRO-300x36.jpg\" alt=\"\" width=\"1300\" height=\"156\" srcset=\"https:\/\/www.infokuryr.cz\/n\/wp-content\/uploads\/2022\/12\/1-PRO-300x36.jpg 300w, https:\/\/www.infokuryr.cz\/n\/wp-content\/uploads\/2022\/12\/1-PRO.jpg 699w\" sizes=\"(max-width: 1300px) 100vw, 1300px\" \/><\/p>\n<p data-spm-anchor-id=\"C01140752918.PGN0TCDk84cd.0.i2\">\n<p data-spm-anchor-id=\"C01140752918.PGN0TCDk84cd.0.i2\">\n","protected":false},"excerpt":{"rendered":"<p>Britsk\u00fd ministr zahrani\u010d\u00ed ned\u00e1vno u\u010dinil nevhodn\u00e9 pozn\u00e1mky k ot\u00e1zce Tchaj-wanu. V reakci na to mluv\u010d\u00ed&#8230;<\/p>\n","protected":false},"author":2,"featured_media":22666,"comment_status":"closed","ping_status":"closed","sticky":false,"template":"","format":"standard","meta":[],"categories":[7],"tags":[30,333,303],"_links":{"self":[{"href":"https:\/\/www.infokuryr.cz\/n\/wp-json\/wp\/v2\/posts\/26814"}],"collection":[{"href":"https:\/\/www.infokuryr.cz\/n\/wp-json\/wp\/v2\/posts"}],"about":[{"href":"https:\/\/www.infokuryr.cz\/n\/wp-json\/wp\/v2\/types\/post"}],"author":[{"embeddable":true,"href":"https:\/\/www.infokuryr.cz\/n\/wp-json\/wp\/v2\/users\/2"}],"replies":[{"embeddable":true,"href":"https:\/\/www.infokuryr.cz\/n\/wp-json\/wp\/v2\/comments?post=26814"}],"version-history":[{"count":0,"href":"https:\/\/www.infokuryr.cz\/n\/wp-json\/wp\/v2\/posts\/26814\/revisions"}],"wp:featuredmedia":[{"embeddable":true,"href":"https:\/\/www.infokuryr.cz\/n\/wp-json\/wp\/v2\/media\/22666"}],"wp:attachment":[{"href":"https:\/\/www.infokuryr.cz\/n\/wp-json\/wp\/v2\/media?parent=26814"}],"wp:term":[{"taxonomy":"category","embeddable":true,"href":"https:\/\/www.infokuryr.cz\/n\/wp-json\/wp\/v2\/categories?post=26814"},{"taxonomy":"post_tag","embeddable":true,"href":"https:\/\/www.infokuryr.cz\/n\/wp-json\/wp\/v2\/tags?post=26814"}],"curies":[{"name":"wp","href":"https:\/\/api.w.org\/{rel}","templated":true}]}}